{"id":7631,"date":"2016-01-07T09:50:22","date_gmt":"2016-01-07T17:50:22","guid":{"rendered":"http:\/\/13.53.127.146\/?p=7631"},"modified":"2023-02-11T19:44:39","modified_gmt":"2023-02-12T03:44:39","slug":"kolilla-kylpemassa","status":"publish","type":"post","link":"https:\/\/www.vuosiamaailmalla.fi\/blog\/2016\/kolilla-kylpemassa\/","title":{"rendered":"El\u00e4myskylpy Kolilla"},"content":{"rendered":"<p style=\"text-align: justify;\">Joululoma on j\u00e4lleen ohitse ja olemme takaisin Kanadassa. Kahden ja puolen viikon mittaisen loman aikana ehdimme tehd\u00e4 monenmoista ja yksi erityisen kiintoisa retki oli vierailu pitk\u00e4st\u00e4 aikaa Lieksassa sijaitsevalla kauniilla Kolilla. Edellisest\u00e4 vierailustamme olikin ehtinyt kulua jo viisi vuotta, kun jouluna 2010 <a href=\"https:\/\/www.vuosiamaailmalla.fi\/?p=1492\">laskettelimme Ukko-Kolin rinteiss\u00e4<\/a>.<\/p>\n<p><!--more--><\/p>\n<p style=\"text-align: justify;\">Ite Kolin vaaramaisema ei ole muuttunut sittemmin, mutta <a href=\"https:\/\/www.vuosiamaailmalla.fi\/?p=7618\">lumeton talvi<\/a> on aiheuttanut sen ettei edes 347 metri\u00e4 korkealla Kolilla ollut joulun v\u00e4lip\u00e4ivin\u00e4 mainittavasti lunta. Normaalistihan Kolilla nautitaan runsaasta lumentulosta ja puut ovat paksun lumen peitossa. T\u00e4st\u00e4 seikasta huolimatta kiipesimme silti Ukko-Kolin huipulle ihailemaan kansallismaisemaa Pieliselle. Suuri j\u00e4rvi oli saanut ylleen jo j\u00e4\u00e4peitteen, mutta Euroopan pisimm\u00e4n j\u00e4\u00e4tien avautuminen Lieksaan on viel\u00e4 monen viikon p\u00e4\u00e4ss\u00e4.<\/p>\n<p style=\"text-align: center;\"><a href=\"\/blog\/wp-content\/uploads\/2015\/koli_panoraama.jpg\"><img decoding=\"async\" style=\"border: 0px none; margin: 5px;\" src=\"\/blog\/wp-content\/uploads\/2015\/koli_panoraama_pieni.jpg\" alt=\"\" \/><\/a><\/p>\n<p style=\"text-align: center;\"><em>Kolin kansallismaisema<\/em><\/p>\n<p style=\"text-align: justify;\">Vaikka vaaran huipulla ei ollutkaan lunta, oli siell\u00e4 silti j\u00e4ist\u00e4 ja varovaisesti k\u00e4vimme katsomassa my\u00f6s hieman matalamman Akka-Kolin huipulta toiseen ilmansuuntaan aukeavat maisemat. Vaikka kello oli vasta v\u00e4h\u00e4n yli kaksi iltap\u00e4iv\u00e4ll\u00e4, oli <a href=\"https:\/\/www.vuosiamaailmalla.fi\/?p=7610\">keskitalven aurinko<\/a> jo melkein laskeutunut horisontin taakse.<\/p>\n<p style=\"text-align: center;\"><a href=\"\/blog\/wp-content\/uploads\/2015\/akka-kolin_maisema1.jpg\"><img decoding=\"async\" style=\"border: 0px none; margin: 5px;\" src=\"\/blog\/wp-content\/uploads\/2015\/thumbs\/thumbs_akka-kolin_maisema1.jpg\" alt=\"\" \/><\/a><a href=\"\/blog\/wp-content\/uploads\/2015\/akka-kolin_maisema2.jpg\"><img decoding=\"async\" style=\"border: 0px none; margin: 5px;\" src=\"\/blog\/wp-content\/uploads\/2015\/thumbs\/thumbs_akka-kolin_maisema2.jpg\" alt=\"\" \/><\/a><\/p>\n<p style=\"text-align: center;\"><em>Auringonlasku Akka-Kolilla<\/em><\/p>\n<p style=\"text-align: justify;\">Pime\u00e4 laskeutuikin pian, mit\u00e4 pakenimme Kolin huipulla sijaitsevan <em>Sokos Hotellin<\/em> sis\u00e4lle l\u00e4mpim\u00e4\u00e4n. Hotelli on remontoitu vain muutama vuosi sitten ja nautimmekin hotellin ravintolassa maukkaan p\u00e4iv\u00e4llisen. Suomalaisista makupaloista muodostuva ruoka oli eritt\u00e4in hyv\u00e4\u00e4 ja j\u00e4tti hyv\u00e4n fiiliksen, vaikka itse palvelu olikin pohjoisamerikkalaiseen palveluun tottuneelle hieman hidasta.<\/p>\n<p style=\"text-align: center;\"><a href=\"\/blog\/wp-content\/uploads\/2015\/koli_sapuska1.jpg\"><img decoding=\"async\" style=\"border: 0px none; margin: 5px;\" src=\"\/blog\/wp-content\/uploads\/2015\/thumbs\/thumbs_koli_sapuska1.jpg\" alt=\"\" \/><\/a><a href=\"\/blog\/wp-content\/uploads\/2015\/koli_sapuska2.jpg\"><img decoding=\"async\" style=\"border: 0px none; margin: 5px;\" src=\"\/blog\/wp-content\/uploads\/2015\/thumbs\/thumbs_koli_sapuska2.jpg\" alt=\"\" \/><\/a><\/p>\n<p style=\"text-align: center;\"><em>Hyv\u00e4 ruoka hotellilla<\/em><\/p>\n<p style=\"text-align: justify;\">Sokos Hotel on saanut oheensa my\u00f6s uuden <em><a href=\"https:\/\/kolirelaxspa.fi\/\">Koli Relax Spa<\/a><\/em> nimisen kylpyl\u00e4n, jota p\u00e4\u00e4timme appiukon kanssa kokeilla. Kyse on aivan uudesta kylpyl\u00e4konseptista, jossa lapsiperheill\u00e4 on p\u00e4\u00e4sy kylpyl\u00e4\u00e4n vain kello nelj\u00e4\u00e4n saakka, jonka j\u00e4lkeen se on K-18. Jokaiselle vieraalle ojennetaan my\u00f6s saunakiulu, jossa on kaksi juomalasia j\u00e4iss\u00e4 sek\u00e4 vapaavalintainen shampanja-, viini- tai mehupullo. Juomat nautitaan tunnelmallisen h\u00e4m\u00e4r\u00e4sti valaistun kylpyl\u00e4n tiloissa, joihin kuuluu useita suihkuja, altaita sek\u00e4 saunoja.<\/p>\n<p style=\"text-align: center;\"><a href=\"\/blog\/wp-content\/uploads\/2015\/kylpylan_pohjapiirros.jpg\"><img decoding=\"async\" style=\"border: 0px none; margin: 5px;\" src=\"\/blog\/wp-content\/uploads\/2015\/kylpylan_pohjapiirros.jpg\" alt=\"\" \/><\/a><\/p>\n<p style=\"text-align: justify;\">Altaita on niin l\u00e4mpimi\u00e4 kuin kylmi\u00e4kin, veden l\u00e4mp\u00f6tilan vaihdellessa +7 ja +34 asteen v\u00e4lill\u00e4. Yhdess\u00e4 altaassa on tarjolla my\u00f6s vedenalaista musiikkia sek\u00e4 v\u00e4rikk\u00e4it\u00e4 valoja, jotka yhdess\u00e4 luovat rennon tunnelman.<\/p>\n<p style=\"text-align: center;\"><a href=\"\/blog\/wp-content\/uploads\/2015\/koli_relax_spa2.jpg\"><img decoding=\"async\" style=\"border: 0px none; margin: 5px;\" src=\"\/blog\/wp-content\/uploads\/2015\/koli_relax_spa2.jpg\" alt=\"\" \/><br \/>\n<\/a><a href=\"\/blog\/wp-content\/uploads\/2015\/koli_relax_spa6.jpg\"><img decoding=\"async\" style=\"border: 0px none; margin: 5px;\" src=\"\/blog\/wp-content\/uploads\/2015\/koli_relax_spa6.jpg\" alt=\"\" \/><\/a><\/p>\n<p style=\"text-align: justify;\">My\u00f6s kylpyl\u00e4n suihkut ovat kaukana normaalista, sill\u00e4 ne ovat erikoisia el\u00e4myssuihkuja, joissa valitaan suihkuohjelma nelj\u00e4st\u00e4 eri valinnasta. Valintoja ovat esimerkiksi kukilta tuoksuva sademets\u00e4, viile\u00e4 valtameren sumu sek\u00e4 ukkosmyrsky Karibialla. Valinnan mukaan katossa ja sivustoilla sijaitsevista suuttimista tulee vuoroin sek\u00e4 yhdess\u00e4 kylm\u00e4\u00e4 ja l\u00e4mmint\u00e4 vett\u00e4 sek\u00e4 vesisumua, samaan aikaan kun kaiuttimista soljuu valittuun ohjelmaan liittyv\u00e4\u00e4 \u00e4\u00e4nimaisemaa. Suihkut on my\u00f6s valaistu vaihtelevilla valoilla sek\u00e4 v\u00e4reill\u00e4, ja esimerkiksi ukkosmyrskyn aikana koko suihkukoppi salamoi. \ud83d\ude2e<\/p>\n<p style=\"text-align: center;\"><a href=\"\/blog\/wp-content\/uploads\/2015\/koli_relax_spa5.jpg\"><img decoding=\"async\" style=\"border: 0px none; margin: 5px;\" src=\"\/blog\/wp-content\/uploads\/2015\/koli_relax_spa5.jpg\" alt=\"\" \/><\/a><\/p>\n<p style=\"text-align: justify;\">Kylpyl\u00e4ss\u00e4 on yhteens\u00e4 kolme saunaa, jotka ovat 40, 60 ja 80 asteisia. N\u00e4ist\u00e4 ensimm\u00e4isen piti olla h\u00f6yrysauna, mutta meist\u00e4 se oli vain viile\u00e4 koppi. Toisesta saunasta l\u00f6ytyi jo l\u00e4mp\u00f6\u00e4kin ja sen erikoisuus on erilaisten tuoksujen yhdisteleminen. Kaikkein l\u00e4mpimin sauna on todellinen suomalainen sauna, jonka erikoisuus ovat j\u00e4\u00e4hdytetyt kivilauteet, jollaisia ei ole tullut aiemmin n\u00e4hty\u00e4. Vain hitusen viile\u00e4t lauteet tuntuvat kuitenkin j\u00e4nn\u00e4lt\u00e4 muuten l\u00e4mpim\u00e4ss\u00e4 saunassa, jossa saa my\u00f6s heitt\u00e4\u00e4 itse vett\u00e4.<\/p>\n<p style=\"text-align: center;\"><a href=\"\/blog\/wp-content\/uploads\/2015\/koli_relax_spa1.jpg\"><img decoding=\"async\" style=\"border: 0px none; margin: 5px;\" src=\"\/blog\/wp-content\/uploads\/2015\/koli_relax_spa1.jpg\" alt=\"\" \/><\/a><br \/>\n<a href=\"\/blog\/wp-content\/uploads\/2015\/koli_relax_spa3.jpg\"><img decoding=\"async\" style=\"border: 0px none; margin: 5px;\" src=\"\/blog\/wp-content\/uploads\/2015\/koli_relax_spa3.jpg\" alt=\"\" \/><\/a><\/p>\n<p style=\"text-align: justify;\">Kylpyl\u00e4n ulkoterassilla voi paeta pakkasta kolmeen l\u00e4mmitettyyn porealtaaseen ja ihailla samalla upeaa Pielisen maisemaa. Maisemaa voi ihailla my\u00f6s sis\u00e4puolen rentoutumishuoneesta, l\u00e4mmitetyill\u00e4 penkeill\u00e4 rauhallisesti maaten ja juomia sippaillen. Rohkeimmat poistuvat kylpyl\u00e4st\u00e4 erityisen kylm\u00e4suihkun kautta, jossa katosta roikkuvasta vivusta vet\u00e4istess\u00e4 p\u00e4\u00e4lle kaadetaan saavillinen j\u00e4\u00e4kylm\u00e4\u00e4 vett\u00e4. Melkoista shokkihoitoa loppuun siis! \ud83d\ude00<\/p>\n<p style=\"text-align: center;\"><a href=\"\/blog\/wp-content\/uploads\/2015\/koli_relax_spa4.jpg\"><img decoding=\"async\" style=\"border: 0px none; margin: 5px;\" src=\"\/blog\/wp-content\/uploads\/2015\/koli_relax_spa4.jpg\" alt=\"\" \/><\/a><\/p>\n<p style=\"text-align: justify;\">Koli Relax Spa oli mielest\u00e4ni aivan mahtava, enk\u00e4 ole vieraillut koskaan yht\u00e4 laadukkaassa kylpyl\u00e4ss\u00e4. Kaikki oli uutta ja tyylill\u00e4 tehty\u00e4, ja laadukas kylpyl\u00e4 vetoaa varmasti It\u00e4-Suomessa t\u00e4rkeisiin ven\u00e4l\u00e4isiin turisteihin. Voinkin suositella kylpyl\u00e4vierailua l\u00e4mpim\u00e4sti kaikille Kolilla vieraileville, siit\u00e4kin huolimatta ett\u00e4 p\u00e4\u00e4sylippu maksaa S-korttilaisille 36 euroa ja kortittomille muutama euroa lis\u00e4\u00e4. Meill\u00e4 vier\u00e4hti kylpyl\u00e4ss\u00e4 melkein kaksi tuntia, jolloin hintaa ei voi pit\u00e4\u00e4 pahana.<\/p>\n<p style=\"text-align: center;\"><iframe loading=\"lazy\" src=\"https:\/\/www.youtube-nocookie.com\/embed\/PavcsCZIO1o?rel=0\" width=\"640\" height=\"360\" frameborder=\"0\" allowfullscreen=\"allowfullscreen\"><\/iframe><\/p>\n<p style=\"text-align: justify;\">Vierailumme Kolilla monen vuoden tauon j\u00e4lkeen oli upea ja olin todella vaikuttunut paikan viimeaikaisista <a title=\"Joululoma nostalgisissa merkeiss\u00e4\" href=\"https:\/\/www.vuosiamaailmalla.fi\/?p=10512\">panostuksista matkailuun<\/a>. Kolia kelpaa kyll\u00e4 esitell\u00e4 my\u00f6s ulkomaalaisille vieraille, jotka pit\u00e4v\u00e4t paikkaa varmasti eksoottisena. Siit\u00e4kin huolimatta, ett\u00e4 itse vaara tuntuu hieman matalalta oikeisiin vuoriin tottuneelle. \ud83d\ude09<\/p>\n","protected":false},"excerpt":{"rendered":"<p>Joululoma on j\u00e4lleen ohitse ja olemme takaisin Kanadassa. Kahden ja puolen viikon mittaisen loman aikana ehdimme tehd\u00e4 monenmoista ja yksi erityisen kiintoisa retki oli vierailu pitk\u00e4st\u00e4 aikaa Lieksassa sijaitsevalla kauniilla Kolilla. Edellisest\u00e4 vierailustamme olikin ehtinyt kulua jo viisi vuotta, kun jouluna 2010 laskettelimme Ukko-Kolin rinteiss\u00e4.<\/p>\n","protected":false},"author":1,"featured_media":8588,"comment_status":"open","ping_status":"open","sticky":false,"template":"","format":"standard","meta":{"_jetpack_memberships_contains_paid_content":false,"footnotes":""},"categories":[7,885],"tags":[167,1064,1477,198],"class_list":["post-7631","post","type-post","status-publish","format-standard","has-post-thumbnail","hentry","category-matkakertomukset","category-suomi","tag-koli","tag-koli-relax-spa","tag-kylpyla","tag-suomi"],"jetpack_featured_media_url":"https:\/\/www.vuosiamaailmalla.fi\/blog\/wp-content\/uploads\/koli_panoraama_banner.jpg","jetpack_sharing_enabled":true,"_links":{"self":[{"href":"https:\/\/www.vuosiamaailmalla.fi\/blog\/wp-json\/wp\/v2\/posts\/7631","targetHints":{"allow":["GET"]}}],"collection":[{"href":"https:\/\/www.vuosiamaailmalla.fi\/blog\/wp-json\/wp\/v2\/posts"}],"about":[{"href":"https:\/\/www.vuosiamaailmalla.fi\/blog\/wp-json\/wp\/v2\/types\/post"}],"author":[{"embeddable":true,"href":"https:\/\/www.vuosiamaailmalla.fi\/blog\/wp-json\/wp\/v2\/users\/1"}],"replies":[{"embeddable":true,"href":"https:\/\/www.vuosiamaailmalla.fi\/blog\/wp-json\/wp\/v2\/comments?post=7631"}],"version-history":[{"count":1,"href":"https:\/\/www.vuosiamaailmalla.fi\/blog\/wp-json\/wp\/v2\/posts\/7631\/revisions"}],"predecessor-version":[{"id":13035,"href":"https:\/\/www.vuosiamaailmalla.fi\/blog\/wp-json\/wp\/v2\/posts\/7631\/revisions\/13035"}],"wp:featuredmedia":[{"embeddable":true,"href":"https:\/\/www.vuosiamaailmalla.fi\/blog\/wp-json\/wp\/v2\/media\/8588"}],"wp:attachment":[{"href":"https:\/\/www.vuosiamaailmalla.fi\/blog\/wp-json\/wp\/v2\/media?parent=7631"}],"wp:term":[{"taxonomy":"category","embeddable":true,"href":"https:\/\/www.vuosiamaailmalla.fi\/blog\/wp-json\/wp\/v2\/categories?post=7631"},{"taxonomy":"post_tag","embeddable":true,"href":"https:\/\/www.vuosiamaailmalla.fi\/blog\/wp-json\/wp\/v2\/tags?post=7631"}],"curies":[{"name":"wp","href":"https:\/\/api.w.org\/{rel}","templated":true}]}}