{"id":7667,"date":"2009-06-17T14:31:05","date_gmt":"2009-06-17T21:31:05","guid":{"rendered":"http:\/\/13.53.127.146\/?p=7667"},"modified":"2016-10-16T17:36:25","modified_gmt":"2016-10-17T00:36:25","slug":"potsdamin-palatseja-seka-risteily-spreella","status":"publish","type":"post","link":"https:\/\/www.vuosiamaailmalla.fi\/blog\/2009\/potsdamin-palatseja-seka-risteily-spreella\/","title":{"rendered":"Potsdamin palatseja sek\u00e4 risteily Spreell\u00e4"},"content":{"rendered":"<p style=\"text-align: justify;\">Saimme viime viikolla luoksemme tuttuja vieraita, kun Niinan vanhemmat saapuivat luoksemme pitk\u00e4ksi viikonlopuksi. Heille visiitti Berliiniss\u00e4 oli jo toinen t\u00e4\u00e4ll\u00e4 asumiemme kahden vuoden aikana, joten p\u00e4\u00e4n\u00e4ht\u00e4vyydet oli ehditty jo kiert\u00e4\u00e4 viime vierailulla. Niinp\u00e4 p\u00e4\u00e4timmekin lauantaina l\u00e4hte\u00e4 katsomaan meillekin viel\u00e4 sangen vierasta naapurikaupunki Potsdamia, jossa sijaitsee lukuisia Preussin aikaisia palatseja.<\/p>\n<p><!--more--><\/p>\n<p style=\"text-align: center;\"><a href=\"\/blog\/wp-content\/uploads\/2009\/kahvilla_partsilla.jpg\"><img decoding=\"async\" style=\"border: 0px none; margin: 5px;\" src=\"\/blog\/wp-content\/uploads\/2009\/kahvilla_partsilla.jpg\" alt=\"\" \/><\/a><\/p>\n<p style=\"text-align: center;\"><em>Tuttuja vieraita kes\u00e4matkalla<\/em><\/p>\n<p style=\"text-align: justify;\">Potsdam on 152 000 asukkaan kukoistava kaupunki Berliinin lounaisrajalla. Kaupunki on Berliini\u00e4 ymp\u00e4r\u00f6iv\u00e4n Brandenburgin osavaltion p\u00e4\u00e4kaupunki ja sill\u00e4 on takanaan pitk\u00e4 ja loistokas historia. Postdam on Berliinille v\u00e4h\u00e4n sama mit\u00e4 Windsor on Lontoolle ja Versailles Pariisille, eli historiallisesti merkitt\u00e4v\u00e4 kuninkaiden ja keisareiden entinen asuinpaikka. <a href=\"https:\/\/www.vuosiamaailmalla.fi\/?p=731\">Preussin hallitsijat<\/a> nimitt\u00e4in asuivat Potsdamissa aina ensimm\u00e4isen maailmansodan p\u00e4\u00e4ttymiseen ja Preussin vallan p\u00e4\u00e4ttymiseen saakka vuonna 1918 ja vuosisatojen loiston j\u00e4ljilt\u00e4 kaupunki on t\u00e4ynn\u00e4 upeita historiallisia rakennuksia.<\/p>\n<p style=\"text-align: justify;\">Toisen maailmansodan j\u00e4lkeisest\u00e4 Saksan jaosta sovittiin liittoutuneiden kesken niinkutsutussa Potsdamin konfrensissa, jossa piirrettyjen rajaviivojen mukaan Potsdamista tuli osa It\u00e4-Saksan DDR:\u00e4\u00e4. Noina vuosikymmenin\u00e4 kaupungin arkkitehtuuri sai valitettavia s\u00e4vyj\u00e4, kun kaupungin keskustaan rakennettiin suuria elementtikerrostaloja, joita on onneksi sittemmin my\u00f6s purettu. Potsdam ei ole kuitenkaan pelk\u00e4st\u00e4\u00e4n historiaansa nojaava kaupunki, vaan se on my\u00f6s kulttuurikeskus ja Babelsbergin kaupunginosassa sijaitsevat Saksan suurimmat elokuvastudiot. Niill\u00e4 syntyy monia saksalaisia tuotantoja ja siell\u00e4 on my\u00f6s kuvattu p\u00e4tki\u00e4 sek\u00e4 tehty erilaisia efektej\u00e4 moniin Hollywood-elokuviin.<\/p>\n<p style=\"text-align: justify;\">Olemme Niinan kanssa k\u00e4yneet Potsdamissa aiemminkin, sill\u00e4 sinne on junalla matkaa kotoamme vain kolmisen varttia. Emme ole kuitenkaan aiemmin vierailleet kuuluisan <em>Sanssoucin<\/em> puiston alueella, jossa kaikki palatsit sijaitsevat. Syyn\u00e4 on ollut halumme s\u00e4\u00e4st\u00e4\u00e4 kohde joidenkin vieraiden tuloon saakka, mihin koitti nyt oiva tilaisuus. Suuren puiston alueella sijaitsee yhteens\u00e4 nelj\u00e4 upeaa palatsia, jotka on kaikki restauroitu entiseen loistoonsa. Puiston alueelle on ilmainen p\u00e4\u00e4sy, mutta palatsien sis\u00e4lle p\u00e4\u00e4semisest\u00e4 joutuu maksamaan. Me tyydyimme t\u00e4ll\u00e4 kertaa vain k\u00e4velem\u00e4\u00e4n suuren puiston alueella ja ihailemaan rakennuksia ulkoap\u00e4in.<\/p>\n<p style=\"text-align: center;\"><a href=\"\/blog\/wp-content\/uploads\/2009\/park_sanssouci_kartta.jpg\"><img decoding=\"async\" style=\"border: 0px none; margin: 5px;\" src=\"\/blog\/wp-content\/uploads\/2009\/park_sanssouci_kartta.jpg\" alt=\"\" \/><\/a><\/p>\n<p style=\"text-align: center;\"><em>Park Sanssoucin kartta<\/em><\/p>\n<p style=\"text-align: center;\"><a href=\"\/blog\/wp-content\/uploads\/2009\/park_sanssouci1.jpg\"><img decoding=\"async\" style=\"border: 0px none; margin: 5px;\" src=\"\/blog\/wp-content\/uploads\/2009\/thumbs\/thumbs_park_sanssouci1.jpg\" alt=\"\" \/><\/a><a href=\"\/blog\/wp-content\/uploads\/2009\/park_sanssouci2.jpg\"><img decoding=\"async\" style=\"border: 0px none; margin: 5px;\" src=\"\/blog\/wp-content\/uploads\/2009\/thumbs\/thumbs_park_sanssouci2.jpg\" alt=\"\" \/><\/a><a href=\"\/blog\/wp-content\/uploads\/2009\/park_sanssouci3.jpg\"><img decoding=\"async\" style=\"border: 0px none; margin: 5px;\" src=\"\/blog\/wp-content\/uploads\/2009\/thumbs\/thumbs_park_sanssouci3.jpg\" alt=\"\" \/><\/a><\/p>\n<p style=\"text-align: center;\"><em>Vehre\u00e4 puisto on ilmainen<\/em><\/p>\n<p style=\"text-align: center;\"><a href=\"\/blog\/wp-content\/uploads\/2009\/park_sanssouci4.jpg\"><img decoding=\"async\" style=\"border: 0px none; margin: 5px;\" src=\"\/blog\/wp-content\/uploads\/2009\/park_sanssouci4.jpg\" alt=\"\" \/><\/a><\/p>\n<p style=\"text-align: center;\"><em>Puistossa on useita suihkul\u00e4hteit\u00e4<\/em><\/p>\n<p style=\"text-align: center;\"><a href=\"\/blog\/wp-content\/uploads\/2009\/tuulimylly.jpg\"><img decoding=\"async\" style=\"border: 0px none; margin: 5px;\" src=\"\/blog\/wp-content\/uploads\/2009\/thumbs\/thumbs_tuulimylly.jpg\" alt=\"\" \/><\/a><\/p>\n<p style=\"text-align: center;\"><em>Tuulimyllykin alueelta l\u00f6ytyy<\/em><\/p>\n<p style=\"text-align: justify;\">Puiston l\u00e4nsiraidalla sijaitseva <em>Neues Palais<\/em> on rakennuksista kaikkein kookkain ja siihen kuuluu kaksi toisistaan erillist\u00e4 rakennusta. Palatsi rakennettiin vuosina 1763-1769 juhlistamaan Pommerin sodan p\u00e4\u00e4ttymist\u00e4 ja Preussin voittoa It\u00e4vallasta. Suuri punertava palatsi on ulkoa hyvin koristeellinen ja siin\u00e4 on yhteens\u00e4 200 huonetta. Komeasta ulkoasustaan huolimatta rakennus ei kuitenkaan toiminut itse kuninkaan asumuksena, vaan sit\u00e4 k\u00e4ytettiin p\u00e4\u00e4asiassa vieraiden majoitustiloina.<\/p>\n<p style=\"text-align: center;\"><a href=\"\/blog\/wp-content\/uploads\/2009\/neues_palais1.jpg\"><img decoding=\"async\" style=\"border: 0px none; margin: 5px;\" src=\"\/blog\/wp-content\/uploads\/2009\/neues_palais1.jpg\" alt=\"\" \/><\/a><\/p>\n<p style=\"text-align: center;\"><em>Valtavan kokoinen Neues Palais<\/em><\/p>\n<p style=\"text-align: center;\"><a href=\"\/blog\/wp-content\/uploads\/2009\/neues_palais5.jpg\"><img decoding=\"async\" style=\"border: 0px none; margin: 5px;\" src=\"\/blog\/wp-content\/uploads\/2009\/thumbs\/thumbs_neues_palais5.jpg\" alt=\"\" \/><\/a><a href=\"\/blog\/wp-content\/uploads\/2009\/neues_palais6.jpg\"><img decoding=\"async\" style=\"border: 0px none; margin: 5px;\" src=\"\/blog\/wp-content\/uploads\/2009\/thumbs\/thumbs_neues_palais6.jpg\" alt=\"\" \/><\/a><a href=\"\/blog\/wp-content\/uploads\/2009\/neues_palais2.jpg\"><img decoding=\"async\" style=\"border: 0px none; margin: 5px;\" src=\"\/blog\/wp-content\/uploads\/2009\/thumbs\/thumbs_neues_palais2.jpg\" alt=\"\" \/><\/a><br \/>\n<a href=\"\/blog\/wp-content\/uploads\/2009\/neues_palais7.jpg\"><img decoding=\"async\" style=\"border: 0px none; margin: 5px;\" src=\"\/blog\/wp-content\/uploads\/2009\/thumbs\/thumbs_neues_palais7.jpg\" alt=\"\" \/><\/a><a href=\"\/blog\/wp-content\/uploads\/2009\/neues_palais4.jpg\"><img decoding=\"async\" style=\"border: 0px none; margin: 5px;\" src=\"\/blog\/wp-content\/uploads\/2009\/thumbs\/thumbs_neues_palais4.jpg\" alt=\"\" \/><\/a><\/p>\n<p style=\"text-align: center;\"><em>Palatsin edustan yksityiskohtia<\/em><\/p>\n<p style=\"text-align: center;\"><a href=\"\/blog\/wp-content\/uploads\/2009\/neues_palais3.jpg\"><img decoding=\"async\" style=\"border: 0px none; margin: 5px;\" src=\"\/blog\/wp-content\/uploads\/2009\/thumbs\/thumbs_neues_palais3.jpg\" alt=\"\" \/><\/a><a href=\"\/blog\/wp-content\/uploads\/2009\/neues_palais8.jpg\"><img decoding=\"async\" style=\"border: 0px none; margin: 5px;\" src=\"\/blog\/wp-content\/uploads\/2009\/thumbs\/thumbs_neues_palais8.jpg\" alt=\"\" \/><\/a><\/p>\n<p style=\"text-align: center;\"><em>Hulppea sivurakennus<\/em><\/p>\n<p style=\"text-align: justify;\">Puiston pohjoislaidalla olevan pienen kukkulan laella sijaitsee puolestaan eksoottisen n\u00e4k\u00f6inen <em>Orangerieschloss<\/em>. Preussin aikaan rakennus toimi ulkomaisten valtiovierailujen p\u00e4\u00e4asiallisena majapaikkana. Vuonna 1864 valmistunut ruskeatiilinen rakennus edustaa muista palatseista sangen poikkeavaa, hieman it\u00e4maista, arkkitehtuuria. Rakennuksen edess\u00e4 on hieno pieni puisto, jonka kulkuk\u00e4yt\u00e4v\u00e4t yhdist\u00e4v\u00e4t sen puiston muihin palatseihin.<\/p>\n<p style=\"text-align: center;\"><a href=\"\/blog\/wp-content\/uploads\/2009\/orangerieschloss5.jpg\"><img decoding=\"async\" style=\"border: 0px none; margin: 5px;\" src=\"\/blog\/wp-content\/uploads\/2009\/thumbs\/thumbs_orangerieschloss5.jpg\" alt=\"\" \/><\/a><a href=\"\/blog\/wp-content\/uploads\/2009\/orangerieschloss4.jpg\"><img decoding=\"async\" style=\"border: 0px none; margin: 5px;\" src=\"\/blog\/wp-content\/uploads\/2009\/thumbs\/thumbs_orangerieschloss4.jpg\" alt=\"\" \/><\/a><a href=\"\/blog\/wp-content\/uploads\/2009\/orangerieschloss2.jpg\"><img decoding=\"async\" style=\"border: 0px none; margin: 5px;\" src=\"\/blog\/wp-content\/uploads\/2009\/thumbs\/thumbs_orangerieschloss2.jpg\" alt=\"\" \/><\/a><br \/>\n<a href=\"\/blog\/wp-content\/uploads\/2009\/orangerieschloss1.jpg\"><img decoding=\"async\" style=\"border: 0px none; margin: 5px;\" src=\"\/blog\/wp-content\/uploads\/2009\/thumbs\/thumbs_orangerieschloss1.jpg\" alt=\"\" \/><\/a><a href=\"\/blog\/wp-content\/uploads\/2009\/orangerieschloss6.jpg\"><img decoding=\"async\" style=\"border: 0px none; margin: 5px;\" src=\"\/blog\/wp-content\/uploads\/2009\/thumbs\/thumbs_orangerieschloss6.jpg\" alt=\"\" \/><\/a><a href=\"\/blog\/wp-content\/uploads\/2009\/orangerieschloss3.jpg\"><img decoding=\"async\" style=\"border: 0px none; margin: 5px;\" src=\"\/blog\/wp-content\/uploads\/2009\/thumbs\/thumbs_orangerieschloss3.jpg\" alt=\"\" \/><\/a><\/p>\n<p style=\"text-align: center;\"><em>It\u00e4maista tyyli\u00e4 henkiv\u00e4 Orangerieschloss<\/em><\/p>\n<p style=\"text-align: justify;\">L\u00e4himp\u00e4n\u00e4 Potsdamin keskustaa, aivan puiston it\u00e4laidalla, sijaitsee itse kuuluisa <em>Schloss Sanssouci<\/em>. Viinik\u00f6ynn\u00f6ksill\u00e4 porrastetulle kukkulalle rakennettu, kooltaan kuitenkin jopa aavistuksen vaatimaton palatsi, toimi Preussin hallitsijoiden virallisena kes\u00e4palatsina. Talvipalatsina toimi Berliinin edesmennyt kuninkaanlinna aivan kotimme vieress\u00e4, jonka paikalla DDR:n hallintorakennus my\u00f6hemmin seisoi. Sanssouci on my\u00f6s <em>UNESCO:n<\/em> maailmanperint\u00f6kohde ja upea n\u00e4ky erityisesti kukkulan juurella sijaitsevalta suurelta suihkul\u00e4hteelt\u00e4 n\u00e4htyn\u00e4.<\/p>\n<p style=\"text-align: center;\"><a href=\"\/blog\/wp-content\/uploads\/2009\/sans_souci9.jpg\"><img decoding=\"async\" style=\"border: 0px none; margin: 5px;\" src=\"\/blog\/wp-content\/uploads\/2009\/thumbs\/thumbs_sans_souci9.jpg\" alt=\"\" \/><\/a><a href=\"\/blog\/wp-content\/uploads\/2009\/sans_souci10.jpg\"><img decoding=\"async\" style=\"border: 0px none; margin: 5px;\" src=\"\/blog\/wp-content\/uploads\/2009\/thumbs\/thumbs_sans_souci10.jpg\" alt=\"\" \/><\/a><a href=\"\/blog\/wp-content\/uploads\/2009\/sans_souci4.jpg\"><img decoding=\"async\" style=\"border: 0px none; margin: 5px;\" src=\"\/blog\/wp-content\/uploads\/2009\/thumbs\/thumbs_sans_souci4.jpg\" alt=\"\" \/><\/a><br \/>\n<a href=\"\/blog\/wp-content\/uploads\/2009\/sans_souci5.jpg\"><img decoding=\"async\" style=\"border: 0px none; margin: 5px;\" src=\"\/blog\/wp-content\/uploads\/2009\/thumbs\/thumbs_sans_souci5.jpg\" alt=\"\" \/><\/a><a href=\"\/blog\/wp-content\/uploads\/2009\/sans_souci6.jpg\"><img decoding=\"async\" style=\"border: 0px none; margin: 5px;\" src=\"\/blog\/wp-content\/uploads\/2009\/thumbs\/thumbs_sans_souci6.jpg\" alt=\"\" \/><\/a><\/p>\n<p style=\"text-align: center;\"><em>Kaunis Scloss Sanssouci<\/em><\/p>\n<p style=\"text-align: center;\"><a href=\"\/blog\/wp-content\/uploads\/2009\/sans_souci2.jpg\"><img decoding=\"async\" style=\"border: 0px none; margin: 5px;\" src=\"\/blog\/wp-content\/uploads\/2009\/sans_souci2.jpg\" alt=\"\" \/><\/a><\/p>\n<p style=\"text-align: center;\"><em>Palatsin viinitarha<\/em><\/p>\n<p style=\"text-align: justify;\">Palatsin ja sit\u00e4 ymp\u00e4r\u00f6iv\u00e4n puiston nimi <em>&#8221;sans souci&#8221;<\/em> on ranskaa ja tarkoittaa &#8221;ilman murheita&#8221;, mik\u00e4 kuvastaa hyvin kuninkaan hovin leppoisaa kes\u00e4ist\u00e4 palatsiel\u00e4m\u00e4\u00e4. Koska Schloss Sanssouci on puiston p\u00e4\u00e4n\u00e4ht\u00e4vyys, on sen ymp\u00e4rill\u00e4 aina vilkas turistikuhina. Ihmismassojen vuoksi emme viitsineetk\u00e4\u00e4n jonottaa palatsikierrokselle, joka olisi ollut tarjolla vasta muutama tuntia my\u00f6hemmin. Nautimmekin omaa huoletonta kes\u00e4p\u00e4iv\u00e4\u00e4mme palatsin edustan marmorisilla penkeill\u00e4 aurinkoa ja valokuvia ottaen. \ud83d\ude1b<\/p>\n<p style=\"text-align: center;\"><a href=\"\/blog\/wp-content\/uploads\/2009\/sans_souci11.jpg\"><img decoding=\"async\" style=\"border: 0px none; margin: 5px;\" src=\"\/blog\/wp-content\/uploads\/2009\/thumbs\/thumbs_sans_souci11.jpg\" alt=\"\" \/><\/a><a href=\"\/blog\/wp-content\/uploads\/2009\/sans_souci7.jpg\"><img decoding=\"async\" style=\"border: 0px none; margin: 5px;\" src=\"\/blog\/wp-content\/uploads\/2009\/thumbs\/thumbs_sans_souci7.jpg\" alt=\"\" \/><\/a><a href=\"\/blog\/wp-content\/uploads\/2009\/sans_souci8.jpg\"><img decoding=\"async\" style=\"border: 0px none; margin: 5px;\" src=\"\/blog\/wp-content\/uploads\/2009\/thumbs\/thumbs_sans_souci8.jpg\" alt=\"\" \/><\/a><\/p>\n<p style=\"text-align: center;\"><em>Turistivilin\u00e4\u00e4 Sanssoucilla<\/em><\/p>\n<p style=\"text-align: center;\"><a href=\"\/blog\/wp-content\/uploads\/2009\/sans_souci3.jpg\"><img decoding=\"async\" style=\"border: 0px none; margin: 5px;\" src=\"\/blog\/wp-content\/uploads\/2009\/thumbs\/thumbs_sans_souci3.jpg\" alt=\"\" \/><\/a><a href=\"\/blog\/wp-content\/uploads\/2009\/sans_souci1.jpg\"><img decoding=\"async\" style=\"border: 0px none; margin: 5px;\" src=\"\/blog\/wp-content\/uploads\/2009\/thumbs\/thumbs_sans_souci1.jpg\" alt=\"\" \/><\/a><\/p>\n<p style=\"text-align: center;\"><em>Huolettoman el\u00e4m\u00e4n kes\u00e4palatsi<\/em><\/p>\n<p style=\"text-align: justify;\">Suuressa puistossa sijaitsee viel\u00e4 muitakin pienempi\u00e4 huvirakennuksia sek\u00e4 palatseista nelj\u00e4s, <em>Schloss Charlottenhof<\/em>, mutta p\u00e4\u00e4timme j\u00e4tt\u00e4\u00e4 n\u00e4m\u00e4 t\u00e4ll\u00e4 kertaa v\u00e4liin. K\u00e4velimmekin takaisin Potsdamin keskustaan, jossa oli vilkas lauantailtap\u00e4iv\u00e4. Kaupungin keskustorin luona sijaitsee my\u00f6s Potsdamin oma <a title=\"Ikoninen Brandenburger Tor\" href=\"https:\/\/www.vuosiamaailmalla.fi\/?p=8080\">Brandenburgin portti<\/a>, jolta kaupungin p\u00e4\u00e4k\u00e4velykatu l\u00e4htee. Koko keskusta on t\u00e4ynn\u00e4 vanhaa ja upeaa arkkitehtuuria, joita on <a href=\"https:\/\/www.vuosiamaailmalla.fi\/?p=1413\">It\u00e4-Saksan kaaduttua<\/a> remontoitu kiivaaseen tahtiin. Valitettavasti toinen maailmansota tuhosi laajoja alueita Potsdamin keskustasta, mutta viime vuosina on alettu j\u00e4lleenrakentamaan monia historiallisia rakennuksia. Esimerkiksi p\u00e4\u00e4rautatieaseman l\u00e4helle on nousemassa uudelleen suuri <em>Stadtschloss<\/em>, joka tuhoutui kokonaan sodan pommituksissa.<\/p>\n<p style=\"text-align: center;\"><a href=\"\/blog\/wp-content\/uploads\/2009\/potsdamin_keskustaa1.jpg\"><img decoding=\"async\" style=\"border: 0px none; margin: 5px;\" src=\"\/blog\/wp-content\/uploads\/2009\/thumbs\/thumbs_potsdamin_keskustaa1.jpg\" alt=\"\" \/><\/a><a href=\"\/blog\/wp-content\/uploads\/2009\/potsdamin_keskustaa3.jpg\"><img decoding=\"async\" style=\"border: 0px none; margin: 5px;\" src=\"\/blog\/wp-content\/uploads\/2009\/thumbs\/thumbs_potsdamin_keskustaa3.jpg\" alt=\"\" \/><\/a><a href=\"\/blog\/wp-content\/uploads\/2009\/potsdamin_portti.jpg\"><img decoding=\"async\" style=\"border: 0px none; margin: 5px;\" src=\"\/blog\/wp-content\/uploads\/2009\/thumbs\/thumbs_potsdamin_portti.jpg\" alt=\"\" \/><\/a><br \/>\n<a href=\"\/blog\/wp-content\/uploads\/2009\/potsdamin_keskustaa4.jpg\"><img decoding=\"async\" style=\"border: 0px none; margin: 5px;\" src=\"\/blog\/wp-content\/uploads\/2009\/thumbs\/thumbs_potsdamin_keskustaa4.jpg\" alt=\"\" \/><\/a><a href=\"\/blog\/wp-content\/uploads\/2009\/potsdamin_keskustaa2.jpg\"><img decoding=\"async\" style=\"border: 0px none; margin: 5px;\" src=\"\/blog\/wp-content\/uploads\/2009\/thumbs\/thumbs_potsdamin_keskustaa2.jpg\" alt=\"\" \/><\/a><\/p>\n<p style=\"text-align: center;\"><em>Kes\u00e4p\u00e4iv\u00e4n vilin\u00e4\u00e4 Potsdamin keskustassa<br \/>\n<\/em><\/p>\n<p style=\"text-align: center;\"><a href=\"\/blog\/wp-content\/uploads\/2009\/potsdam_nikolaikirche2.jpg\"><img decoding=\"async\" style=\"border: 0px none; margin: 5px;\" src=\"\/blog\/wp-content\/uploads\/2009\/thumbs\/thumbs_potsdam_nikolaikirche2.jpg\" alt=\"\" \/><\/a><a href=\"\/blog\/wp-content\/uploads\/2009\/potsdam_nikolaikirche1.jpg\"><img decoding=\"async\" style=\"border: 0px none; margin: 5px;\" src=\"\/blog\/wp-content\/uploads\/2009\/thumbs\/thumbs_potsdam_nikolaikirche1.jpg\" alt=\"\" \/><\/a><\/p>\n<p style=\"text-align: center;\"><em>Kunnostuksen alla oleva Nikolaikirche<\/em><\/p>\n<p style=\"text-align: center;\"><a href=\"\/blog\/wp-content\/uploads\/2009\/potsdam_nikolaikirche3.jpg\"><img decoding=\"async\" style=\"border: 0px none; margin: 5px;\" src=\"\/blog\/wp-content\/uploads\/2009\/potsdam_nikolaikirche3.jpg\" alt=\"\" \/><\/a><\/p>\n<p style=\"text-align: center;\"><em>Kirkon korkea kupoli<\/em><\/p>\n<p style=\"text-align: justify;\">Potsdam on ehdottomasti p\u00e4iv\u00e4retken arvoinen kohde ja sinne helppoa ja edullista matkustaa Berliinist\u00e4 k\u00e4sin. Me pid\u00e4mme kaupungista paljon, sill\u00e4 se edustaa hyvin erilaista mennytt\u00e4 aikakautta kuin nykyisin voimakkaasti kehittyv\u00e4 ja enemm\u00e4n uuteen aikaan panostava p\u00e4\u00e4kaupunki Berliini.<\/p>\n<p style=\"text-align: justify;\">Sunnuntaina vierailimme appiukon kanssa heti aamusta asuntomme l\u00e4hettyvill\u00e4 sijaitsevalla <em>DDR Museumilla<\/em>. T\u00e4m\u00e4 suosittu pieni museo sijaitsee Spreen rannalla ja esittelee it\u00e4saksalaisten arkista eloa. Museo on laadittu hyvin ja tarjolla on paljon tietoa my\u00f6s englanniksi. L\u00e4hettyville sijaitsee my\u00f6s DDR:n moottoripy\u00f6r\u00e4museo, jossa on n\u00e4ht\u00e4vill\u00e4 kymmeni\u00e4 jo edesmenneit\u00e4 it\u00e4saksalaisia mopomerkkej\u00e4. Valitettavasti kummassakaan museossa ei saa valokuvata sis\u00e4ll\u00e4, mutta aiheista kiinnostuneille niit\u00e4 voi suositella l\u00e4mpim\u00e4sti.<\/p>\n<p style=\"text-align: center;\"><a href=\"\/blog\/wp-content\/uploads\/2009\/ddr_museum.jpg\"><img decoding=\"async\" style=\"border: 0px none; margin: 5px;\" src=\"\/blog\/wp-content\/uploads\/2009\/thumbs\/thumbs_ddr_museum.jpg\" alt=\"\" \/><\/a><a href=\"\/blog\/wp-content\/uploads\/2009\/ddr_moottoripyoramuseo.jpg\"><img decoding=\"async\" style=\"border: 0px none; margin: 5px;\" src=\"\/blog\/wp-content\/uploads\/2009\/thumbs\/thumbs_ddr_moottoripyoramuseo.jpg\" alt=\"\" \/><\/a><\/p>\n<p style=\"text-align: center;\"><em>Kaksi suosittua DDR-museota<\/em><\/p>\n<p style=\"text-align: justify;\">Iltap\u00e4iv\u00e4ll\u00e4 suuntasimme koko porukalla Spreen jokiristeilylle. Pitkulat veneet l\u00e4htev\u00e4t aivan Berliinin tuomiokirkon kulmalta ja noin tunnin mittainen risteily kuljettaa <a title=\"Historiallinen asuinkorttelimme Nikolaiviertel\" href=\"https:\/\/www.vuosiamaailmalla.fi\/?p=8515\">historiallisen Nikolaiviertelin<\/a> luota aina hallintokortteleille saakka. Matkan aikana tarjoutuu mahdollisuus n\u00e4hd\u00e4 jo tuttu kaupunki uudesta vinkkelist\u00e4 ja risteilyn (t\u00e4ss\u00e4 tapauksessa saksankielinen) selostus tarjoaa mielenkiintoista lis\u00e4tietoa ymp\u00e4r\u00f6ivist\u00e4 rakennuksista.<\/p>\n<p style=\"text-align: center;\"><a href=\"\/blog\/wp-content\/uploads\/2009\/risteily_spreella5.jpg\"><img decoding=\"async\" style=\"border: 0px none; margin: 5px;\" src=\"\/blog\/wp-content\/uploads\/2009\/thumbs\/thumbs_risteily_spreella5.jpg\" alt=\"\" \/><\/a><a href=\"\/blog\/wp-content\/uploads\/2009\/risteily_spreella6.jpg\"><img decoding=\"async\" style=\"border: 0px none; margin: 5px;\" src=\"\/blog\/wp-content\/uploads\/2009\/thumbs\/thumbs_risteily_spreella6.jpg\" alt=\"\" \/><\/a><\/p>\n<p style=\"text-align: center;\"><em>Risteily tutuissa maisemissa<\/em><\/p>\n<p style=\"text-align: center;\"><a href=\"\/blog\/wp-content\/uploads\/2009\/risteily_spreella1.jpg\"><img decoding=\"async\" style=\"border: 0px none; margin: 5px;\" src=\"\/blog\/wp-content\/uploads\/2009\/thumbs\/thumbs_risteily_spreella1.jpg\" alt=\"\" \/><\/a><a href=\"\/blog\/wp-content\/uploads\/2009\/risteily_spreella3.jpg\"><img decoding=\"async\" style=\"border: 0px none; margin: 5px;\" src=\"\/blog\/wp-content\/uploads\/2009\/thumbs\/thumbs_risteily_spreella3.jpg\" alt=\"\" \/><\/a><\/p>\n<p style=\"text-align: center;\"><em>Berliinin hallintokortteleita<\/em><\/p>\n<p style=\"text-align: justify;\">Risteilyt ovat kes\u00e4isin todella suosittuja ja veneit\u00e4 n\u00e4kyy Spreell\u00e4 joskus jopa ruuhkaksi asti. Tottakai samat n\u00e4ht\u00e4vyydet voi n\u00e4hd\u00e4 my\u00f6s k\u00e4vellen, mutta risteily tarjoaa erilaisen tavan nauttia kauniin kes\u00e4isest\u00e4 Berliinist\u00e4.<\/p>\n<p style=\"text-align: center;\"><a href=\"\/blog\/wp-content\/uploads\/2009\/risteily_spreella2.jpg\"><img decoding=\"async\" style=\"border: 0px none; margin: 5px;\" src=\"\/blog\/wp-content\/uploads\/2009\/thumbs\/thumbs_risteily_spreella2.jpg\" alt=\"\" \/><\/a><a href=\"\/blog\/wp-content\/uploads\/2009\/risteily_spreella7.jpg\"><img decoding=\"async\" style=\"border: 0px none; margin: 5px;\" src=\"\/blog\/wp-content\/uploads\/2009\/thumbs\/thumbs_risteily_spreella7.jpg\" alt=\"\" \/><\/a><\/p>\n<p style=\"text-align: center;\"><em>Kes\u00e4ist\u00e4 ruuhkaa Spreell\u00e4<\/em><\/p>\n<p style=\"text-align: center;\"><a href=\"\/blog\/wp-content\/uploads\/2009\/risteily_spreella4.jpg\"><img decoding=\"async\" style=\"border: 0px none; margin: 5px;\" src=\"\/blog\/wp-content\/uploads\/2009\/risteily_spreella4.jpg\" alt=\"\" \/><\/a><\/p>\n<p style=\"text-align: center;\"><em>Rantabaari<\/em><\/p>\n<p style=\"text-align: justify;\">Mukava risteily p\u00e4\u00e4tti j\u00e4lleen yhden vierailun luonamme, joskin n\u00e4it\u00e4 vieraita n\u00e4hd\u00e4\u00e4n aivan varmasti <a href=\"https:\/\/www.vuosiamaailmalla.fi\/?p=1929\">j\u00e4lleen pian uudelleen<\/a>. \ud83d\ude09<\/p>\n","protected":false},"excerpt":{"rendered":"<p>Saimme viime viikolla luoksemme tuttuja vieraita, kun Niinan vanhemmat saapuivat luoksemme pitk\u00e4ksi viikonlopuksi. Heille visiitti Berliiniss\u00e4 oli jo toinen t\u00e4\u00e4ll\u00e4 asumiemme kahden vuoden aikana, joten p\u00e4\u00e4n\u00e4ht\u00e4vyydet oli ehditty jo kiert\u00e4\u00e4 viime vierailulla. Niinp\u00e4 p\u00e4\u00e4timmekin lauantaina l\u00e4hte\u00e4 katsomaan meillekin viel\u00e4 sangen vierasta naapurikaupunki Potsdamia, jossa sijaitsee lukuisia Preussin aikaisia palatseja.<\/p>\n","protected":false},"author":1,"featured_media":8538,"comment_status":"open","ping_status":"open","sticky":false,"template":"","format":"standard","meta":{"_jetpack_memberships_contains_paid_content":false,"footnotes":""},"categories":[18,3],"tags":[34,49,90,139,1067,1069,1068,228,1065,190,1066,725],"class_list":["post-7667","post","type-post","status-publish","format-standard","has-post-thumbnail","hentry","category-arki-saksassa","category-arki-ulkomailla","tag-arki","tag-berliini","tag-ddr","tag-historiaa-2","tag-neues-palais","tag-nikolaikirche","tag-orangerieschloss","tag-potsdam","tag-risteily","tag-saksa","tag-schloss-sanssouci","tag-vierailu"],"jetpack_featured_media_url":"https:\/\/www.vuosiamaailmalla.fi\/blog\/wp-content\/uploads\/sans_souci_banner.jpg","jetpack_sharing_enabled":true,"_links":{"self":[{"href":"https:\/\/www.vuosiamaailmalla.fi\/blog\/wp-json\/wp\/v2\/posts\/7667","targetHints":{"allow":["GET"]}}],"collection":[{"href":"https:\/\/www.vuosiamaailmalla.fi\/blog\/wp-json\/wp\/v2\/posts"}],"about":[{"href":"https:\/\/www.vuosiamaailmalla.fi\/blog\/wp-json\/wp\/v2\/types\/post"}],"author":[{"embeddable":true,"href":"https:\/\/www.vuosiamaailmalla.fi\/blog\/wp-json\/wp\/v2\/users\/1"}],"replies":[{"embeddable":true,"href":"https:\/\/www.vuosiamaailmalla.fi\/blog\/wp-json\/wp\/v2\/comments?post=7667"}],"version-history":[{"count":0,"href":"https:\/\/www.vuosiamaailmalla.fi\/blog\/wp-json\/wp\/v2\/posts\/7667\/revisions"}],"wp:featuredmedia":[{"embeddable":true,"href":"https:\/\/www.vuosiamaailmalla.fi\/blog\/wp-json\/wp\/v2\/media\/8538"}],"wp:attachment":[{"href":"https:\/\/www.vuosiamaailmalla.fi\/blog\/wp-json\/wp\/v2\/media?parent=7667"}],"wp:term":[{"taxonomy":"category","embeddable":true,"href":"https:\/\/www.vuosiamaailmalla.fi\/blog\/wp-json\/wp\/v2\/categories?post=7667"},{"taxonomy":"post_tag","embeddable":true,"href":"https:\/\/www.vuosiamaailmalla.fi\/blog\/wp-json\/wp\/v2\/tags?post=7667"}],"curies":[{"name":"wp","href":"https:\/\/api.w.org\/{rel}","templated":true}]}}