{"id":7761,"date":"2016-01-21T10:02:54","date_gmt":"2016-01-21T18:02:54","guid":{"rendered":"http:\/\/13.53.127.146\/?p=7761"},"modified":"2022-01-22T11:54:19","modified_gmt":"2022-01-22T19:54:19","slug":"nelja-vuotta-kanadassa","status":"publish","type":"post","link":"https:\/\/www.vuosiamaailmalla.fi\/blog\/2016\/nelja-vuotta-kanadassa\/","title":{"rendered":"Nelj\u00e4 vuotta Kanadassa"},"content":{"rendered":"<p style=\"text-align: justify;\">Tammikuun 21. p\u00e4iv\u00e4 vuonna 2012 on p\u00e4iv\u00e4 jolloin <a title=\"Maahanmuutto bisnesluokassa\" href=\"https:\/\/www.vuosiamaailmalla.fi\/blog\/2012\/maahanmuutto-bisnesluokassa\/\">laskeuduin Vancouverin maaper\u00e4lle<\/a> mukanani <a title=\"Ikuisuusprosessi kanadalaisesta ty\u00f6luvasta\" href=\"https:\/\/www.vuosiamaailmalla.fi\/blog\/2012\/ikuisuusprosessi-kanadalaisesta-tyoluvasta\/\">nivaska muuttopapereita<\/a> ja toive aloittaa uusi el\u00e4m\u00e4 Kanadassa. Niina seurasi per\u00e4ss\u00e4 <a title=\"Sinkkuel\u00e4m\u00e4n loppu\" href=\"https:\/\/www.vuosiamaailmalla.fi\/blog\/2012\/sinkkuelaman-loppu\/\">kaksi viikkoa my\u00f6hemmin<\/a> ja n\u00e4in meill\u00e4 tuleekin nyt t\u00e4yteen jo nelj\u00e4 vuotta t\u00e4\u00e4ll\u00e4 Kanadassa. Se on sangen pitk\u00e4 aika, sill\u00e4 onhan se jo melkein puolet ajasta jonka olemme <a title=\"Yhdeks\u00e4n vuotta maailmalla\" href=\"https:\/\/www.vuosiamaailmalla.fi\/blog\/2015\/yhdeksan-vuotta-maailmalla\/\">viett\u00e4neet ulkomailla<\/a> ja my\u00f6s merkitt\u00e4v\u00e4 osa el\u00e4m\u00e4st\u00e4mme.<\/p>\n<p><!--more--><\/p>\n<p style=\"text-align: justify;\">Mit\u00e4 mahtuikaan nelj\u00e4nteen Vancouverin vuoteemme? Vuosi eteni kuten <a title=\"Kolme vuotta Kanadassa\" href=\"https:\/\/www.vuosiamaailmalla.fi\/blog\/2015\/kolme-vuotta-kanadassa\/\">viime vuonna arvioin<\/a> ja toukokuussa jouduimme todellakin muuttamaan upeasta asunnostamme. Valitettavasti uuden omistajan kanssa ei ollut neuvottelemista j\u00e4rjett\u00f6m\u00e4st\u00e4 31% vuokrankorotuksesta, joten jouduimme pakkaamaan tavaramme ja roudaamaan kaiken varastoon. N\u00e4in siksi, ett\u00e4 <a title=\"Uutta asuntoa etsim\u00e4ss\u00e4 (osa2)\" href=\"https:\/\/www.vuosiamaailmalla.fi\/blog\/2015\/uutta-asuntoa-etsimassa-osa2\/\">kuukausien etsinn\u00e4st\u00e4mme huolimatta<\/a> emme onnistuneet l\u00f6yt\u00e4m\u00e4\u00e4n kelvollista asuntoa, joten jouduimme muuttamaan <a title=\"V\u00e4liaikaista asumista\" href=\"https:\/\/www.vuosiamaailmalla.fi\/blog\/2015\/valiaikaista-asumista\/\">v\u00e4liaikaiseen kalustettuun asuntoon<\/a>, jossa olemme viel\u00e4kin.<\/p>\n<p style=\"text-align: center;\"><a href=\"\/blog\/wp-content\/uploads\/2015\/max_vuoret.jpg\"><img decoding=\"async\" style=\"border: 0px none; margin: 5px;\" src=\"\/blog\/wp-content\/uploads\/2015\/max_vuoret.jpg\" alt=\"\" \/><\/a><\/p>\n<p style=\"text-align: center;\"><em>V\u00e4liaikaisia maisemia<\/em><\/p>\n<p style=\"text-align: justify;\">Valitettavasti Vancouverin vuokramarkkinat ovat menneet viimeisen parin vuoden aikana <a title=\"Karannut kanadalainen unelma\" href=\"https:\/\/www.vuosiamaailmalla.fi\/blog\/2015\/karannut-kanadalainen-unelma\/\">aivan sekaisin<\/a> ja hinnat kohonneet niin mahdottomasti, ett\u00e4 olemme p\u00e4\u00e4tyneet ainakin joksikin aikaa odottelemaan j\u00e4rjen paluuta. Asiaan on my\u00f6s vaikuttanut <a title=\"Sapatin loppu\" href=\"https:\/\/www.vuosiamaailmalla.fi\/blog\/2016\/sapatin-loppu\/\">ty\u00f6kuvioiden uudelleenj\u00e4rjestely<\/a>, mink\u00e4 vuoksi emme ole halunneet viel\u00e4 lukita <a title=\"Muutto Burnabyyn\" href=\"https:\/\/www.vuosiamaailmalla.fi\/blog\/2016\/muutto-uuteen-kotiin\/\">uutta asuinaluettamme<\/a>. Toivon mukaan n\u00e4m\u00e4 asiat saadaan ratkaistua nyt alkuvuonna ja p\u00e4\u00e4semme j\u00e4lleen normaalin arjen pariin.<\/p>\n<p style=\"text-align: center;\"><a href=\"\/blog\/wp-content\/uploads\/2015\/tyhja_cleveland_dam6.jpg\"><img decoding=\"async\" style=\"border: 0px none; margin: 5px;\" src=\"\/blog\/wp-content\/uploads\/2015\/thumbs\/thumbs_tyhja_cleveland_dam6.jpg\" alt=\"\" \/><\/a><a href=\"\/blog\/wp-content\/uploads\/2015\/pakkaspaiva_whistlerilla3.jpg\"><img decoding=\"async\" style=\"border: 0px none; margin: 5px;\" src=\"\/blog\/wp-content\/uploads\/2015\/thumbs\/thumbs_pakkaspaiva_whistlerilla3.jpg\" alt=\"\" \/><\/a><\/p>\n<p style=\"text-align: center;\"><em>Rutikuiva kes\u00e4 sek\u00e4 eeppinen talvi<\/em><\/p>\n<p style=\"text-align: justify;\">Mennyt vuosi n\u00e4ki eritt\u00e4in kauniin ja <a title=\"Nelj\u00e4n kuukauden kuivuus\" href=\"https:\/\/www.vuosiamaailmalla.fi\/blog\/2015\/neljan-kuukauden-kuivuus\/\">kuivan kes\u00e4n<\/a>, mik\u00e4 mahdollisti <a title=\"Py\u00f6r\u00e4ilyhulluus\" href=\"https:\/\/www.vuosiamaailmalla.fi\/blog\/2015\/pyorailyhulluus\/\">py\u00f6r\u00e4ill\u00e4 syd\u00e4mens\u00e4 kyllyydest\u00e4<\/a>. My\u00f6s kuluvasta talvesta n\u00e4ytt\u00e4\u00e4 muodostuvan <a title=\"Kaunis pakkasp\u00e4iv\u00e4 Whistlerill\u00e4\" href=\"https:\/\/www.vuosiamaailmalla.fi\/blog\/2015\/kaunis-pakkaspaiva-whistlerilla\/\">eeppinen laskettelutalvi<\/a>, josta olemmekin yritt\u00e4neet nauttia<a title=\"Mount Bakerin syv\u00e4ss\u00e4 lumihangessa\" href=\"https:\/\/www.vuosiamaailmalla.fi\/blog\/2016\/mount-bakerin-syvissa-hangissa\/\"> t\u00e4ysin rinnoin<\/a>. Kuluneen vuoden aikana ehdimme my\u00f6s matkailla, k\u00e4yty\u00e4mme l\u00e4heisell\u00e4 <a title=\"Kauniilla Sunshine Coastilla\" href=\"https:\/\/www.vuosiamaailmalla.fi\/blog\/2015\/kauniilla-sunshine-coastilla\/\">Sunshine Coastilla<\/a>, <a title=\"Cokiksen alkul\u00e4hteell\u00e4 Atlantassa\" href=\"https:\/\/www.vuosiamaailmalla.fi\/blog\/2015\/cokiksen-alkulahteella-atlantassa\/\">Atlantassa<\/a> sek\u00e4 loppuvuodesta eritt\u00e4in kiehtovassa Chiless\u00e4 sek\u00e4 mystisell\u00e4 P\u00e4\u00e4si\u00e4issaarella. Valitettavasti Niina <a title=\"Sairaalarumba katkenneen ranteen vuoksi\" href=\"https:\/\/www.vuosiamaailmalla.fi\/blog\/2015\/sairaalarumba-katkenneen-ranteen-vuoksi\/\">katkaisi k\u00e4tens\u00e4<\/a> toukokuun matkallamme, mist\u00e4 oli paljon harmia kes\u00e4n aikana, ennen kuin kaikki tuli taas kuntoon. T\u00e4m\u00e4n vuoksi esimerkiksi <a title=\"Vaelluskauden avaus Petgill Lakella\" href=\"https:\/\/www.vuosiamaailmalla.fi\/blog\/2015\/vaelluskauden-avaus-petgill-lakella\/\">vaelluskautemme<\/a> j\u00e4i t\u00e4n\u00e4 vuonna hieman lyhyeksi ainakin edellisvuoteen verrattuna.<\/p>\n<p style=\"text-align: center;\"><a href=\"\/blog\/wp-content\/uploads\/2015\/nicolais_roof_maisema2.jpg\"><img decoding=\"async\" style=\"border: 0px none; margin: 5px;\" src=\"\/blog\/wp-content\/uploads\/2015\/nicolais_roof_maisema2.jpg\" alt=\"\" \/><\/a><\/p>\n<p style=\"text-align: center;\">Syyskuussa k\u00e4ytiin Atlantassa<\/p>\n<p style=\"text-align: center;\"><a href=\"\/blog\/wp-content\/uploads\/2015\/upper_joffre_lake_pose1.jpg\"><img decoding=\"async\" style=\"border: 0px none; margin: 5px;\" src=\"\/blog\/wp-content\/uploads\/2015\/thumbs\/thumbs_upper_joffre_lake_pose1.jpg\" alt=\"\" \/><\/a><a href=\"\/blog\/wp-content\/uploads\/2015\/petgill_lake_huipulla1.jpg\"><img decoding=\"async\" style=\"border: 0px none; margin: 5px;\" src=\"\/blog\/wp-content\/uploads\/2015\/thumbs\/thumbs_petgill_lake_huipulla1.jpg\" alt=\"\" \/><\/a><\/p>\n<p style=\"text-align: center;\"><em>Vuorilla vaeltamassa<\/em><\/p>\n<p style=\"text-align: center;\"><a href=\"\/blog\/wp-content\/uploads\/2015\/eka_kipsi.jpg\"><img decoding=\"async\" style=\"border: 0px none; margin: 5px;\" src=\"\/blog\/wp-content\/uploads\/2015\/eka_kipsi.jpg\" alt=\"\" \/><\/a><\/p>\n<p style=\"text-align: center;\"><em>Katkennut k\u00e4si oli harmillinen<\/em><\/p>\n<p style=\"text-align: justify;\">Alkamassa on nyt jo <a title=\"Viisi vuotta Kanadassa\" href=\"https:\/\/www.vuosiamaailmalla.fi\/blog\/2017\/viisi-vuotta-kanadassa\/\">viides vuosi Kanadassa<\/a> ja onkin kiintoisa n\u00e4hd\u00e4 miten asiat tulevatkaan kehittym\u00e4\u00e4n. <a title=\"Laskeva loonie\" href=\"https:\/\/www.vuosiamaailmalla.fi\/blog\/2016\/laskeva-loonie\/\">Halpeneva dollari<\/a> pit\u00e4\u00e4 meid\u00e4t poissa varmaan ainakin Amerikan puolelta, sill\u00e4 sinne matkustaminen on nykyisin kallista. T\u00e4n\u00e4 vuonna saatammekin suunnata jonnekin p\u00e4in Kanadaa, jossa riitt\u00e4\u00e4 kiintoisia paikkoja n\u00e4hd\u00e4 ja kokea. Tulossa on varmasti kiintoisa muutosten vuosi monenlaisen tekemisen merkeiss\u00e4 ja toivon mukaan teit\u00e4 lukijoita kiinnostaa seurata jatkossakin kuulumisiamme!<\/p>\n","protected":false},"excerpt":{"rendered":"<p>Tammikuun 21. p\u00e4iv\u00e4 vuonna 2012 on p\u00e4iv\u00e4 jolloin laskeuduin Vancouverin maaper\u00e4lle mukanani nivaska muuttopapereita ja toive aloittaa uusi el\u00e4m\u00e4 Kanadassa. Niina seurasi per\u00e4ss\u00e4 kaksi viikkoa my\u00f6hemmin ja n\u00e4in meill\u00e4 tuleekin nyt t\u00e4yteen jo nelj\u00e4 vuotta t\u00e4\u00e4ll\u00e4 Kanadassa. Se on sangen pitk\u00e4 aika, sill\u00e4 onhan se jo melkein puolet ajasta jonka olemme viett\u00e4neet ulkomailla ja my\u00f6s &hellip; <a href=\"https:\/\/www.vuosiamaailmalla.fi\/blog\/2016\/nelja-vuotta-kanadassa\/\" class=\"more-link\">Jatka lukemista<span class=\"screen-reader-text\"> &#8221;Nelj\u00e4 vuotta Kanadassa&#8221;<\/span><\/a><\/p>\n","protected":false},"author":1,"featured_media":11909,"comment_status":"open","ping_status":"open","sticky":false,"template":"","format":"standard","meta":{"_jetpack_memberships_contains_paid_content":false,"footnotes":""},"categories":[17,3,4],"tags":[25,34,932,935,182,939],"class_list":["post-7761","post","type-post","status-publish","format-standard","has-post-thumbnail","hentry","category-arki-kanadassa","category-arki-ulkomailla","category-asuminen-kanadassa","tag-ajankohtaista","tag-arki","tag-asunto","tag-kanada","tag-muuttaminen","tag-vancouver"],"jetpack_featured_media_url":"https:\/\/www.vuosiamaailmalla.fi\/blog\/wp-content\/uploads\/kanadan_lippu_banner-1.jpg","jetpack_sharing_enabled":true,"_links":{"self":[{"href":"https:\/\/www.vuosiamaailmalla.fi\/blog\/wp-json\/wp\/v2\/posts\/7761","targetHints":{"allow":["GET"]}}],"collection":[{"href":"https:\/\/www.vuosiamaailmalla.fi\/blog\/wp-json\/wp\/v2\/posts"}],"about":[{"href":"https:\/\/www.vuosiamaailmalla.fi\/blog\/wp-json\/wp\/v2\/types\/post"}],"author":[{"embeddable":true,"href":"https:\/\/www.vuosiamaailmalla.fi\/blog\/wp-json\/wp\/v2\/users\/1"}],"replies":[{"embeddable":true,"href":"https:\/\/www.vuosiamaailmalla.fi\/blog\/wp-json\/wp\/v2\/comments?post=7761"}],"version-history":[{"count":3,"href":"https:\/\/www.vuosiamaailmalla.fi\/blog\/wp-json\/wp\/v2\/posts\/7761\/revisions"}],"predecessor-version":[{"id":12620,"href":"https:\/\/www.vuosiamaailmalla.fi\/blog\/wp-json\/wp\/v2\/posts\/7761\/revisions\/12620"}],"wp:featuredmedia":[{"embeddable":true,"href":"https:\/\/www.vuosiamaailmalla.fi\/blog\/wp-json\/wp\/v2\/media\/11909"}],"wp:attachment":[{"href":"https:\/\/www.vuosiamaailmalla.fi\/blog\/wp-json\/wp\/v2\/media?parent=7761"}],"wp:term":[{"taxonomy":"category","embeddable":true,"href":"https:\/\/www.vuosiamaailmalla.fi\/blog\/wp-json\/wp\/v2\/categories?post=7761"},{"taxonomy":"post_tag","embeddable":true,"href":"https:\/\/www.vuosiamaailmalla.fi\/blog\/wp-json\/wp\/v2\/tags?post=7761"}],"curies":[{"name":"wp","href":"https:\/\/api.w.org\/{rel}","templated":true}]}}