{"id":7765,"date":"2014-09-29T11:03:16","date_gmt":"2014-09-29T18:03:16","guid":{"rendered":"http:\/\/13.53.127.146\/?p=7765"},"modified":"2019-12-18T17:38:29","modified_gmt":"2019-12-19T01:38:29","slug":"pilvihattaraa-mount-seymourilla","status":"publish","type":"post","link":"https:\/\/www.vuosiamaailmalla.fi\/blog\/2014\/pilvihattaraa-mount-seymourilla\/","title":{"rendered":"Pilvihattaraa Mount Seymourilla"},"content":{"rendered":"<p style=\"text-align: justify;\">Vaelluskausi alkaa l\u00e4hesty\u00e4 loppuaan, mutta l\u00e4mpim\u00e4t loppukes\u00e4n kelit mahdollistivat silti viel\u00e4 yhden vaelluksen ennen kauden p\u00e4\u00e4tt\u00e4mist\u00e4. Koska kaipasimme hieman haastetta, p\u00e4\u00e4timme l\u00e4hte\u00e4 valloittamaan <a title=\"Kes\u00e4p\u00e4iv\u00e4 North Vancouverissa\" href=\"https:\/\/www.vuosiamaailmalla.fi\/?p=7861\">North Vancouverissa<\/a> sijaitsevan Mount Seymourin kolme huippua. Seymourilla olemme k\u00e4yneet aiemminkin ja mukava vaellus on esimerkiksi lyhyehk\u00f6 juurakkojen v\u00e4istely <a title=\"Ruuhkaisella Dog Mountainilla\" href=\"https:\/\/www.vuosiamaailmalla.fi\/?p=7202\">Dog Mountainin<\/a> laelle.<\/p>\n<p><!--more--><\/p>\n<p style=\"text-align: justify;\">Vaelluspolku huipulle l\u00e4htee <a title=\"Laskettelua sadepilvess\u00e4\" href=\"https:\/\/www.vuosiamaailmalla.fi\/?p=192\">Mount Seymourin laskettelukeskuksen<\/a> luota ja ensimm\u00e4inen haaste onkin nousta yl\u00f6s jyrkk\u00e4\u00e4 laskettelurinnett\u00e4. Tyls\u00e4 osuus p\u00e4\u00e4ttyy hieman ennen <a title=\"Brockton Point\" href=\"https:\/\/www.vuosiamaailmalla.fi\/?p=2455\">Brockton Pointia<\/a>, josta matka jatkuu kitukasvuisen mets\u00e4n keskell\u00e4 kohti ensimm\u00e4ist\u00e4 huippua. Polku on merkitty hyvin ja ihmisi\u00e4 oli liikkeell\u00e4 runsaasti, joten huipulle l\u00f6yt\u00e4misess\u00e4 ei ollut mit\u00e4\u00e4n vaikeuksia. Maasto itsess\u00e4\u00e4n on kuitenkin hieman hankalakulkuista ja sis\u00e4lt\u00e4\u00e4 monia kallioisia osuuksia, jotka nostavat hien pintaan. \ud83d\ude42<\/p>\n<p style=\"text-align: center;\"><a href=\"\/blog\/wp-content\/uploads\/2014\/polku_seymourin_huipulle3.jpg\"><img decoding=\"async\" style=\"border: 0px none; margin: 5px;\" src=\"\/blog\/wp-content\/uploads\/2014\/thumbs\/thumbs_polku_seymourin_huipulle3.jpg\" alt=\"\" \/><\/a><a href=\"\/blog\/wp-content\/uploads\/2014\/polku_seymourin_huipulle2.jpg\"><img decoding=\"async\" style=\"border: 0px none; margin: 5px;\" src=\"\/blog\/wp-content\/uploads\/2014\/thumbs\/thumbs_polku_seymourin_huipulle2.jpg\" alt=\"\" \/><\/a><a href=\"\/blog\/wp-content\/uploads\/2014\/first_peak1.jpg\"><img decoding=\"async\" style=\"border: 0px none; margin: 5px;\" src=\"\/blog\/wp-content\/uploads\/2014\/thumbs\/thumbs_first_peak1.jpg\" alt=\"\" \/><\/a><\/p>\n<p style=\"text-align: center;\"><em>Vaikeakulkuinen polku yl\u00f6s<\/em><\/p>\n<p style=\"text-align: center;\"><a href=\"\/blog\/wp-content\/uploads\/2014\/polku_seymourin_huipulle1.jpg\"><img decoding=\"async\" style=\"border: 0px none; margin: 5px;\" src=\"\/blog\/wp-content\/uploads\/2014\/polku_seymourin_huipulle1.jpg\" alt=\"\" \/><\/a><\/p>\n<p style=\"text-align: center;\"><em>L\u00e4hell\u00e4 ensimm\u00e4ist\u00e4 huippua<\/em><\/p>\n<p style=\"text-align: justify;\">Ensimm\u00e4iselle huipulle kest\u00e4\u00e4 kivuta noin puolitoista tuntia ja hieman yli 1400 metrin korkeudesta aukeavat upeat maisemat. <a title=\"Uskomaton Mount Baker\" href=\"https:\/\/www.vuosiamaailmalla.fi\/?p=2213\">Mount Baker<\/a> loistaa id\u00e4ss\u00e4 ja alapuolella levitt\u00e4ytyy koko Vancouverin metropolialue. N\u00e4in loppukes\u00e4st\u00e4 keli on yleens\u00e4 iltap\u00e4iv\u00e4st\u00e4 utuinen, mutta keskusta sek\u00e4 muutkin maamerkit erottivat silti selv\u00e4sti.<\/p>\n<p style=\"text-align: center;\"><a href=\"\/blog\/wp-content\/uploads\/2014\/seymour_first_peak.jpg\"><img decoding=\"async\" style=\"border: 0px none; margin: 5px;\" src=\"\/blog\/wp-content\/uploads\/2014\/seymour_first_peak.jpg\" alt=\"\" \/><\/a><\/p>\n<p style=\"text-align: center;\"><em>Ensimm\u00e4isell\u00e4 huipulla<br \/>\n<\/em><\/p>\n<p style=\"text-align: center;\"><a href=\"\/blog\/wp-content\/uploads\/2014\/burnaby_mountain_seymourilta.jpg\"><img decoding=\"async\" style=\"border: 0px none; margin: 5px;\" src=\"\/blog\/wp-content\/uploads\/2014\/thumbs\/thumbs_burnaby_mountain_seymourilta.jpg\" alt=\"\" \/><\/a><a href=\"\/blog\/wp-content\/uploads\/2014\/pmb_ja_surrey.jpg\"><img decoding=\"async\" style=\"border: 0px none; margin: 5px;\" src=\"\/blog\/wp-content\/uploads\/2014\/thumbs\/thumbs_pmb_ja_surrey.jpg\" alt=\"\" \/><\/a><a href=\"\/blog\/wp-content\/uploads\/2014\/utuisen_iltapaivan_keskusta.jpg\"><img decoding=\"async\" style=\"border: 0px none; margin: 5px;\" src=\"\/blog\/wp-content\/uploads\/2014\/thumbs\/thumbs_utuisen_iltapaivan_keskusta.jpg\" alt=\"\" \/><\/a><br \/>\n<a href=\"\/blog\/wp-content\/uploads\/2014\/tri-cities_seymourilta.jpg\"><img decoding=\"async\" style=\"border: 0px none; margin: 5px;\" src=\"\/blog\/wp-content\/uploads\/2014\/thumbs\/thumbs_tri-cities_seymourilta.jpg\" alt=\"\" \/><\/a><a href=\"\/blog\/wp-content\/uploads\/2014\/mahtava_baker.jpg\"><img decoding=\"async\" style=\"border: 0px none; margin: 5px;\" src=\"\/blog\/wp-content\/uploads\/2014\/thumbs\/thumbs_mahtava_baker.jpg\" alt=\"\" \/><\/a><\/p>\n<p style=\"text-align: center;\"><em>Utuisia maamerkkej\u00e4<\/em><\/p>\n<p style=\"text-align: center;\"><a href=\"\/blog\/wp-content\/uploads\/2014\/first_peak_panoraama.jpg\"><img decoding=\"async\" style=\"border: 0px none; margin: 5px;\" src=\"\/blog\/wp-content\/uploads\/2014\/first_peak_panoraama_pieni.jpg\" alt=\"\" \/><\/a><\/p>\n<p style=\"text-align: center;\"><em>Metropolialue alapuolella<\/em><\/p>\n<p style=\"text-align: justify;\">Kuten muutkin North Shore Mountainsin vuoret, ei Mount Seymourkaan ole yhden huipun vuori, vaan lukuisten huippujen vuorijono. Niinp\u00e4 kakkoshuipulle p\u00e4\u00e4st\u00e4kseen onkin ensiksi laskeuduttuva jonkin verran pieneen notkoon, josta j\u00e4lleen kiivet\u00e4\u00e4n ykk\u00f6shuippua hitusen matalammalle kakkoshuipulle (1435 metri\u00e4). Sielt\u00e4 aukeaa maisema alas <a title=\"Py\u00f6r\u00e4retki Seymour Lakelle\" href=\"https:\/\/www.vuosiamaailmalla.fi\/?p=3058\">Seymour Laken<\/a> tekoj\u00e4rvelle, joka on yksi Vancouverin kolmesta juomavesivarastosta. Seymourin it\u00e4puolella sijaitseva Indian Armin vuono alkaa my\u00f6s pilkist\u00e4\u00e4 sek\u00e4 tietenkin viimeinen rasti: kolmas huippu. \ud83d\ude42<\/p>\n<p style=\"text-align: center;\"><a href=\"\/blog\/wp-content\/uploads\/2014\/polku_seymourin_huipulle4.jpg\"><img decoding=\"async\" style=\"border: 0px none; margin: 5px;\" src=\"\/blog\/wp-content\/uploads\/2014\/thumbs\/thumbs_polku_seymourin_huipulle4.jpg\" alt=\"\" \/><\/a><a href=\"\/blog\/wp-content\/uploads\/2014\/polku_seymourin_huipulle5.jpg\"><img decoding=\"async\" style=\"border: 0px none; margin: 5px;\" src=\"\/blog\/wp-content\/uploads\/2014\/thumbs\/thumbs_polku_seymourin_huipulle5.jpg\" alt=\"\" \/><\/a><a href=\"\/blog\/wp-content\/uploads\/2014\/baker_ja_jyrkanne.jpg\"><img decoding=\"async\" style=\"border: 0px none; margin: 5px;\" src=\"\/blog\/wp-content\/uploads\/2014\/thumbs\/thumbs_baker_ja_jyrkanne.jpg\" alt=\"\" \/><\/a><\/p>\n<p style=\"text-align: center;\"><em>Matkalla toiselle huipulle<\/em><\/p>\n<p style=\"text-align: center;\"><a href=\"\/blog\/wp-content\/uploads\/2014\/indian_arm_panoraama.jpg\"><img decoding=\"async\" style=\"border: 0px none; margin: 5px;\" src=\"\/blog\/wp-content\/uploads\/2014\/indian_arm_panoraama_pieni.jpg\" alt=\"\" \/><\/a><\/p>\n<p style=\"text-align: center;\"><em>Indian Arm&#8230;<\/em><\/p>\n<p style=\"text-align: center;\"><a href=\"\/blog\/wp-content\/uploads\/2014\/second_peak_maisema.jpg\"><img decoding=\"async\" style=\"border: 0px none; margin: 5px;\" src=\"\/blog\/wp-content\/uploads\/2014\/thumbs\/thumbs_second_peak_maisema.jpg\" alt=\"\" \/><\/a><a href=\"\/blog\/wp-content\/uploads\/2014\/third_peak.jpg\"><img decoding=\"async\" style=\"border: 0px none; margin: 5px;\" src=\"\/blog\/wp-content\/uploads\/2014\/thumbs\/thumbs_third_peak.jpg\" alt=\"\" \/><\/a><\/p>\n<p style=\"text-align: center;\"><em>&#8230;ja Third Peak<\/em><\/p>\n<p style=\"text-align: center;\"><a href=\"\/blog\/wp-content\/uploads\/2014\/second_peak_panoraama.jpg\"><img decoding=\"async\" style=\"border: 0px none; margin: 5px;\" src=\"\/blog\/wp-content\/uploads\/2014\/second_peak_panoraama_pieni.jpg\" alt=\"\" \/><\/a><\/p>\n<p style=\"text-align: justify;\">Kakkos- ja kolmoshuipun v\u00e4linen matka vaatii j\u00e4lleen laskeutumaan ja nousemaan, mutta maasto on aiempaa paljaampaa kalliosein\u00e4m\u00e4\u00e4, mik\u00e4 tekee etenemisest\u00e4 hieman hankalaa. Varovaisella askelluksella homma kuitenkin hoituu ja hieman yli puolen tunnin \u00e4helt\u00e4misen j\u00e4lkeen ollaan viimeisell\u00e4 kolmannella huipulla, joka on my\u00f6s Mount Seymourin korkein kohta 1455 metrin korkeudessa.<\/p>\n<p style=\"text-align: center;\"><a href=\"\/blog\/wp-content\/uploads\/2014\/seymour_third_peak.jpg\"><img decoding=\"async\" style=\"border: 0px none; margin: 5px;\" src=\"\/blog\/wp-content\/uploads\/2014\/seymour_third_peak.jpg\" alt=\"\" \/><\/a><\/p>\n<p style=\"text-align: center;\"><em>Mount Seymourin korkein piste<\/em><\/p>\n<p style=\"text-align: center;\"><a href=\"\/blog\/wp-content\/uploads\/2014\/first_peak2.jpg\"><img decoding=\"async\" style=\"border: 0px none; margin: 5px;\" src=\"\/blog\/wp-content\/uploads\/2014\/first_peak2.jpg\" alt=\"\" \/><\/a><\/p>\n<p style=\"text-align: center;\"><em>Ykk\u00f6shuippu alempana<\/em><\/p>\n<p style=\"text-align: justify;\">Viimeiselt\u00e4 huipulta aukeavat lumoavat maisemat takavuorten er\u00e4maahan, joka oli kietoutunut perjantai-illan sateen j\u00e4ljilt\u00e4 kohoaviin <a title=\"Sateen yl\u00e4puolella\" href=\"https:\/\/www.vuosiamaailmalla.fi\/?p=8820\">kohoaviin pilvenhattaroihin<\/a>. Maisema n\u00e4ytti kuin taivas olisi tulessa, <a title=\"Sumu kietoi Fogcouverin\" href=\"https:\/\/www.vuosiamaailmalla.fi\/?p=9400\">pilvien ymp\u00e4r\u00f6idess\u00e4 kaiken<\/a>. Kauniita maisemia ihaillessamme s\u00f6imme ev\u00e4\u00e4mme ja nautimme luonnon rauhasta. Vaikka vaeltajia olikin paljon polun alkup\u00e4\u00e4ss\u00e4, jatkaa harvempi kuitenkaan ykk\u00f6shuippua pidemm\u00e4lle. Meist\u00e4 jokainen huippu oli kuitenkin omanalaisensa ja siksi kaikille kolmelle kannattaa vaeltaa.<\/p>\n<p style=\"text-align: center;\"><a href=\"\/blog\/wp-content\/uploads\/2014\/sumuiset_vuoret1.jpg\"><img decoding=\"async\" style=\"border: 0px none; margin: 5px;\" src=\"\/blog\/wp-content\/uploads\/2014\/thumbs\/thumbs_sumuiset_vuoret1.jpg\" alt=\"\" \/><\/a><a href=\"\/blog\/wp-content\/uploads\/2014\/sumuiset_vuoret3.jpg\"><img decoding=\"async\" style=\"border: 0px none; margin: 5px;\" src=\"\/blog\/wp-content\/uploads\/2014\/thumbs\/thumbs_sumuiset_vuoret3.jpg\" alt=\"\" \/><\/a><a href=\"\/blog\/wp-content\/uploads\/2014\/sumuiset_vuoret2.jpg\"><img decoding=\"async\" style=\"border: 0px none; margin: 5px;\" src=\"\/blog\/wp-content\/uploads\/2014\/thumbs\/thumbs_sumuiset_vuoret2.jpg\" alt=\"\" \/><\/a><br \/>\n<a href=\"\/blog\/wp-content\/uploads\/2014\/third_peak_maisema2.jpg\"><img decoding=\"async\" style=\"border: 0px none; margin: 5px;\" src=\"\/blog\/wp-content\/uploads\/2014\/thumbs\/thumbs_third_peak_maisema2.jpg\" alt=\"\" \/><\/a><a href=\"\/blog\/wp-content\/uploads\/2014\/third_peak_maisema4.jpg\"><img decoding=\"async\" style=\"border: 0px none; margin: 5px;\" src=\"\/blog\/wp-content\/uploads\/2014\/thumbs\/thumbs_third_peak_maisema4.jpg\" alt=\"\" \/><\/a><a href=\"\/blog\/wp-content\/uploads\/2014\/third_peak_maisema5.jpg\"><img decoding=\"async\" style=\"border: 0px none; margin: 5px;\" src=\"\/blog\/wp-content\/uploads\/2014\/thumbs\/thumbs_third_peak_maisema5.jpg\" alt=\"\" \/><\/a><\/p>\n<p style=\"text-align: center;\"><em>Sateen j\u00e4lkeist\u00e4 hattaraa<\/em><\/p>\n<p style=\"text-align: center;\"><a href=\"\/blog\/wp-content\/uploads\/2014\/seymourin_huipulla.jpg\"><img decoding=\"async\" style=\"border: 0px none; margin: 5px;\" src=\"\/blog\/wp-content\/uploads\/2014\/seymourin_huipulla.jpg\" alt=\"\" \/><\/a><\/p>\n<p style=\"text-align: center;\"><em>Vuoren valtiaana<\/em><\/p>\n<p style=\"text-align: center;\"><a href=\"\/blog\/wp-content\/uploads\/2014\/third_peak_maisema1.jpg\"><img decoding=\"async\" style=\"border: 0px none; margin: 5px;\" src=\"\/blog\/wp-content\/uploads\/2014\/third_peak_maisema1.jpg\" alt=\"\" \/><\/a><\/p>\n<p style=\"text-align: center;\"><em>Mahtavien takavuorien er\u00e4m\u00e4\u00e4<\/em><\/p>\n<p style=\"text-align: center;\"><a href=\"\/blog\/wp-content\/uploads\/2014\/third_peak_panoraama.jpg\"><img decoding=\"async\" style=\"border: 0px none; margin: 5px;\" src=\"\/blog\/wp-content\/uploads\/2014\/third_peak_panoraama_pieni.jpg\" alt=\"\" \/><\/a><\/p>\n<p style=\"text-align: justify;\">Paluumatka parkkipaikalle on pitk\u00e4 ja hidas. Koko matkalle tulee mittaa noin yhdeks\u00e4n kilometri\u00e4, mutta aikaa tuhraantuu hankalasta maastosta johtuen viitisen tuntia. Takaisin autolla olimmekin tyytyv\u00e4isi\u00e4 rankkaan urakkaamme, joka oli hieno p\u00e4\u00e4t\u00f6s j\u00e4lleen yhdelle hienolle vaellusvuodelle. \ud83d\ude1b<\/p>\n<p style=\"text-align: center;\"><a href=\"\/blog\/wp-content\/uploads\/2014\/third_peak_maisema3.jpg\"><img decoding=\"async\" style=\"border: 0px none; margin: 5px;\" src=\"\/blog\/wp-content\/uploads\/2014\/thumbs\/thumbs_third_peak_maisema3.jpg\" alt=\"\" \/><\/a><a href=\"\/blog\/wp-content\/uploads\/2014\/seymour_keskus_ylhaalta.jpg\"><img decoding=\"async\" style=\"border: 0px none; margin: 5px;\" src=\"\/blog\/wp-content\/uploads\/2014\/thumbs\/thumbs_seymour_keskus_ylhaalta.jpg\" alt=\"\" \/><\/a><a href=\"\/blog\/wp-content\/uploads\/2014\/seymourin_parkkipaikat_ylhaalta.jpg\"><img decoding=\"async\" style=\"border: 0px none; margin: 5px;\" src=\"\/blog\/wp-content\/uploads\/2014\/thumbs\/thumbs_seymourin_parkkipaikat_ylhaalta.jpg\" alt=\"\" \/><\/a><\/p>\n<p style=\"text-align: center;\"><em>Pitk\u00e4 matka takaisin parkkipaikalle<\/em><\/p>\n","protected":false},"excerpt":{"rendered":"<p>Vaelluskausi alkaa l\u00e4hesty\u00e4 loppuaan, mutta l\u00e4mpim\u00e4t loppukes\u00e4n kelit mahdollistivat silti viel\u00e4 yhden vaelluksen ennen kauden p\u00e4\u00e4tt\u00e4mist\u00e4. Koska kaipasimme hieman haastetta, p\u00e4\u00e4timme l\u00e4hte\u00e4 valloittamaan North Vancouverissa sijaitsevan Mount Seymourin kolme huippua. Seymourilla olemme k\u00e4yneet aiemminkin ja mukava vaellus on esimerkiksi lyhyehk\u00f6 juurakkojen v\u00e4istely Dog Mountainin laelle.<\/p>\n","protected":false},"author":1,"featured_media":10433,"comment_status":"open","ping_status":"open","sticky":false,"template":"","format":"standard","meta":{"_jetpack_memberships_contains_paid_content":false,"footnotes":""},"categories":[17,3,774,15],"tags":[34,935,181,184,938],"class_list":["post-7765","post","type-post","status-publish","format-standard","has-post-thumbnail","hentry","category-arki-kanadassa","category-arki-ulkomailla","category-ulkoilu","category-vaeltaminen","tag-arki","tag-kanada","tag-mount-seymour","tag-north-vancouver","tag-vaellus"],"jetpack_featured_media_url":"https:\/\/www.vuosiamaailmalla.fi\/blog\/wp-content\/uploads\/sumuiset_vuoret_banner-1.jpg","jetpack_sharing_enabled":true,"_links":{"self":[{"href":"https:\/\/www.vuosiamaailmalla.fi\/blog\/wp-json\/wp\/v2\/posts\/7765","targetHints":{"allow":["GET"]}}],"collection":[{"href":"https:\/\/www.vuosiamaailmalla.fi\/blog\/wp-json\/wp\/v2\/posts"}],"about":[{"href":"https:\/\/www.vuosiamaailmalla.fi\/blog\/wp-json\/wp\/v2\/types\/post"}],"author":[{"embeddable":true,"href":"https:\/\/www.vuosiamaailmalla.fi\/blog\/wp-json\/wp\/v2\/users\/1"}],"replies":[{"embeddable":true,"href":"https:\/\/www.vuosiamaailmalla.fi\/blog\/wp-json\/wp\/v2\/comments?post=7765"}],"version-history":[{"count":0,"href":"https:\/\/www.vuosiamaailmalla.fi\/blog\/wp-json\/wp\/v2\/posts\/7765\/revisions"}],"wp:featuredmedia":[{"embeddable":true,"href":"https:\/\/www.vuosiamaailmalla.fi\/blog\/wp-json\/wp\/v2\/media\/10433"}],"wp:attachment":[{"href":"https:\/\/www.vuosiamaailmalla.fi\/blog\/wp-json\/wp\/v2\/media?parent=7765"}],"wp:term":[{"taxonomy":"category","embeddable":true,"href":"https:\/\/www.vuosiamaailmalla.fi\/blog\/wp-json\/wp\/v2\/categories?post=7765"},{"taxonomy":"post_tag","embeddable":true,"href":"https:\/\/www.vuosiamaailmalla.fi\/blog\/wp-json\/wp\/v2\/tags?post=7765"}],"curies":[{"name":"wp","href":"https:\/\/api.w.org\/{rel}","templated":true}]}}