{"id":779,"date":"2011-06-14T19:03:50","date_gmt":"2011-06-15T02:03:50","guid":{"rendered":"http:\/\/13.53.127.146\/?p=779"},"modified":"2021-01-24T14:45:43","modified_gmt":"2021-01-24T22:45:43","slug":"takaisin-vanhalla-mantereella","status":"publish","type":"post","link":"https:\/\/www.vuosiamaailmalla.fi\/blog\/2011\/takaisin-vanhalla-mantereella\/","title":{"rendered":"Takaisin vanhalla mantereella"},"content":{"rendered":"<p style=\"text-align: justify;\">Yksi reissu on j\u00e4lleen takana ja kirjoitankin t\u00e4t\u00e4 viesti\u00e4 j\u00e4lleen kotikoneellani. Amerikan-matkamme oli melkoinen ja kahdentoista p\u00e4iv\u00e4n aikana ehti n\u00e4hd\u00e4 todella monenlaista. Oikeastaan kaikki suunnittelemamme onnistui nappiin ja kelit olivat loistavat. Kaupungilla tuli k\u00e4velty\u00e4 todella paljon niin <a title=\"Kes\u00e4lomalla New Yorkissa\" href=\"https:\/\/www.vuosiamaailmalla.fi\/?p=9567\">New Yorkissa<\/a> kuin Chicagossakin ja kuvia kertyi kameraan noin 3000 kappaletta. Niiden perkaamisessa ja <a href=\"https:\/\/www.vuosiamaailmalla.fi\/?tag=matkakertomus-new-york-chicago\">matkakertomuksen<\/a> kirjoittamisessa meneekin tovi.<\/p>\n<p><!--more--><\/p>\n<p style=\"text-align: justify;\">Paluumatka Chicagosta Amsterdamin kautta oli kohtuullisen n\u00e4pp\u00e4r\u00e4 yhteys ja lentotunteja kertyi vain kahdeksan. <em>Boeing 747<\/em> sillipurkissa unta ei kuitenkaan saanut, joten olen t\u00e4t\u00e4 kirjoittaessa hereill\u00e4 27:tt\u00e4 tuntia putkeen. V\u00e4symys painaakin melkoisesti v\u00e4liin j\u00e4\u00e4neen y\u00f6n vuoksi, mutta pieni hetki pit\u00e4\u00e4 viel\u00e4 taistella, jotta p\u00e4\u00e4sisi mahdollisimman hyvin normaaliin vuorokausirytmiin.<\/p>\n<p style=\"text-align: justify;\">On silti todenn\u00e4k\u00f6ist\u00e4, ett\u00e4 <em>jetlag<\/em>\u00a0valvottaa tulevinakin \u00f6in\u00e4, kuten usein juuri it\u00e4\u00e4np\u00e4in lennett\u00e4ess\u00e4. T\u00f6ihin on silti kammettava normaalisti tulevina p\u00e4ivin\u00e4. Paluu arkeen on siis aloitettu upean p\u00e4\u00e4tteeksi.<\/p>\n","protected":false},"excerpt":{"rendered":"<p>Yksi reissu on j\u00e4lleen takana ja kirjoitankin t\u00e4t\u00e4 viesti\u00e4 j\u00e4lleen kotikoneellani. Amerikan-matkamme oli melkoinen ja kahdentoista p\u00e4iv\u00e4n aikana ehti n\u00e4hd\u00e4 todella monenlaista. Oikeastaan kaikki suunnittelemamme onnistui nappiin ja kelit olivat loistavat. Kaupungilla tuli k\u00e4velty\u00e4 todella paljon niin New Yorkissa kuin Chicagossakin ja kuvia kertyi kameraan noin 3000 kappaletta. Niiden perkaamisessa ja matkakertomuksen kirjoittamisessa meneekin tovi.<\/p>\n","protected":false},"author":1,"featured_media":0,"comment_status":"open","ping_status":"open","sticky":false,"template":"","format":"standard","meta":{"_jetpack_memberships_contains_paid_content":false,"footnotes":""},"categories":[7,12,890],"tags":[83,1317,295,11],"class_list":["post-779","post","type-post","status-publish","format-standard","hentry","category-matkakertomukset","category-matkalla-kerrottua","category-yhdysvallat","tag-chicago","tag-matkakertomus-new-york-chicago","tag-new-york","tag-matkakertomukset-yhdysvallat"],"jetpack_featured_media_url":"","jetpack_sharing_enabled":true,"_links":{"self":[{"href":"https:\/\/www.vuosiamaailmalla.fi\/blog\/wp-json\/wp\/v2\/posts\/779","targetHints":{"allow":["GET"]}}],"collection":[{"href":"https:\/\/www.vuosiamaailmalla.fi\/blog\/wp-json\/wp\/v2\/posts"}],"about":[{"href":"https:\/\/www.vuosiamaailmalla.fi\/blog\/wp-json\/wp\/v2\/types\/post"}],"author":[{"embeddable":true,"href":"https:\/\/www.vuosiamaailmalla.fi\/blog\/wp-json\/wp\/v2\/users\/1"}],"replies":[{"embeddable":true,"href":"https:\/\/www.vuosiamaailmalla.fi\/blog\/wp-json\/wp\/v2\/comments?post=779"}],"version-history":[{"count":1,"href":"https:\/\/www.vuosiamaailmalla.fi\/blog\/wp-json\/wp\/v2\/posts\/779\/revisions"}],"predecessor-version":[{"id":11464,"href":"https:\/\/www.vuosiamaailmalla.fi\/blog\/wp-json\/wp\/v2\/posts\/779\/revisions\/11464"}],"wp:attachment":[{"href":"https:\/\/www.vuosiamaailmalla.fi\/blog\/wp-json\/wp\/v2\/media?parent=779"}],"wp:term":[{"taxonomy":"category","embeddable":true,"href":"https:\/\/www.vuosiamaailmalla.fi\/blog\/wp-json\/wp\/v2\/categories?post=779"},{"taxonomy":"post_tag","embeddable":true,"href":"https:\/\/www.vuosiamaailmalla.fi\/blog\/wp-json\/wp\/v2\/tags?post=779"}],"curies":[{"name":"wp","href":"https:\/\/api.w.org\/{rel}","templated":true}]}}