{"id":7808,"date":"2014-01-28T18:31:27","date_gmt":"2014-01-29T02:31:27","guid":{"rendered":"http:\/\/13.53.127.146\/?p=7808"},"modified":"2023-10-14T13:22:58","modified_gmt":"2023-10-14T20:22:58","slug":"kuuluisan-kaaren-st-louis","status":"publish","type":"post","link":"https:\/\/www.vuosiamaailmalla.fi\/blog\/2014\/kuuluisan-kaaren-st-louis\/","title":{"rendered":"Kuuluisan kaaren St. Louis"},"content":{"rendered":"<p style=\"text-align: justify;\"><em>Jatkoa <a title=\"Jouluaatto Chicagossa\" href=\"https:\/\/www.vuosiamaailmalla.fi\/?p=7487\">t\u00e4\u00e4lt\u00e4<\/a>. Matkakertomuksen muut osat l\u00f6ytyv\u00e4t <a href=\"https:\/\/www.vuosiamaailmalla.fi\/?tag=matkakertomus-joulu-amerikassa\">t\u00e4\u00e4lt\u00e4<\/a>.<\/em><\/p>\n<p style=\"text-align: justify;\">J\u00e4\u00e4t\u00e4v\u00e4n kylm\u00e4\u00e4 ja hieman vaisua <a title=\"Jouluaatto Chicagossa\" href=\"https:\/\/www.vuosiamaailmalla.fi\/?p=7487\">jouluaattoa Chicagossa<\/a> seurasi pilvinen joulup\u00e4iv\u00e4. Koska joulup\u00e4iv\u00e4 on Amerikassa se varsinainen joulun kohokohta, oli Chicagossakin hiljaista kuin huopatossutehtaalla kun matkasimme taksilla keskustan lounaispuolella sijaitsevalle bussiterminaalille. Siell\u00e4 el\u00e4m\u00e4\u00e4 oli hieman enemm\u00e4n, kun ihmiset olivat matkaamassa kuka mihinkin joulun pyhiksi.<\/p>\n<p><!--more--><\/p>\n<p style=\"text-align: justify;\">Matkamme seuraava pys\u00e4kki sek\u00e4 y\u00f6paikka oli kaukana Missourin puolella sijaitseva St. Louis, jonne on Chicagosta matkaa melkein 500 kilometri\u00e4. Matkan voi taittaa my\u00f6s junalla, mutta joulup\u00e4iv\u00e4n\u00e4 vaihtoehdot ovat v\u00e4hiss\u00e4, mink\u00e4 lis\u00e4ksi <em>Greyhoundin<\/em> bussit osoittautuivat j\u00e4lleen selv\u00e4sti halvimmaksi vaihtoehdoksi. Maksoimme nimitt\u00e4in melkein kuuden tunnin bussimatkastamme vaivaiset kymmenen dollaria (!) hengelt\u00e4, mik\u00e4 on kyll\u00e4 ihan pilkkahinta matkasti halki Illinoisin lakeuksien.<\/p>\n<p style=\"text-align: center;\"><a href=\"\/blog\/wp-content\/uploads\/2013\/bussi_st_louisiin3.jpg\"><img decoding=\"async\" style=\"border: 0px none; margin: 5px;\" src=\"\/blog\/wp-content\/uploads\/2013\/bussi_st_louisiin3.jpg\" alt=\"\" \/><\/a><\/p>\n<p style=\"text-align: center;\"><em>Puolityhj\u00e4 ja -ilmainen bussimatka<\/em><\/p>\n<p style=\"text-align: justify;\">Matkan varrella ei ole juuri kummoisiakaan maisemia, sill\u00e4 Illinois on Keskil\u00e4nnelle tyypillist\u00e4 maaseutua ja bussi painaa menem\u00e4\u00e4n pitkin viivasuoraa <em>Interstatea<\/em>. Koska matka on melkein kuusi tuntinen, pit\u00e4\u00e4 bussikuskin sy\u00f6d\u00e4 lounas matkan varrella. Niinp\u00e4 koko kymmenen hengen bussik\u00f6\u00f6rimme kurvasi noin puolimatkassa moottoritien varressa sijaitsevan m\u00e4kk\u00e4rin pihaan ja huitaisimme porukalla <em>Big Macit<\/em> naamaan. Toinen hieman lyhyempi pys\u00e4hdys tapahtuu Champaignin opiskelijakaupungissa Etel\u00e4-Illinoisissa, joka vaikutti hyvin lyhyen visiittimme perusteella varsin mukavalta pikkukaupungilta.<\/p>\n<p style=\"text-align: center;\"><a href=\"\/blog\/wp-content\/uploads\/2013\/bussi_st_louisiin2.jpg\"><img decoding=\"async\" style=\"border: 0px none; margin: 5px;\" src=\"\/blog\/wp-content\/uploads\/2013\/thumbs\/thumbs_bussi_st_louisiin2.jpg\" alt=\"\" \/><\/a><a href=\"\/blog\/wp-content\/uploads\/2013\/bussi_st_louisiin1.jpg\"><img decoding=\"async\" style=\"border: 0px none; margin: 5px;\" src=\"\/blog\/wp-content\/uploads\/2013\/thumbs\/thumbs_bussi_st_louisiin1.jpg\" alt=\"\" \/><\/a><\/p>\n<p style=\"text-align: center;\"><em>Matkalla ei mainittavia maisemia<\/em><\/p>\n<p style=\"text-align: justify;\">Perill\u00e4 St. Louisissa olimme pime\u00e4n jo laskeuduttua, mutta onneksi bussiasemalta oli vain lyhyt k\u00e4vely hotellillemme. Koska joulu ei ole todellakaan vilkasta matkustus- tai turistiaikaa St. Louisissa, maksoimme y\u00f6st\u00e4 nelj\u00e4n t\u00e4hden <em>Westiniss\u00e4<\/em> vaivaiset 39 dollaria, mik\u00e4 on t\u00e4ysin pilkkahinta! Samaan tapaan kuin Chicagon <em>Sheratonissa<\/em>, my\u00f6sk\u00e4\u00e4n Westiniss\u00e4 ei tuntunut olevan montaakaan majoittujaa joulun pyhin\u00e4.<\/p>\n<p style=\"text-align: justify;\">Tapaninp\u00e4iv\u00e4 valkeni kauniin aurinkoisena ja niinp\u00e4 l\u00e4hdimme katsastamaan kaupunkia. St. Louis sijaitsee Missourin ja Illinoisin rajana toimivan Mississippi Riverin Missourin puoleisella rannalla. Kaupungin pohjoispuolella Amerikan toinen suuri joki, Missouri River, yhdistyy mahtavaan Mississippiin, tehden kaupungin logistisesta sijainnista hyvin keskeisen. Juuri t\u00e4m\u00e4n sijainnin vuoksi paikalle perustettiin kaupunki vuonna 1764 osana Ranskan tuolloin hallitsemaan j\u00e4ttim\u00e4ist\u00e4 Ranskan Louisianaa. T\u00e4h\u00e4n ep\u00e4m\u00e4\u00e4r\u00e4isesti m\u00e4\u00e4riteltyyn j\u00e4ttim\u00e4iseen alueeseen kuuluivat kaikki Mississippiin laskevat maa-alueet joen l\u00e4nsipuolelta ja se vastasi kooltaan nelj\u00e4nnest\u00e4 koko Yhdysvaltojen nykyisest\u00e4 maa-alasta. \ud83d\ude2f<\/p>\n<p style=\"text-align: center;\"><a href=\"\/blog\/wp-content\/uploads\/2013\/louisianan_osavaltio.jpg\"><img decoding=\"async\" style=\"border: 0px none; margin: 5px;\" src=\"\/blog\/wp-content\/uploads\/2013\/louisianan_osavaltio.jpg\" alt=\"\" \/><\/a><\/p>\n<p style=\"text-align: center;\"><em>Vaatimattoman kokoinen Ranskan Louisiana<\/em><\/p>\n<p style=\"text-align: justify;\">St. Louis nauttikin merkitt\u00e4v\u00e4\u00e4 asemaa toimien l\u00e4ht\u00f6pisteen\u00e4 monille tutkimusmatkoille, muun muassa Lewisin ja Clarkin kuuluisalle tutkimusretkelle ensimm\u00e4isest\u00e4 maareitist\u00e4 halki tuolloin viel\u00e4 kartoittamattoman ja villin l\u00e4nnen aina Tyynelle valtamerelle saakka. Napoleonin myyty\u00e4 koko Louisianan <a title=\"Muistomerkkej\u00e4 sodille ja merkkihenkil\u00f6ille\" href=\"https:\/\/www.vuosiamaailmalla.fi\/?p=1685\">Thomas Jeffersonin<\/a> johtamalle Yhdysvalloille vuonna 1803, kasvoi St. Louisin merkitys Keskil\u00e4nnen keskuksena entisest\u00e4\u00e4n. Kaupungin v\u00e4kiluku kasvoi vauhdilla ja saavutti huippunsa vuoden 1950 v\u00e4est\u00f6nlaskennassa, ollen 856 796. Tuolloin tapahtui kuitenkin k\u00e4\u00e4nne ja autoilun lis\u00e4\u00e4ntyminen sek\u00e4 &#8221;pako l\u00e4hi\u00f6ihin&#8221; saivat v\u00e4kiluvun pysyv\u00e4\u00e4n laskuun aina t\u00e4h\u00e4n p\u00e4iv\u00e4\u00e4n saakka. Kuudenkymmenen vuoden aikana keskuskaupungin v\u00e4kiluku on per\u00e4ti puolella miljoonalla, ollen nykyisin vain hieman yli 317 000. Kyse on yhdest\u00e4 suurimmista v\u00e4est\u00f6romahduksissa koko Yhdysvalloissa ja vain surullisenkuuluisa Detroit on kokenut t\u00e4t\u00e4 suuremman kolauksen. Samaan aikaan St. Louisin metropolialue on kuitenkin jatkanut kasvuaan ja on nykyisin 2,79 miljoonaa ihmist\u00e4.<\/p>\n<p style=\"text-align: justify;\">V\u00e4est\u00f6n voimakkaan v\u00e4hentymisen n\u00e4kee kyll\u00e4 kaupungin keskustassa, jossa ei en\u00e4\u00e4 asu juuri kukaan ja se on siksi todella hiljainen erityisesti pyh\u00e4p\u00e4iv\u00e4n\u00e4. Saimmekin k\u00e4vell\u00e4 aivan rauhassa keskustassa sijaitsevien stadioneiden sek\u00e4 toimistorakennusten poikki kohti Mississippin rannassa kohoavaa St. Louisin kuuluisaa maamerkki\u00e4, <em>Gateway Archia.<\/em><\/p>\n<p style=\"text-align: center;\"><a href=\"\/blog\/wp-content\/uploads\/2013\/st_louisin_keskustaa5.jpg\"><img decoding=\"async\" style=\"border: 0px none; margin: 5px;\" src=\"\/blog\/wp-content\/uploads\/2013\/thumbs\/thumbs_st_louisin_keskustaa5.jpg\" alt=\"\" \/><\/a><a href=\"\/blog\/wp-content\/uploads\/2013\/st_louisin_keskustaa4.jpg\"><img decoding=\"async\" style=\"border: 0px none; margin: 5px;\" src=\"\/blog\/wp-content\/uploads\/2013\/thumbs\/thumbs_st_louisin_keskustaa4.jpg\" alt=\"\" \/><\/a><a href=\"\/blog\/wp-content\/uploads\/2013\/st_louisin_keskustaa3.jpg\"><img decoding=\"async\" style=\"border: 0px none; margin: 5px;\" src=\"\/blog\/wp-content\/uploads\/2013\/thumbs\/thumbs_st_louisin_keskustaa3.jpg\" alt=\"\" \/><\/a><\/p>\n<p style=\"text-align: center;\"><em>Jouluksi hiljentynyt keskusta<\/em><\/p>\n<p style=\"text-align: center;\"><a href=\"\/blog\/wp-content\/uploads\/2013\/gateway_arch8.jpg\"><img decoding=\"async\" style=\"border: 0px none; margin: 5px;\" src=\"\/blog\/wp-content\/uploads\/2013\/gateway_arch8.jpg\" alt=\"\" \/><\/a><\/p>\n<p style=\"text-align: center;\"><em>Maailmankuulu Gateway Arch<\/em><\/p>\n<p style=\"text-align: justify;\">Maailmankuulu Gateway Arch valmistui vuonna 1965 ja se on kaupungin ehdottomasti erottuvin rakennus. 192 metri\u00e4 korkea ja saman verran leve\u00e4 kaari on kaupungin korkein rakennelma ja sen siro mutta massiivinen muoto n\u00e4kyy kaikkialle. Rakennuksella on my\u00f6s suora linkki Suomeen, sill\u00e4 sen on suunnitellut kuuluisan amerikansuomalaisen arkkitehti Eliel Saarisen poika Eero Saarinen, joka voitti suunnittelukilpailun rohkean erilaisella ehdotuksellaan. Monumentti on osa <em>Jefferson National Expansion Memorial<\/em> nimist\u00e4 kansallispuistoa, jolla juhlistetaan Amerikan l\u00e4nnen valloitusta, jonka keskuspisteen\u00e4 St. Louis toimi.<\/p>\n<p style=\"text-align: center;\"><a href=\"\/blog\/wp-content\/uploads\/2013\/gateway_arch10.jpg\"><img decoding=\"async\" style=\"border: 0px none; margin: 5px;\" src=\"\/blog\/wp-content\/uploads\/2013\/thumbs\/thumbs_gateway_arch10.jpg\" alt=\"\" \/><\/a><a href=\"\/blog\/wp-content\/uploads\/2013\/gateway_arch3.jpg\"><img decoding=\"async\" style=\"border: 0px none; margin: 5px;\" src=\"\/blog\/wp-content\/uploads\/2013\/thumbs\/thumbs_gateway_arch3.jpg\" alt=\"\" \/><\/a><a href=\"\/blog\/wp-content\/uploads\/2013\/gateway_arch6.jpg\"><img decoding=\"async\" style=\"border: 0px none; margin: 5px;\" src=\"\/blog\/wp-content\/uploads\/2013\/thumbs\/thumbs_gateway_arch6.jpg\" alt=\"\" \/><\/a><\/p>\n<p style=\"text-align: center;\"><em>K\u00e4sitt\u00e4m\u00e4tt\u00f6m\u00e4n korkea ter\u00e4skaari<\/em><\/p>\n<p style=\"text-align: center;\"><a href=\"\/blog\/wp-content\/uploads\/2013\/gateway_arch9.jpg\"><img decoding=\"async\" style=\"border: 0px none; margin: 5px;\" src=\"\/blog\/wp-content\/uploads\/2013\/thumbs\/thumbs_gateway_arch9.jpg\" alt=\"\" \/><\/a><a href=\"\/blog\/wp-content\/uploads\/2013\/gateway_arch1.jpg\"><img decoding=\"async\" style=\"border: 0px none; margin: 5px;\" src=\"\/blog\/wp-content\/uploads\/2013\/thumbs\/thumbs_gateway_arch1.jpg\" alt=\"\" \/><\/a><a href=\"\/blog\/wp-content\/uploads\/2013\/gateway_arch11.jpg\"><img decoding=\"async\" style=\"border: 0px none; margin: 5px;\" src=\"\/blog\/wp-content\/uploads\/2013\/thumbs\/thumbs_gateway_arch11.jpg\" alt=\"\" \/><\/a><\/p>\n<p style=\"text-align: center;\"><em>Muoto kutkuttaa mielt\u00e4<\/em><\/p>\n<p style=\"text-align: justify;\">J\u00e4ttim\u00e4isen monumentin kaareva muoto muistuttaa niin kutsuttua <em>k\u00e4\u00e4nteist\u00e4 ketjuk\u00e4yr\u00e4\u00e4<\/em>, joka on matemaattinen nimitys kahden pisteen v\u00e4lille ripustetun taipuisan ketjun roikkuessaan muodostamalle k\u00e4yr\u00e4lle. Valtavan rakennelman pystyss\u00e4 pit\u00e4miseksi sen kolmion muotoiset jalat ovat juureltaan 16 metri\u00e4 kanttiinsa, kuitenkin kaventuen yl\u00f6sp\u00e4in ment\u00e4ess\u00e4 ja ollen huipulla en\u00e4\u00e4 5,2 metri\u00e4. Betonista ja ruostumattomasta ter\u00e4ksest\u00e4 osissa rakennettu kaari painaa 23 570 tonnia ja on todella h\u00e4mm\u00e4stytt\u00e4v\u00e4 n\u00e4ky. Tyhj\u00e4\u00e4 taivasta vasten kaari nimitt\u00e4in tuntuu melkein mahdottoman korkealta ja kapea huippu vain lis\u00e4\u00e4 vaikutelmaan. Mieli ei tahdo ymm\u00e4rt\u00e4\u00e4 miten vain 16 metri\u00e4 leve\u00e4t jalat voivat pit\u00e4\u00e4 192 metri\u00e4 korkean ja pitk\u00e4n kaaren pystyss\u00e4 varsinkaan kovassa sivuttaistuulessa.<\/p>\n<p style=\"text-align: center;\"><a href=\"\/blog\/wp-content\/uploads\/2013\/gateway_arch2.jpg\"><img decoding=\"async\" style=\"border: 0px none; margin: 5px;\" src=\"\/blog\/wp-content\/uploads\/2013\/thumbs\/thumbs_gateway_arch2.jpg\" alt=\"\" \/><\/a><a href=\"\/blog\/wp-content\/uploads\/2013\/gateway_arch7.jpg\"><img decoding=\"async\" style=\"border: 0px none; margin: 5px;\" src=\"\/blog\/wp-content\/uploads\/2013\/thumbs\/thumbs_gateway_arch7.jpg\" alt=\"\" \/><\/a><a href=\"\/blog\/wp-content\/uploads\/2013\/gateway_arch5.jpg\"><img decoding=\"async\" style=\"border: 0px none; margin: 5px;\" src=\"\/blog\/wp-content\/uploads\/2013\/thumbs\/thumbs_gateway_arch5.jpg\" alt=\"\" \/><\/a><a href=\"\/blog\/wp-content\/uploads\/2013\/gateway_arch4.jpg\"><img decoding=\"async\" style=\"border: 0px none; margin: 5px;\" src=\"\/blog\/wp-content\/uploads\/2013\/thumbs\/thumbs_gateway_arch4.jpg\" alt=\"\" \/><\/a><\/p>\n<p style=\"text-align: center;\"><em>Miten ihmeess\u00e4 t\u00e4m\u00e4 pysyy pystyss\u00e4?<\/em><\/p>\n<p style=\"text-align: justify;\">Monumentin sis\u00e4lle sek\u00e4 sen huipulle on p\u00e4\u00e4sy ja yl\u00f6s kuljettavat kumpaakin jalkaa pitkin kaksi pient\u00e4 &#8221;junaa&#8221;. Niist\u00e4 kummassakin kahdeksan pient\u00e4 koppia kulkevat hitaasti yl\u00f6s h\u00e4m\u00e4r\u00e4\u00e4 rappuk\u00e4yt\u00e4v\u00e4\u00e4, jonne on matkaa 1076 rappusta. Matkustajamukavuudesta ei kuitenkaan voi antaa montaakaan pistett\u00e4. Jokaiseen koppiin nimitt\u00e4in mahtuu vain viisi ihmist\u00e4, jotka k\u00e4yt\u00e4nn\u00f6ss\u00e4 t\u00e4ytt\u00e4v\u00e4t sen kauttaaltaan. Ahtaasta kopista n\u00e4kee ulos vain pienen oven l\u00e4vitse, mik\u00e4 voi aiheuttaa joissain ihmisiss\u00e4 <a href=\"https:\/\/www.youtube.com\/watch?v=Zs_WZMQ53FI\">ahtaanpaikankammoa<\/a>. Kopissa on ilmastointi ja tietenkin valot, mutta harvinaiset vikatilanteet ovat joskus saaneet hissin jumahtamaan tunneliin jopa tunneiksi, aiheuttaen joidenkin vierailijoiden panikoituimisen.<\/p>\n<p style=\"text-align: center;\"><a href=\"\/blog\/wp-content\/uploads\/2013\/pikkuinen_hissi_huipulle2.jpg\"><img decoding=\"async\" style=\"border: 0px none; margin: 5px;\" src=\"\/blog\/wp-content\/uploads\/2013\/pikkuinen_hissi_huipulle2.jpg\" alt=\"\" \/><\/a><\/p>\n<p style=\"text-align: center;\"><em>Hissi\u00e4 odottamassa<\/em><\/p>\n<p style=\"text-align: center;\"><a href=\"\/blog\/wp-content\/uploads\/2013\/pikkuinen_hissi_huipulle3.jpg\"><img decoding=\"async\" style=\"border: 0px none; margin: 5px;\" src=\"\/blog\/wp-content\/uploads\/2013\/thumbs\/thumbs_pikkuinen_hissi_huipulle3.jpg\" alt=\"\" \/><\/a><a href=\"\/blog\/wp-content\/uploads\/2013\/pikkuinen_hissi_huipulle1.jpg\"><img decoding=\"async\" style=\"border: 0px none; margin: 5px;\" src=\"\/blog\/wp-content\/uploads\/2013\/thumbs\/thumbs_pikkuinen_hissi_huipulle1.jpg\" alt=\"\" \/><\/a><\/p>\n<p style=\"text-align: center;\"><em>Ahdas kyyti yl\u00f6s<\/em><\/p>\n<p style=\"text-align: center;\"><a href=\"\/blog\/wp-content\/uploads\/2013\/pikkuinen_hissi_huipulle4.jpg\"><img decoding=\"async\" style=\"border: 0px none; margin: 5px;\" src=\"\/blog\/wp-content\/uploads\/2013\/pikkuinen_hissi_huipulle4.jpg\" alt=\"\" \/><\/a><\/p>\n<p style=\"text-align: center;\"><em>Yl\u00e4asemalta on viel\u00e4 lyhyet rappuset<\/em><\/p>\n<p style=\"text-align: justify;\">Matka yl\u00f6s on hidas, mutta se kyll\u00e4 kannattaa, sill\u00e4 ylh\u00e4\u00e4lt\u00e4 aukeaa kauniina p\u00e4iv\u00e4n\u00e4 uskomattomat n\u00e4kym\u00e4t it\u00e4\u00e4n ett\u00e4 l\u00e4ntee. Monumentin it\u00e4puolella virtaavan Mississippin todellisen koon ymm\u00e4rt\u00e4\u00e4 vasta kun sen n\u00e4kee ylh\u00e4\u00e4lt\u00e4. L\u00e4nness\u00e4 puolestaan levitt\u00e4ytyy St. Louisin kaupunki, jonka muutamat harvat pilvenpiirt\u00e4j\u00e4t kohoavat korkeuksiin. Kaupunki jatkuu todella kauas, mik\u00e4 ilment\u00e4\u00e4 hyvin miten hajautunut St. Louis on. Alapuolella n\u00e4ht\u00e4viss\u00e4 on puolestaan kaarta ymp\u00e4r\u00f6iv\u00e4 iso puisto kauniine lammikoineen, jotka olivat nyt talvella pienesti j\u00e4\u00e4ss\u00e4.<\/p>\n<p style=\"text-align: center;\"><a href=\"\/blog\/wp-content\/uploads\/2013\/st_louis_ylhaalta2.jpg\"><img decoding=\"async\" style=\"border: 0px none; margin: 5px;\" src=\"\/blog\/wp-content\/uploads\/2013\/thumbs\/thumbs_st_louis_ylhaalta2.jpg\" alt=\"\" \/><\/a><a href=\"\/blog\/wp-content\/uploads\/2013\/st_louis_ylhaalta1.jpg\"><img decoding=\"async\" style=\"border: 0px none; margin: 5px;\" src=\"\/blog\/wp-content\/uploads\/2013\/thumbs\/thumbs_st_louis_ylhaalta1.jpg\" alt=\"\" \/><\/a><\/p>\n<p style=\"text-align: center;\"><em>St. Louis kauniina talvip\u00e4iv\u00e4n\u00e4<\/em><\/p>\n<p style=\"text-align: center;\"><a href=\"\/blog\/wp-content\/uploads\/2013\/st_louis_ylhaalta3.jpg\"><img decoding=\"async\" style=\"border: 0px none; margin: 5px;\" src=\"\/blog\/wp-content\/uploads\/2013\/thumbs\/thumbs_st_louis_ylhaalta3.jpg\" alt=\"\" \/><\/a><a href=\"\/blog\/wp-content\/uploads\/2013\/st_louis_ylhaalta4.jpg\"><img decoding=\"async\" style=\"border: 0px none; margin: 5px;\" src=\"\/blog\/wp-content\/uploads\/2013\/thumbs\/thumbs_st_louis_ylhaalta4.jpg\" alt=\"\" \/><\/a><a href=\"\/blog\/wp-content\/uploads\/2013\/st_louis_ylhaalta5.jpg\"><img decoding=\"async\" style=\"border: 0px none; margin: 5px;\" src=\"\/blog\/wp-content\/uploads\/2013\/thumbs\/thumbs_st_louis_ylhaalta5.jpg\" alt=\"\" \/><\/a><\/p>\n<p style=\"text-align: center;\"><em>Keskustan rakennuksia<\/em><\/p>\n<p style=\"text-align: center;\"><em><a href=\"\/blog\/wp-content\/uploads\/2013\/missourin_parlamenttitalo2.jpg\"><img decoding=\"async\" style=\"border: 0px none; margin: 5px;\" src=\"\/blog\/wp-content\/uploads\/2013\/missourin_parlamenttitalo2.jpg\" alt=\"\" \/><\/a><\/em><\/p>\n<p style=\"text-align: center;\"><em>Missourin valtiop\u00e4iv\u00e4talo<\/em><\/p>\n<p style=\"text-align: center;\"><a href=\"\/blog\/wp-content\/uploads\/2013\/gateway_archin_huipulla.jpg\"><img decoding=\"async\" style=\"border: 0px none; margin: 5px;\" src=\"\/blog\/wp-content\/uploads\/2013\/thumbs\/thumbs_gateway_archin_huipulla.jpg\" alt=\"\" \/><\/a><a href=\"\/blog\/wp-content\/uploads\/2013\/kaaren_varjo.jpg\"><img decoding=\"async\" style=\"border: 0px none; margin: 5px;\" src=\"\/blog\/wp-content\/uploads\/2013\/thumbs\/thumbs_kaaren_varjo.jpg\" alt=\"\" \/><\/a><\/p>\n<p style=\"text-align: center;\"><em>N\u00e4k\u00f6alatasanne ei ole j\u00e4rin valtava<\/em><\/p>\n<p style=\"text-align: center;\"><a href=\"\/blog\/wp-content\/uploads\/2013\/mahtava_mississippi.jpg\"><img decoding=\"async\" style=\"border: 0px none; margin: 5px;\" src=\"\/blog\/wp-content\/uploads\/2013\/thumbs\/thumbs_mahtava_mississippi.jpg\" alt=\"\" \/><\/a><a href=\"\/blog\/wp-content\/uploads\/2013\/siipiratasaluksia_mississippilla.jpg\"><img decoding=\"async\" style=\"border: 0px none; margin: 5px;\" src=\"\/blog\/wp-content\/uploads\/2013\/thumbs\/thumbs_siipiratasaluksia_mississippilla.jpg\" alt=\"\" \/><\/a><\/p>\n<p style=\"text-align: center;\"><em>Id\u00e4ss\u00e4 n\u00e4kyy mahtava Mississippi<\/em><\/p>\n<p style=\"text-align: justify;\">Ylh\u00e4\u00e4ll\u00e4 rakennelman koko k\u00e4y ilmi viel\u00e4kin paremmin, sill\u00e4 maisemat 192 metrin korkeudesta ovat huimat ja maankamara todella kaukana. Vaikka monumentin aulassa n\u00e4ytet\u00e4\u00e4nkin lyhyt filmi sen rakentamisesta, on uskomatonta miten rakentajat saivat jalat pysym\u00e4\u00e4n pystyss\u00e4 ja miten hyvin jalat kohtasivat toisensa. Senaikaisten lehtitietojen mukaan viimeisen palan sovittaminen olikin j\u00e4nnitetty juttu, sill\u00e4 asennusp\u00e4iv\u00e4n\u00e4 auringon l\u00e4mp\u00f6 oli l\u00e4mp\u00f6laajentanut jalkoja kolmellatoista sentill\u00e4, mink\u00e4 kutistamiseksi ty\u00f6miesten piti ruiskuttaa jalkoja kylm\u00e4ll\u00e4 vedell\u00e4. Jalkoja jouduttiin my\u00f6s tunkkaamaan tosistaan erilleen 1,8 metri\u00e4, jotta viimeinen pala saatiin lukittua tukevasti niiden v\u00e4liin. Kaiken avain olikin eritt\u00e4in tarkka insin\u00f6\u00f6rity\u00f6, sill\u00e4 kummankin p\u00e4\u00e4n jalkojen juuret saivat erota toisistaan vain 0,4 millimetri\u00e4 (!) jotta p\u00e4\u00e4t kohtaisivat ylh\u00e4\u00e4ll\u00e4. On uskomatonta miten t\u00e4ss\u00e4 toleranssissa onnistuttiin pysym\u00e4\u00e4n, eik\u00e4 rakentamisen aikana edes kuollut yht\u00e4\u00e4n ty\u00f6miest\u00e4.<\/p>\n<p style=\"text-align: center;\"><a href=\"\/blog\/wp-content\/uploads\/2013\/gateway_arch_rakennuskuvia3.jpg\"><img decoding=\"async\" style=\"border: 0px none; margin: 5px;\" src=\"\/blog\/wp-content\/uploads\/2013\/thumbs\/thumbs_gateway_arch_rakennuskuvia3.jpg\" alt=\"\" \/><\/a><a href=\"\/blog\/wp-content\/uploads\/2013\/gateway_arch_rakennuskuvia1.jpg\"><img decoding=\"async\" style=\"border: 0px none; margin: 5px;\" src=\"\/blog\/wp-content\/uploads\/2013\/thumbs\/thumbs_gateway_arch_rakennuskuvia1.jpg\" alt=\"\" \/><\/a><a href=\"\/blog\/wp-content\/uploads\/2013\/gateway_arch_rakennuskuvia2.jpg\"><img decoding=\"async\" style=\"border: 0px none; margin: 5px;\" src=\"\/blog\/wp-content\/uploads\/2013\/thumbs\/thumbs_gateway_arch_rakennuskuvia2.jpg\" alt=\"\" \/><\/a><\/p>\n<p style=\"text-align: center;\"><em>Uskomaton rakennusurakka<\/em><\/p>\n<p style=\"text-align: center;\"><a href=\"\/blog\/wp-content\/uploads\/2013\/amerikan_mahtavat_monumentit.jpg\"><img decoding=\"async\" style=\"border: 0px none; margin: 5px;\" src=\"\/blog\/wp-content\/uploads\/2013\/amerikan_mahtavat_monumentit.jpg\" alt=\"\" \/><\/a><\/p>\n<p style=\"text-align: center;\"><em>Amerikan mahtavat monumentit<\/em><\/p>\n<p style=\"text-align: justify;\">Maisemien j\u00e4lkeen kannattaa piipahtaa monumentin juuressa sijaitsevassa n\u00e4yttelyss\u00e4, jossa kerrotaan Amerikan l\u00e4nnen valloituksesta. On vaikea k\u00e4sitt\u00e4\u00e4 millaisia haasteita pitk\u00e4t et\u00e4isyydet sek\u00e4 intiaanit ovat asettaneet uudisasukkaille, jotka ovat puskeneet aina vain edemm\u00e4s n\u00e4enn\u00e4isen loputonta preeriaa. N\u00e4yttely oli meist\u00e4 molemmista eritt\u00e4in kiintoisa ja siin\u00e4 on ilmainen vierailla (huipulla vierailu maksaa hieman).<\/p>\n<p style=\"text-align: center;\"><a href=\"\/blog\/wp-content\/uploads\/2013\/lanteen_laajentumisen_museo1.jpg\"><img decoding=\"async\" style=\"border: 0px none; margin: 5px;\" src=\"\/blog\/wp-content\/uploads\/2013\/thumbs\/thumbs_lanteen_laajentumisen_museo1.jpg\" alt=\"\" \/><\/a><a href=\"\/blog\/wp-content\/uploads\/2013\/lanteen_laajentumisen_museo2.jpg\"><img decoding=\"async\" style=\"border: 0px none; margin: 5px;\" src=\"\/blog\/wp-content\/uploads\/2013\/thumbs\/thumbs_lanteen_laajentumisen_museo2.jpg\" alt=\"\" \/><\/a><a href=\"\/blog\/wp-content\/uploads\/2013\/lanteen_laajentumisen_museo5.jpg\"><img decoding=\"async\" style=\"border: 0px none; margin: 5px;\" src=\"\/blog\/wp-content\/uploads\/2013\/thumbs\/thumbs_lanteen_laajentumisen_museo5.jpg\" alt=\"\" \/><\/a><br \/>\n<a href=\"\/blog\/wp-content\/uploads\/2013\/lanteen_laajentumisen_museo3.jpg\"><img decoding=\"async\" style=\"border: 0px none; margin: 5px;\" src=\"\/blog\/wp-content\/uploads\/2013\/thumbs\/thumbs_lanteen_laajentumisen_museo3.jpg\" alt=\"\" \/><\/a><a href=\"\/blog\/wp-content\/uploads\/2013\/lanteen_laajentumisen_museo6.jpg\"><img decoding=\"async\" style=\"border: 0px none; margin: 5px;\" src=\"\/blog\/wp-content\/uploads\/2013\/thumbs\/thumbs_lanteen_laajentumisen_museo6.jpg\" alt=\"\" \/><\/a><a href=\"\/blog\/wp-content\/uploads\/2013\/lanteen_laajentumisen_museo7.jpg\"><img decoding=\"async\" style=\"border: 0px none; margin: 5px;\" src=\"\/blog\/wp-content\/uploads\/2013\/thumbs\/thumbs_lanteen_laajentumisen_museo7.jpg\" alt=\"\" \/><\/a><br \/>\n<a href=\"\/blog\/wp-content\/uploads\/2013\/lanteen_laajentumisen_museo4.jpg\"><img decoding=\"async\" style=\"border: 0px none; margin: 5px;\" src=\"\/blog\/wp-content\/uploads\/2013\/thumbs\/thumbs_lanteen_laajentumisen_museo4.jpg\" alt=\"\" \/><\/a><a href=\"\/blog\/wp-content\/uploads\/2013\/lanteen_laajentumisen_museo8.jpg\"><img decoding=\"async\" style=\"border: 0px none; margin: 5px;\" src=\"\/blog\/wp-content\/uploads\/2013\/thumbs\/thumbs_lanteen_laajentumisen_museo8.jpg\" alt=\"\" \/><\/a><\/p>\n<p style=\"text-align: center;\"><em>Villin l\u00e4nnen valloitus oli valtaisa urakka<\/em><\/p>\n<p style=\"text-align: justify;\">Harmillisesti Eero Saarinen ei n\u00e4hnyt kuuluisimman monumenttinsa rakentumista, sill\u00e4 t\u00e4m\u00e4 kuoli vuonna 1961 ja rakennusty\u00f6t aloitettiin vasta vuonna 1963. Saarinen laati suunnitelmansa jo vuonna 1948, mutta rahoitusvaikeudet viiv\u00e4styttiv\u00e4t rakentamista per\u00e4ti 15 vuotta. Kyse on silti huikeasta rakennelmasta, joka on omasta mielest\u00e4ni pakollinen n\u00e4ht\u00e4v\u00e4. Ei olekaan yht\u00e4\u00e4n ihme, ett\u00e4 kaarella vierailee vuosittain noin nelj\u00e4 miljoonaa vierasta, tehden siit\u00e4 St. Louisin selv\u00e4sti suosituimman vierailukohteen.<\/p>\n<p style=\"text-align: center;\"><a href=\"\/blog\/wp-content\/uploads\/2013\/missourin_parlamenttitalo1.jpg\"><img decoding=\"async\" style=\"border: 0px none; margin: 5px;\" src=\"\/blog\/wp-content\/uploads\/2013\/missourin_parlamenttitalo1.jpg\" alt=\"\" \/><\/a><\/p>\n<p style=\"text-align: center;\"><em>Saarinen ei n\u00e4hnyt koskaan ty\u00f6ns\u00e4 tulosta<\/em><\/p>\n<p style=\"text-align: justify;\">Kaaren luota palasimme takaisin keskustaan, jossa k\u00e4vimme katsomassa St. Louisin kaupunginmuseota (<em>City Museum<\/em>), joka ei ole mik\u00e4\u00e4n aivan tavallinen kuiva museo. Kyse on nimitt\u00e4in vanhaan rakennukseen rakennetusta valtavasta temppu- ja seikkailuradasta &#8211; er\u00e4\u00e4nlaisesta j\u00e4ttim\u00e4isest\u00e4 <em>Hop Lopista &#8211; <\/em>johon my\u00f6s aikuiset ovat tervetulleita. Ymp\u00e4ri rakennusta ja my\u00f6s sen ulkopuolelle levitt\u00e4ytyv\u00e4t kiipeilyradat, liukum\u00e4et sun muut viritelm\u00e4t ovat eritt\u00e4in suosittuja ja paikka olikin pyh\u00e4p\u00e4iv\u00e4n\u00e4 tupaten t\u00e4ynn\u00e4 lapsiperheit\u00e4.<\/p>\n<p style=\"text-align: center;\"><a href=\"\/blog\/wp-content\/uploads\/2013\/puskevat_biisonit.jpg\"><img decoding=\"async\" style=\"border: 0px none; margin: 5px;\" src=\"\/blog\/wp-content\/uploads\/2013\/puskevat_biisonit.jpg\" alt=\"\" \/><\/a><\/p>\n<p style=\"text-align: center;\"><em>Jouluisat biisonit<\/em><\/p>\n<p style=\"text-align: center;\"><a href=\"\/blog\/wp-content\/uploads\/2013\/st_louis_city_museum1.jpg\"><img decoding=\"async\" style=\"border: 0px none; margin: 5px;\" src=\"\/blog\/wp-content\/uploads\/2013\/thumbs\/thumbs_st_louis_city_museum1.jpg\" alt=\"\" \/><\/a><a href=\"\/blog\/wp-content\/uploads\/2013\/st_louis_city_museum2.jpg\"><img decoding=\"async\" style=\"border: 0px none; margin: 5px;\" src=\"\/blog\/wp-content\/uploads\/2013\/thumbs\/thumbs_st_louis_city_museum2.jpg\" alt=\"\" \/><\/a><\/p>\n<p style=\"text-align: center;\"><em>Kaiken ik\u00e4isten leikkimuseo<\/em><\/p>\n<p style=\"text-align: justify;\">Lasten mekkala oli niin kova, ett\u00e4 p\u00e4\u00e4timme j\u00e4tt\u00e4\u00e4 k\u00f6ny\u00e4misen v\u00e4liin ja katsastimmekin paikan vain ulkoa. Museolta jatkoimme matkaamme keskustassa sijaitsevaan puistoon, johon on sijoitettu monenlaista nykytaidetta. Taideteosten ihmettelyyn menikin jonkin aikaa ja ihastelimme samalla my\u00f6s St. Louisin keskustan kiehtovaa arkkitehtuuria, joka yhdist\u00e4\u00e4 uutta ja vanhaa. Kaupungin pitk\u00e4n ja loistavan historian n\u00e4kee hyvin keskustan arkkitehtuurissa ja t\u00e4n\u00e4 vuonna kaupunki viett\u00e4\u00e4 250-vuotisjuhliaan.<\/p>\n<p style=\"text-align: center;\"><a href=\"\/blog\/wp-content\/uploads\/2013\/st_louisin_keskustaa1.jpg\"><img decoding=\"async\" style=\"border: 0px none; margin: 5px;\" src=\"\/blog\/wp-content\/uploads\/2013\/st_louisin_keskustaa1.jpg\" alt=\"\" \/><\/a><\/p>\n<p style=\"text-align: center;\"><em>Keskustan monipuolista arkkitehtuuria<\/em><\/p>\n<p style=\"text-align: center;\"><a href=\"\/blog\/wp-content\/uploads\/2013\/st_louisin_keskustaa2.jpg\"><img decoding=\"async\" style=\"border: 0px none; margin: 5px;\" src=\"\/blog\/wp-content\/uploads\/2013\/thumbs\/thumbs_st_louisin_keskustaa2.jpg\" alt=\"\" \/><\/a><a href=\"\/blog\/wp-content\/uploads\/2013\/st_louisin_keskustaa6.jpg\"><img decoding=\"async\" style=\"border: 0px none; margin: 5px;\" src=\"\/blog\/wp-content\/uploads\/2013\/thumbs\/thumbs_st_louisin_keskustaa6.jpg\" alt=\"\" \/><\/a><a href=\"\/blog\/wp-content\/uploads\/2013\/one_att_center.jpg\"><img decoding=\"async\" style=\"border: 0px none; margin: 5px;\" src=\"\/blog\/wp-content\/uploads\/2013\/thumbs\/thumbs_one_att_center.jpg\" alt=\"\" \/><\/a><\/p>\n<p style=\"text-align: center;\"><em>Vanhaa ja uutta rinnakkain<\/em><\/p>\n<p style=\"text-align: center;\"><a href=\"\/blog\/wp-content\/uploads\/2013\/gateway_mall3.jpg\"><img decoding=\"async\" style=\"border: 0px none; margin: 5px;\" src=\"\/blog\/wp-content\/uploads\/2013\/thumbs\/thumbs_gateway_mall3.jpg\" alt=\"\" \/><\/a><a href=\"\/blog\/wp-content\/uploads\/2013\/gateway_mall1.jpg\"><img decoding=\"async\" style=\"border: 0px none; margin: 5px;\" src=\"\/blog\/wp-content\/uploads\/2013\/thumbs\/thumbs_gateway_mall1.jpg\" alt=\"\" \/><\/a><br \/>\n<a href=\"\/blog\/wp-content\/uploads\/2013\/gateway_mall4.jpg\"><img decoding=\"async\" style=\"border: 0px none; margin: 5px;\" src=\"\/blog\/wp-content\/uploads\/2013\/thumbs\/thumbs_gateway_mall4.jpg\" alt=\"\" \/><\/a><a href=\"\/blog\/wp-content\/uploads\/2013\/gateway_mall2.jpg\"><img decoding=\"async\" style=\"border: 0px none; margin: 5px;\" src=\"\/blog\/wp-content\/uploads\/2013\/thumbs\/thumbs_gateway_mall2.jpg\" alt=\"\" \/><\/a><\/p>\n<p style=\"text-align: center;\"><em>Modernia taidetta<\/em><\/p>\n<p style=\"text-align: justify;\">Illalla k\u00e4vimme viel\u00e4 lyhyell\u00e4 k\u00e4velyll\u00e4 katsastamassa Gateway Archin iltavalaistuksessa, mutta otin mukaani vain <a title=\"Kameralaitteisto: Nokia Lumia 1020\" href=\"https:\/\/www.vuosiamaailmalla.fi\/?p=2522\">k\u00e4nnykk\u00e4ni<\/a>, eik\u00e4 kirkkaana mustaa taivasta vastaan loistaneesta kaaresta saanut oikein hyv\u00e4\u00e4 y\u00f6kuvaa. Tapaninp\u00e4iv\u00e4n iltamme p\u00e4\u00e4ttyi illalliseen hotellilla, jonka j\u00e4lkeen painuimme pehkuihin.<\/p>\n<p style=\"text-align: justify;\">Seuraavana aamuna edess\u00e4mme olisi auton vuokraus ja matkamme jatkuisi kohti etel\u00e4\u00e4 ja <a title=\"Oklahoman preerialla\" href=\"https:\/\/www.vuosiamaailmalla.fi\/?p=7963\">Oklahomaa<\/a>.<\/p>\n<p style=\"text-align: right;\"><em>Seuraavaan osaan <a title=\"Oklahoman preerialla\" href=\"https:\/\/www.vuosiamaailmalla.fi\/?p=7963\">t\u00e4st\u00e4<\/a>. Matkakertomuksen muut osat l\u00f6ytyv\u00e4t <a href=\"https:\/\/www.vuosiamaailmalla.fi\/?tag=matkakertomus-joulu-amerikassa\">t\u00e4\u00e4lt\u00e4<\/a>.<\/em><\/p>\n","protected":false},"excerpt":{"rendered":"<p>Jatkoa t\u00e4\u00e4lt\u00e4. Matkakertomuksen muut osat l\u00f6ytyv\u00e4t t\u00e4\u00e4lt\u00e4. J\u00e4\u00e4t\u00e4v\u00e4n kylm\u00e4\u00e4 ja hieman vaisua jouluaattoa Chicagossa seurasi pilvinen joulup\u00e4iv\u00e4. Koska joulup\u00e4iv\u00e4 on Amerikassa se varsinainen joulun kohokohta, oli Chicagossakin hiljaista kuin huopatossutehtaalla kun matkasimme taksilla keskustan lounaispuolella sijaitsevalle bussiterminaalille. Siell\u00e4 el\u00e4m\u00e4\u00e4 oli hieman enemm\u00e4n, kun ihmiset olivat matkaamassa kuka mihinkin joulun pyhiksi.<\/p>\n","protected":false},"author":1,"featured_media":8746,"comment_status":"open","ping_status":"open","sticky":false,"template":"","format":"standard","meta":{"_jetpack_memberships_contains_paid_content":false,"footnotes":""},"categories":[7,890],"tags":[868,229,1098,139,264,678,1099,1751,329,1097,11],"class_list":["post-7808","post","type-post","status-publish","format-standard","has-post-thumbnail","hentry","category-matkakertomukset","category-yhdysvallat","tag-amerikan-keskilansi","tag-arkkitehtuuri","tag-gateway-arch","tag-historiaa-2","tag-joulu","tag-matkakertomus-joulu-amerikassa","tag-mississippi-river","tag-missouri","tag-road-trip","tag-st-louis","tag-matkakertomukset-yhdysvallat"],"jetpack_featured_media_url":"https:\/\/www.vuosiamaailmalla.fi\/blog\/wp-content\/uploads\/missourin_parlamenttitalo_banner.jpg","jetpack_sharing_enabled":true,"_links":{"self":[{"href":"https:\/\/www.vuosiamaailmalla.fi\/blog\/wp-json\/wp\/v2\/posts\/7808","targetHints":{"allow":["GET"]}}],"collection":[{"href":"https:\/\/www.vuosiamaailmalla.fi\/blog\/wp-json\/wp\/v2\/posts"}],"about":[{"href":"https:\/\/www.vuosiamaailmalla.fi\/blog\/wp-json\/wp\/v2\/types\/post"}],"author":[{"embeddable":true,"href":"https:\/\/www.vuosiamaailmalla.fi\/blog\/wp-json\/wp\/v2\/users\/1"}],"replies":[{"embeddable":true,"href":"https:\/\/www.vuosiamaailmalla.fi\/blog\/wp-json\/wp\/v2\/comments?post=7808"}],"version-history":[{"count":2,"href":"https:\/\/www.vuosiamaailmalla.fi\/blog\/wp-json\/wp\/v2\/posts\/7808\/revisions"}],"predecessor-version":[{"id":12926,"href":"https:\/\/www.vuosiamaailmalla.fi\/blog\/wp-json\/wp\/v2\/posts\/7808\/revisions\/12926"}],"wp:featuredmedia":[{"embeddable":true,"href":"https:\/\/www.vuosiamaailmalla.fi\/blog\/wp-json\/wp\/v2\/media\/8746"}],"wp:attachment":[{"href":"https:\/\/www.vuosiamaailmalla.fi\/blog\/wp-json\/wp\/v2\/media?parent=7808"}],"wp:term":[{"taxonomy":"category","embeddable":true,"href":"https:\/\/www.vuosiamaailmalla.fi\/blog\/wp-json\/wp\/v2\/categories?post=7808"},{"taxonomy":"post_tag","embeddable":true,"href":"https:\/\/www.vuosiamaailmalla.fi\/blog\/wp-json\/wp\/v2\/tags?post=7808"}],"curies":[{"name":"wp","href":"https:\/\/api.w.org\/{rel}","templated":true}]}}