{"id":7837,"date":"2009-08-13T12:13:02","date_gmt":"2009-08-13T19:13:02","guid":{"rendered":"http:\/\/13.53.127.146\/?p=7837"},"modified":"2021-02-25T21:26:57","modified_gmt":"2021-02-26T05:26:57","slug":"7837","status":"publish","type":"post","link":"https:\/\/www.vuosiamaailmalla.fi\/blog\/2009\/7837\/","title":{"rendered":"Keskiaikaisia kaupunkeja sek\u00e4 j\u00e4ttipato"},"content":{"rendered":"<p style=\"text-align: justify;\">Kes\u00e4n vilkkaan vierailukauden p\u00e4\u00e4ttiv\u00e4t hein\u00e4kuun lopussa luoksemme puoleksitoista viikoksi saapuneet pikkuveljeni sek\u00e4 t\u00e4m\u00e4 tytt\u00f6yst\u00e4v\u00e4. Koska meill\u00e4 ei ollut ottaa vierailun ajaksi vapaata, kiersiv\u00e4t vieraamme ahkerasti Berliinin n\u00e4ht\u00e4vyyksi\u00e4. K\u00e4vimme kuitenkin porukassa muun muassa Berliinin <em>Loxx<\/em> miniatyyrimaailmassa, kaupungin tuomiokirkossa sek\u00e4 tietenkin korkeassa tv-tornissa. N\u00e4ist\u00e4 varsinkin pienoismallimaailma oli kovasti vieraidemme mieleen, sill\u00e4 siell\u00e4 on runsaasti n\u00e4ht\u00e4v\u00e4\u00e4.<\/p>\n<p><!--more--><\/p>\n<p style=\"text-align: center;\"><a href=\"\/blog\/wp-content\/uploads\/2009\/deutsche_bundestag.jpg\"><img decoding=\"async\" style=\"border: 0px none; margin: 5px;\" src=\"\/blog\/wp-content\/uploads\/2009\/thumbs\/thumbs_deutsche_bundestag.jpg\" alt=\"\" \/><\/a><a href=\"\/blog\/wp-content\/uploads\/2009\/rathaus_platzilla.jpg\"><img decoding=\"async\" style=\"border: 0px none; margin: 5px;\" src=\"\/blog\/wp-content\/uploads\/2009\/thumbs\/thumbs_rathaus_platzilla.jpg\" alt=\"\" \/><\/a><a href=\"\/blog\/wp-content\/uploads\/2009\/berliner_dom.jpg\"><img decoding=\"async\" style=\"border: 0px none; margin: 5px;\" src=\"\/blog\/wp-content\/uploads\/2009\/thumbs\/thumbs_berliner_dom.jpg\" alt=\"\" \/><\/a><br \/>\n<a href=\"\/blog\/wp-content\/uploads\/2009\/tuomiokirkon_luona.jpg\"><img decoding=\"async\" style=\"border: 0px none; margin: 5px;\" src=\"\/blog\/wp-content\/uploads\/2009\/thumbs\/thumbs_tuomiokirkon_luona.jpg\" alt=\"\" \/><\/a><a href=\"\/blog\/wp-content\/uploads\/2009\/tv-tornissa.jpg\"><img decoding=\"async\" style=\"border: 0px none; margin: 5px;\" src=\"\/blog\/wp-content\/uploads\/2009\/thumbs\/thumbs_tv-tornissa.jpg\" alt=\"\" \/><\/a><a href=\"\/blog\/wp-content\/uploads\/2009\/hassu_tikku-ukko.jpg\"><img decoding=\"async\" style=\"border: 0px none; margin: 5px;\" src=\"\/blog\/wp-content\/uploads\/2009\/thumbs\/thumbs_hassu_tikku-ukko.jpg\" alt=\"\" \/><\/a><\/p>\n<p style=\"text-align: center;\"><em>Berliinin n\u00e4ht\u00e4vyyksi\u00e4 katsomassa<\/em><\/p>\n<p style=\"text-align: center;\"><a href=\"\/blog\/wp-content\/uploads\/2009\/loxx3.jpg\"><img decoding=\"async\" style=\"border: 0px none; margin: 5px;\" src=\"\/blog\/wp-content\/uploads\/2009\/thumbs\/thumbs_loxx3.jpg\" alt=\"\" \/><\/a><a href=\"\/blog\/wp-content\/uploads\/2009\/loxx5.jpg\"><img decoding=\"async\" style=\"border: 0px none; margin: 5px;\" src=\"\/blog\/wp-content\/uploads\/2009\/thumbs\/thumbs_loxx5.jpg\" alt=\"\" \/><\/a><a href=\"\/blog\/wp-content\/uploads\/2009\/loxx6.jpg\"><img decoding=\"async\" style=\"border: 0px none; margin: 5px;\" src=\"\/blog\/wp-content\/uploads\/2009\/thumbs\/thumbs_loxx6.jpg\" alt=\"\" \/><\/a><br \/>\n<a href=\"\/blog\/wp-content\/uploads\/2009\/loxx1.jpg\"><img decoding=\"async\" style=\"border: 0px none; margin: 5px;\" src=\"\/blog\/wp-content\/uploads\/2009\/thumbs\/thumbs_loxx1.jpg\" alt=\"\" \/><\/a><a href=\"\/blog\/wp-content\/uploads\/2009\/loxx2.jpg\"><img decoding=\"async\" style=\"border: 0px none; margin: 5px;\" src=\"\/blog\/wp-content\/uploads\/2009\/thumbs\/thumbs_loxx2.jpg\" alt=\"\" \/><\/a><a href=\"\/blog\/wp-content\/uploads\/2009\/loxx4.jpg\"><img decoding=\"async\" style=\"border: 0px none; margin: 5px;\" src=\"\/blog\/wp-content\/uploads\/2009\/thumbs\/thumbs_loxx4.jpg\" alt=\"\" \/><\/a><br \/>\n<a href=\"\/blog\/wp-content\/uploads\/2009\/loxx7.jpg\"><img decoding=\"async\" style=\"border: 0px none; margin: 5px;\" src=\"\/blog\/wp-content\/uploads\/2009\/thumbs\/thumbs_loxx7.jpg\" alt=\"\" \/><\/a><a href=\"\/blog\/wp-content\/uploads\/2009\/loxx8.jpg\"><img decoding=\"async\" style=\"border: 0px none; margin: 5px;\" src=\"\/blog\/wp-content\/uploads\/2009\/thumbs\/thumbs_loxx8.jpg\" alt=\"\" \/><\/a><\/p>\n<p style=\"text-align: center;\"><em>Kaikenlaista hassua ja hauskaa miniatyyrikoossa<\/em><\/p>\n<p style=\"text-align: justify;\">Vierailun ensimm\u00e4isen\u00e4 viikonloppuna L\u00e4nsi-Berliinin keskustassa j\u00e4rjestettiin kymmenen kilometrin iltajuoksutapahtuma, jossa k\u00e4vimme kannustamassa Niinaa sek\u00e4 ty\u00f6kaveriamme. Juoksuun osallistui yhteens\u00e4 noin 9000 juoksijaa ja se alkoi <em>Kurf\u00fcrstendammilta<\/em> hieman ennen auringonlaskua, p\u00e4\u00e4ttyen pimeyden jo laskeuduttua.<\/p>\n<p style=\"text-align: center;\"><a href=\"\/blog\/wp-content\/uploads\/2009\/juoksutapahtuma_lansi-keskustassa.jpg\"><img decoding=\"async\" style=\"border: 0px none; margin: 5px;\" src=\"\/blog\/wp-content\/uploads\/2009\/juoksutapahtuma_lansi-keskustassa.jpg\" alt=\"\" \/><\/a><\/p>\n<p style=\"text-align: center;\"><em>Iltajuoksu L\u00e4nsi-Berliiniss\u00e4<\/em><\/p>\n<p style=\"text-align: justify;\">Vierailun j\u00e4lkimm\u00e4isen\u00e4 viikonloppuna vuokrasin meille alle uuden bemarin, jolla suuntasimme koko poppoo kaupungin ulkopuolelle. Ajoimme ensiksi katsastamaan Berliinin uuden suurlentokent\u00e4n rakennusty\u00f6maata, jonka j\u00e4lkeen auton keula k\u00e4\u00e4nnettiin kohti Keski-Saksaa.<\/p>\n<p style=\"text-align: center;\"><a href=\"\/blog\/wp-content\/uploads\/2009\/lentokentan_tyomaa.jpg\"><img decoding=\"async\" style=\"border: 0px none; margin: 5px;\" src=\"\/blog\/wp-content\/uploads\/2009\/lentokentan_tyomaa_pieni.jpg\" alt=\"\" \/><\/a><\/p>\n<p style=\"text-align: center;\"><em>Lentokent\u00e4n suurty\u00f6maa<\/em><\/p>\n<p style=\"text-align: justify;\">Ensimm\u00e4inen pys\u00e4hdyksemme oli Magdeburg, joka on Saksi-Anhaltin osavaltion 230 000 asukkaan p\u00e4\u00e4kaupunki Elben rannalla. Magdeburgin kaupunki on perustettu jo vuonna 805, mutta kaupunki k\u00e4rsi toisen maailmansodan lopun pommituksissa, eik\u00e4 se onnistunut palaamaan entiseen kukoistukseensa It\u00e4-Saksan alaisuudessa. Viime vuosina kaupunki on kuitenkin alkanut j\u00e4lleen piristym\u00e4\u00e4n, sill\u00e4 se sijaitsee hyv\u00e4ll\u00e4 paikalla <a title=\"Satamakaupunki Hampuri sek\u00e4 kuuluisa Reeperbahn\" href=\"https:\/\/www.vuosiamaailmalla.fi\/?p=1459\">vilkasliikenteisen Elben<\/a> varrella. Magdeburg onkin sis\u00e4maan kaupungiksi yll\u00e4tt\u00e4v\u00e4n vilkas vesiliikenteen solmukohta, sill\u00e4 siell\u00e4 sijaitsee my\u00f6s 918-metrinen Euroopan pisin vesisilta,\u00a0<em>Wasserstra\u00dfenkreuz Magdeburg<\/em>, jota pitkin laivat voivat <em>ylitt\u00e4\u00e4<\/em> Elben matkallaan pitkin It\u00e4-Saksasta l\u00e4nteen kulkevaa kanavaa. Kanavaa ja sen sivuhaaroja pitkin p\u00e4\u00e4see <a title=\"Kev\u00e4inen p\u00e4\u00e4si\u00e4isviikonloppu Hannoverissa\" href=\"https:\/\/www.vuosiamaailmalla.fi\/?p=7347\">Hannoveriin<\/a>, <a title=\"P\u00e4\u00e4si\u00e4isretki Hampuriin\" href=\"https:\/\/www.vuosiamaailmalla.fi\/?p=310\">Hampuriin<\/a> tai vaikkapa Dortmundiin saakka ja lopulta se yhdistyy Rheiniin.<\/p>\n<p style=\"text-align: center;\"><a href=\"\/blog\/wp-content\/uploads\/2009\/magdeburg1.jpg\"><img decoding=\"async\" style=\"border: 0px none; margin: 5px;\" src=\"\/blog\/wp-content\/uploads\/2009\/thumbs\/thumbs_magdeburg1.jpg\" alt=\"\" \/><\/a><a href=\"\/blog\/wp-content\/uploads\/2009\/magdeburg2.jpg\"><img decoding=\"async\" style=\"border: 0px none; margin: 5px;\" src=\"\/blog\/wp-content\/uploads\/2009\/thumbs\/thumbs_magdeburg2.jpg\" alt=\"\" \/><\/a><a href=\"\/blog\/wp-content\/uploads\/2009\/sahkolaatikko_magdeburgissa.jpg\"><img decoding=\"async\" style=\"border: 0px none; margin: 5px;\" src=\"\/blog\/wp-content\/uploads\/2009\/thumbs\/thumbs_sahkolaatikko_magdeburgissa.jpg\" alt=\"\" \/><\/a><\/p>\n<p style=\"text-align: center;\"><em>Pys\u00e4hdys Magdeburgissa<\/em><\/p>\n<p style=\"text-align: center;\"><a href=\"\/blog\/wp-content\/uploads\/2009\/magdeburger_dom2.jpg\"><img decoding=\"async\" style=\"border: 0px none; margin: 5px;\" src=\"\/blog\/wp-content\/uploads\/2009\/thumbs\/thumbs_magdeburger_dom2.jpg\" alt=\"\" \/><\/a><a href=\"\/blog\/wp-content\/uploads\/2009\/magdeburger_dom1.jpg\"><img decoding=\"async\" style=\"border: 0px none; margin: 5px;\" src=\"\/blog\/wp-content\/uploads\/2009\/thumbs\/thumbs_magdeburger_dom1.jpg\" alt=\"\" \/><\/a><\/p>\n<p style=\"text-align: center;\"><em>Kaupungin vanha tuomiokirkko<\/em><\/p>\n<p style=\"text-align: justify;\">Vaikka t\u00e4m\u00e4 kanavasilta kuulostikin kiintoisalta, emme kiert\u00e4neet katosmaan sit\u00e4. Sen sijaan tutustuimme Magdeburgin keskustaan, jossa kohoaa muun muassa kaupungin hieno tuomiokirkko vuodelta 1209. Keskustan ehdottomasti v\u00e4rikk\u00e4in rakennus on sangen erikoinen it\u00e4valtalaisen taiteilija Friedensreich Hundertwasserin suunnittelema\u00a0<em>Gr\u00fcne Zitadelle<\/em>, joka on osa eri puolilla Saksaa ja It\u00e4valtaa sijaitsevaa erikoisten rakennusten sarjaa. Hundertwasser vihasi suoria linjoja sek\u00e4 standardin mukaan rakennettuja rakennuksia ja h\u00e4nen mielest\u00e4\u00e4n jokaisen rakennuksen kuului olla uniikki. Sit\u00e4 Magdeburgin keskustassa sijaitseva vaaleanpunainen kortteli kyll\u00e4 onkin ja ainakin se tuo vaihtelevuutta kaupunkikuvaan.<\/p>\n<p style=\"text-align: center;\"><a href=\"\/blog\/wp-content\/uploads\/2009\/grune_zitadelle3.jpg\"><img decoding=\"async\" style=\"border: 0px none; margin: 5px;\" src=\"\/blog\/wp-content\/uploads\/2009\/thumbs\/thumbs_grune_zitadelle3.jpg\" alt=\"\" \/><\/a><a href=\"\/blog\/wp-content\/uploads\/2009\/grune_zitadelle4.jpg\"><img decoding=\"async\" style=\"border: 0px none; margin: 5px;\" src=\"\/blog\/wp-content\/uploads\/2009\/thumbs\/thumbs_grune_zitadelle4.jpg\" alt=\"\" \/><\/a><a href=\"\/blog\/wp-content\/uploads\/2009\/grune_zitadelle1.jpg\"><img decoding=\"async\" style=\"border: 0px none; margin: 5px;\" src=\"\/blog\/wp-content\/uploads\/2009\/thumbs\/thumbs_grune_zitadelle1.jpg\" alt=\"\" \/><\/a><\/p>\n<p style=\"text-align: center;\"><em>Magdeburgin varmasti v\u00e4rikk\u00e4in rakennus<\/em><\/p>\n<p style=\"text-align: center;\"><a href=\"\/blog\/wp-content\/uploads\/2009\/grune_zitadelle2.jpg\"><img decoding=\"async\" style=\"border: 0px none; margin: 5px;\" src=\"\/blog\/wp-content\/uploads\/2009\/grune_zitadelle2.jpg\" alt=\"\" \/><\/a><\/p>\n<p style=\"text-align: center;\"><em>Hundertwasser vihasi suoria linjoja<\/em><\/p>\n<p style=\"text-align: justify;\">Magdeburgista matkamme jatkui aukeiden peltomaisemien poikki kohti Quedlinburgin pikkukaupunkia l\u00e4hell\u00e4 Harzin vuoristoa. Quedlinburg on Saksan yksi parhaiten s\u00e4ilyneit\u00e4 keskiaikaisia pikkukaupunkeja, mink\u00e4 vuoksi sen keskusta onkin p\u00e4\u00e4ssyt <em>UNESCO:n<\/em> maailmanperint\u00f6listalle. Pienet ja kapeat kadut kaartelevat sinne t\u00e4nne ja perinteiset <em>Fachwerk<\/em> ristikkotalot reunustavat katuja tiukasti toisiaan vasten seisten. Kaupungin keskell\u00e4 seisoo kukkulalla pieni linnoitus, jonka pihalta aukeaa kaunis maisema yli koko kaupungin. Quedlinburg muistuttaakin paljon l\u00e4hell\u00e4 sijaitsevaa <a title=\"Urheiluauto, kolmen t\u00e4hden illallinen ja viiden t\u00e4hden y\u00f6\" href=\"https:\/\/www.vuosiamaailmalla.fi\/?p=312\">Goslaria<\/a> sek\u00e4 etel\u00e4mp\u00e4n\u00e4 sijaitsevaa <a title=\"P\u00e4\u00e4si\u00e4isreissu It\u00e4- ja Keski-Saksassa\" href=\"https:\/\/www.vuosiamaailmalla.fi\/?p=1226\">Bambergia<\/a>, tarjoten perisaksalaista vanhaa keskiaikaista tunnelmaa.<\/p>\n<p style=\"text-align: center;\"><a href=\"\/blog\/wp-content\/uploads\/2009\/quedlinburg1.jpg\"><img decoding=\"async\" style=\"border: 0px none; margin: 5px;\" src=\"\/blog\/wp-content\/uploads\/2009\/thumbs\/thumbs_quedlinburg1.jpg\" alt=\"\" \/><\/a><a href=\"\/blog\/wp-content\/uploads\/2009\/quedlinburg4.jpg\"><img decoding=\"async\" style=\"border: 0px none; margin: 5px;\" src=\"\/blog\/wp-content\/uploads\/2009\/thumbs\/thumbs_quedlinburg4.jpg\" alt=\"\" \/><\/a><a href=\"\/blog\/wp-content\/uploads\/2009\/quedlinburg5.jpg\"><img decoding=\"async\" style=\"border: 0px none; margin: 5px;\" src=\"\/blog\/wp-content\/uploads\/2009\/thumbs\/thumbs_quedlinburg5.jpg\" alt=\"\" \/><\/a><br \/>\n<a href=\"\/blog\/wp-content\/uploads\/2009\/quedlinburg3.jpg\"><img decoding=\"async\" style=\"border: 0px none; margin: 5px;\" src=\"\/blog\/wp-content\/uploads\/2009\/thumbs\/thumbs_quedlinburg3.jpg\" alt=\"\" \/><\/a><a href=\"\/blog\/wp-content\/uploads\/2009\/quedlinburg7.jpg\"><img decoding=\"async\" style=\"border: 0px none; margin: 5px;\" src=\"\/blog\/wp-content\/uploads\/2009\/thumbs\/thumbs_quedlinburg7.jpg\" alt=\"\" \/><\/a><a href=\"\/blog\/wp-content\/uploads\/2009\/quedlinburg8.jpg\"><img decoding=\"async\" style=\"border: 0px none; margin: 5px;\" src=\"\/blog\/wp-content\/uploads\/2009\/thumbs\/thumbs_quedlinburg8.jpg\" alt=\"\" \/><\/a><\/p>\n<p style=\"text-align: center;\"><em>Kaunis keskiaikainen Quedlinburg<\/em><\/p>\n<p style=\"text-align: center;\"><a href=\"\/blog\/wp-content\/uploads\/2009\/quedlinburg2.jpg\"><img decoding=\"async\" style=\"border: 0px none; margin: 5px;\" src=\"\/blog\/wp-content\/uploads\/2009\/thumbs\/thumbs_quedlinburg2.jpg\" alt=\"\" \/><\/a><a href=\"\/blog\/wp-content\/uploads\/2009\/quedlinburg9.jpg\"><img decoding=\"async\" style=\"border: 0px none; margin: 5px;\" src=\"\/blog\/wp-content\/uploads\/2009\/thumbs\/thumbs_quedlinburg9.jpg\" alt=\"\" \/><\/a><a href=\"\/blog\/wp-content\/uploads\/2009\/quedlinburg10.jpg\"><img decoding=\"async\" style=\"border: 0px none; margin: 5px;\" src=\"\/blog\/wp-content\/uploads\/2009\/thumbs\/thumbs_quedlinburg10.jpg\" alt=\"\" \/><\/a><br \/>\n<a href=\"\/blog\/wp-content\/uploads\/2009\/quedlinburg11.jpg\"><img decoding=\"async\" style=\"border: 0px none; margin: 5px;\" src=\"\/blog\/wp-content\/uploads\/2009\/thumbs\/thumbs_quedlinburg11.jpg\" alt=\"\" \/><\/a><a href=\"\/blog\/wp-content\/uploads\/2009\/quedlinburg6.jpg\"><img decoding=\"async\" style=\"border: 0px none; margin: 5px;\" src=\"\/blog\/wp-content\/uploads\/2009\/thumbs\/thumbs_quedlinburg6.jpg\" alt=\"\" \/><\/a><a href=\"\/blog\/wp-content\/uploads\/2009\/rauhaisa_hetki_quedlinburgissa.jpg\"><img decoding=\"async\" style=\"border: 0px none; margin: 5px;\" src=\"\/blog\/wp-content\/uploads\/2009\/thumbs\/thumbs_rauhaisa_hetki_quedlinburgissa.jpg\" alt=\"\" \/><\/a><\/p>\n<p style=\"text-align: center;\"><em>Linnoituksen luona on mukava huilahtaa<\/em><\/p>\n<p style=\"text-align: justify;\">Hauskasti Quedlinburgissa oli juuri tuona viikonloppuna jonkinlainen kes\u00e4juhla, jonka vuoksi kaupungilla oli paljon ihmisi\u00e4 ja el\u00e4v\u00e4\u00e4 musiikkia soitettiin aina y\u00f6my\u00f6h\u00e4\u00e4n saakka. Majoituimme keskustassa sijaitsevassa fiiniss\u00e4 hotellissa, mist\u00e4 k\u00e4sin oli hyv\u00e4 kiert\u00e4\u00e4 kaupungilla viel\u00e4 illallakin ja k\u00e4yd\u00e4 illallisella keskustassa sijaitsevassa ravintolassa. Kaupunki j\u00e4ikin mieliimme viihtyis\u00e4n\u00e4 ja sinne olisi mukava palata joskus uudelleen.<\/p>\n<p style=\"text-align: center;\"><a href=\"\/blog\/wp-content\/uploads\/2009\/quedlinburg_illalla1.jpg\"><img decoding=\"async\" style=\"border: 0px none; margin: 5px;\" src=\"\/blog\/wp-content\/uploads\/2009\/thumbs\/thumbs_quedlinburg_illalla1.jpg\" alt=\"\" \/><\/a><a href=\"\/blog\/wp-content\/uploads\/2009\/quedlinburg_illalla2.jpg\"><img decoding=\"async\" style=\"border: 0px none; margin: 5px;\" src=\"\/blog\/wp-content\/uploads\/2009\/thumbs\/thumbs_quedlinburg_illalla2.jpg\" alt=\"\" \/><\/a><\/p>\n<p style=\"text-align: center;\"><em>Kes\u00e4tapahtuma toi iltaan menoa<\/em><\/p>\n<p style=\"text-align: justify;\">Sunnuntaina teimme parin tunnin p\u00e4\u00e4m\u00e4\u00e4r\u00e4tt\u00f6m\u00e4n autoretken Quedlinburgin vierelt\u00e4 alkaville Harzin kukkuloille. Harz on Keski-Saksan suurin vuoristo, jonka korkein huippu Brocken ylt\u00e4\u00e4 1141 metrin korkeuteen. Kukkulat ovat kuitenkin mets\u00e4iset ja sangen loivat, joten maisemat eiv\u00e4t ole niin jylhi\u00e4, mutta kiemuroita teit\u00e4 on hauska ajella.<\/p>\n<p style=\"text-align: center;\"><a href=\"\/blog\/wp-content\/uploads\/2009\/harzin_maisemia1.jpg\"><img decoding=\"async\" style=\"border: 0px none; margin: 5px;\" src=\"\/blog\/wp-content\/uploads\/2009\/harzin_maisemia1.jpg\" alt=\"\" \/><\/a><\/p>\n<p style=\"text-align: center;\"><em>Harzin maisemia<\/em><\/p>\n<p style=\"text-align: justify;\">Aivan sattumalta satuimme ajamaan Rappboden laakson kautta ja ylitimme siell\u00e4 <em>Rappbode-Talsperren<\/em> nimell\u00e4 tunnetun Saksan korkeimman padon. T\u00e4m\u00e4 DDR:n suurprojekti valmistui vuonna 1959 ja sill\u00e4 on korkeutta 106 metri\u00e4. Pituutta valtavalla betonisein\u00e4m\u00e4ll\u00e4 on 415 metri\u00e4 ja se ylt\u00e4\u00e4 poikki koko vehre\u00e4n laakson. Pato on olennainen osa Keski-Saksan juomaveden keruuj\u00e4rjestelm\u00e4\u00e4 ja se tuottaa my\u00f6s jonkin verran s\u00e4hk\u00f6\u00e4. Itse en ole n\u00e4hnyt koskaan yht\u00e4 suurta patoa ja ihmettelimmekin sit\u00e4 pidemm\u00e4n tovin ja k\u00e4velimme my\u00f6s sen yli viel\u00e4 uudelleen.<\/p>\n<p style=\"text-align: center;\"><a href=\"\/blog\/wp-content\/uploads\/2009\/rappboden_pato2.jpg\"><img decoding=\"async\" style=\"border: 0px none; margin: 5px;\" src=\"\/blog\/wp-content\/uploads\/2009\/thumbs\/thumbs_rappboden_pato2.jpg\" alt=\"\" \/><\/a><a href=\"\/blog\/wp-content\/uploads\/2009\/rappboden_pato1.jpg\"><img decoding=\"async\" style=\"border: 0px none; margin: 5px;\" src=\"\/blog\/wp-content\/uploads\/2009\/thumbs\/thumbs_rappboden_pato1.jpg\" alt=\"\" \/><\/a><a href=\"\/blog\/wp-content\/uploads\/2009\/rappboden_pato3.jpg\"><img decoding=\"async\" style=\"border: 0px none; margin: 5px;\" src=\"\/blog\/wp-content\/uploads\/2009\/thumbs\/thumbs_rappboden_pato3.jpg\" alt=\"\" \/><\/a><\/p>\n<p style=\"text-align: center;\"><em>T\u00e4ysin yll\u00e4tt\u00e4en l\u00f6ydetty suurpato<\/em><\/p>\n<p style=\"text-align: center;\"><a href=\"\/blog\/wp-content\/uploads\/2009\/rappboden_pato4.jpg\"><img decoding=\"async\" style=\"border: 0px none; margin: 5px;\" src=\"\/blog\/wp-content\/uploads\/2009\/rappboden_pato4.jpg\" alt=\"\" \/><\/a><\/p>\n<p style=\"text-align: center;\"><em>Saksan korkein pato<\/em><\/p>\n<p style=\"text-align: justify;\">Padolta suuntasimme hiljalleen takaisin kohti Berliini\u00e4, jossa olimme my\u00f6h\u00e4\u00e4n iltap\u00e4iv\u00e4ll\u00e4. Pian t\u00e4m\u00e4n j\u00e4lkeen vieraat l\u00e4htiv\u00e4t j\u00e4lleen kotiinsa ja mennyt viikko oli mukavaa vaihtelua arkeen ja tarjosi meille my\u00f6s mahdollisuuden n\u00e4hd\u00e4 taas hieman uusia alueita ymp\u00e4r\u00f6iv\u00e4st\u00e4 It\u00e4-Saksasta.<\/p>\n<p style=\"text-align: center;\"><a href=\"\/blog\/wp-content\/uploads\/2009\/maajussille_morsian.jpg\"><img decoding=\"async\" style=\"border: 0px none; margin: 5px;\" src=\"\/blog\/wp-content\/uploads\/2009\/maajussille_morsian.jpg\" alt=\"\" \/><\/a><\/p>\n<p style=\"text-align: center;\"><em>Pikkukyl\u00e4ss\u00e4 kuvattiin Maajussille morsianta<\/em><\/p>\n","protected":false},"excerpt":{"rendered":"<p>Kes\u00e4n vilkkaan vierailukauden p\u00e4\u00e4ttiv\u00e4t hein\u00e4kuun lopussa luoksemme puoleksitoista viikoksi saapuneet pikkuveljeni sek\u00e4 t\u00e4m\u00e4 tytt\u00f6yst\u00e4v\u00e4. Koska meill\u00e4 ei ollut ottaa vierailun ajaksi vapaata, kiersiv\u00e4t vieraamme ahkerasti Berliinin n\u00e4ht\u00e4vyyksi\u00e4. K\u00e4vimme kuitenkin porukassa muun muassa Berliinin Loxx miniatyyrimaailmassa, kaupungin tuomiokirkossa sek\u00e4 tietenkin korkeassa tv-tornissa. N\u00e4ist\u00e4 varsinkin pienoismallimaailma oli kovasti vieraidemme mieleen, sill\u00e4 siell\u00e4 on runsaasti n\u00e4ht\u00e4v\u00e4\u00e4.<\/p>\n","protected":false},"author":1,"featured_media":11980,"comment_status":"open","ping_status":"open","sticky":false,"template":"","format":"standard","meta":{"_jetpack_memberships_contains_paid_content":false,"footnotes":""},"categories":[18,3,7,10],"tags":[49,1103,132,139,382,1100,385,1101,1102,329,190,725],"class_list":["post-7837","post","type-post","status-publish","format-standard","has-post-thumbnail","hentry","category-arki-saksassa","category-arki-ulkomailla","category-matkakertomukset","category-saksa","tag-berliini","tag-grune-zitadelle","tag-harz","tag-historiaa-2","tag-loxx","tag-magdeburg","tag-miniatyyrimaailma","tag-quedlinburg","tag-rappbode-talsperre","tag-road-trip","tag-saksa","tag-vierailu"],"jetpack_featured_media_url":"https:\/\/www.vuosiamaailmalla.fi\/blog\/wp-content\/uploads\/quedlinburg_banner-1.jpg","jetpack_sharing_enabled":true,"_links":{"self":[{"href":"https:\/\/www.vuosiamaailmalla.fi\/blog\/wp-json\/wp\/v2\/posts\/7837","targetHints":{"allow":["GET"]}}],"collection":[{"href":"https:\/\/www.vuosiamaailmalla.fi\/blog\/wp-json\/wp\/v2\/posts"}],"about":[{"href":"https:\/\/www.vuosiamaailmalla.fi\/blog\/wp-json\/wp\/v2\/types\/post"}],"author":[{"embeddable":true,"href":"https:\/\/www.vuosiamaailmalla.fi\/blog\/wp-json\/wp\/v2\/users\/1"}],"replies":[{"embeddable":true,"href":"https:\/\/www.vuosiamaailmalla.fi\/blog\/wp-json\/wp\/v2\/comments?post=7837"}],"version-history":[{"count":2,"href":"https:\/\/www.vuosiamaailmalla.fi\/blog\/wp-json\/wp\/v2\/posts\/7837\/revisions"}],"predecessor-version":[{"id":11981,"href":"https:\/\/www.vuosiamaailmalla.fi\/blog\/wp-json\/wp\/v2\/posts\/7837\/revisions\/11981"}],"wp:featuredmedia":[{"embeddable":true,"href":"https:\/\/www.vuosiamaailmalla.fi\/blog\/wp-json\/wp\/v2\/media\/11980"}],"wp:attachment":[{"href":"https:\/\/www.vuosiamaailmalla.fi\/blog\/wp-json\/wp\/v2\/media?parent=7837"}],"wp:term":[{"taxonomy":"category","embeddable":true,"href":"https:\/\/www.vuosiamaailmalla.fi\/blog\/wp-json\/wp\/v2\/categories?post=7837"},{"taxonomy":"post_tag","embeddable":true,"href":"https:\/\/www.vuosiamaailmalla.fi\/blog\/wp-json\/wp\/v2\/tags?post=7837"}],"curies":[{"name":"wp","href":"https:\/\/api.w.org\/{rel}","templated":true}]}}