{"id":7855,"date":"2016-02-04T08:29:20","date_gmt":"2016-02-04T16:29:20","guid":{"rendered":"http:\/\/13.53.127.146\/?p=7855"},"modified":"2026-03-21T23:01:31","modified_gmt":"2026-03-22T06:01:31","slug":"matka-kiinan-itsehallintoalueille","status":"publish","type":"post","link":"https:\/\/www.vuosiamaailmalla.fi\/blog\/2016\/matka-kiinan-itsehallintoalueille\/","title":{"rendered":"Matka Kiinan erityishallintoalueille"},"content":{"rendered":"<p style=\"text-align: justify;\">P\u00f6ly on tuskin enn\u00e4tt\u00e4nyt laskeutua matkalaukkujen p\u00e4\u00e4lt\u00e4 <a title=\"Lumeton joulu\" href=\"https:\/\/www.vuosiamaailmalla.fi\/blog\/2015\/lumeton-joulu\/\">Suomen<\/a> sek\u00e4 Chilen kaukomatkojen j\u00e4ljilt\u00e4, kun seuraava matka on jo edess\u00e4. L\u00e4hden nimitt\u00e4in ensi viikolla Kiinaan, tosin en itse Manner-Kiinaan, vaan maan kolmelle viralliselle itsehallintoalueelle.<\/p>\n<p style=\"text-align: justify;\">Lenn\u00e4n ensi viikon torstaina <em>Air Canadan<\/em> kyydiss\u00e4 pitk\u00e4n lennon Aasian talouskeskus <strong>Hong Kongiin<\/strong>, jonka urbaanissa vilin\u00e4ss\u00e4 viet\u00e4n matkani ensimm\u00e4isen viikon. Suunnitelmani on my\u00f6s tehd\u00e4 Hong Kongista p\u00e4iv\u00e4matka aivan naapurissa sijaitsevaan <strong>Macaoon<\/strong>, sek\u00e4 mahdollisesti toiseen naapurikaupunki <strong>Shenzheniin<\/strong>.<\/p>\n<p style=\"text-align: justify;\">Hong Kongin viikon j\u00e4lkeen lenn\u00e4n matkan j\u00e4lkimm\u00e4iseksi ajaksi Kiinan naapurisaari Taiwaniin, jonka p\u00e4\u00e4kaupunkia <strong>Taipeita<\/strong> tutkin kuuden p\u00e4iv\u00e4n ajan ennen paluuta takaisin Vancouveriin. Edess\u00e4 on siis melkoinen matka kolmeen eritt\u00e4in mielenkiintoiseen paikkaan, joista jokaisella on oma pitk\u00e4 historiansa monen eri vallan alusmaana. Matkasta lis\u00e4\u00e4 sen aikana sek\u00e4 tietenkin sen j\u00e4lkeen kirjoitettavassa matkakertomuksessa!<\/p>\n","protected":false},"excerpt":{"rendered":"<p>P\u00f6ly on tuskin enn\u00e4tt\u00e4nyt laskeutua matkalaukkujen p\u00e4\u00e4lt\u00e4 Suomen sek\u00e4 Chilen kaukomatkojen j\u00e4ljilt\u00e4, kun seuraava matka on jo edess\u00e4. L\u00e4hden nimitt\u00e4in ensi viikolla Kiinaan, tosin en itse Manner-Kiinaan, vaan maan kolmelle viralliselle itsehallintoalueelle. Lenn\u00e4n ensi viikon torstaina Air Canadan kyydiss\u00e4 pitk\u00e4n lennon Aasian talouskeskus Hong Kongiin, jonka urbaanissa vilin\u00e4ss\u00e4 viet\u00e4n matkani ensimm\u00e4isen viikon. Suunnitelmani on my\u00f6s &hellip; <a href=\"https:\/\/www.vuosiamaailmalla.fi\/blog\/2016\/matka-kiinan-itsehallintoalueille\/\" class=\"more-link\">Jatka lukemista<span class=\"screen-reader-text\"> &#8221;Matka Kiinan erityishallintoalueille&#8221;<\/span><\/a><\/p>\n","protected":false},"author":1,"featured_media":0,"comment_status":"open","ping_status":"open","sticky":false,"template":"","format":"standard","meta":{"_jetpack_memberships_contains_paid_content":false,"footnotes":""},"categories":[1104,7,1105],"tags":[1106,1110,1107,1111,1109,1108],"class_list":["post-7855","post","type-post","status-publish","format-standard","hentry","category-kiina","category-matkakertomukset","category-taiwan","tag-hong-kong","tag-kiina","tag-macao","tag-matkakertomus-hongkong-taipei","tag-taipei","tag-taiwan"],"jetpack_featured_media_url":"","jetpack_sharing_enabled":true,"_links":{"self":[{"href":"https:\/\/www.vuosiamaailmalla.fi\/blog\/wp-json\/wp\/v2\/posts\/7855","targetHints":{"allow":["GET"]}}],"collection":[{"href":"https:\/\/www.vuosiamaailmalla.fi\/blog\/wp-json\/wp\/v2\/posts"}],"about":[{"href":"https:\/\/www.vuosiamaailmalla.fi\/blog\/wp-json\/wp\/v2\/types\/post"}],"author":[{"embeddable":true,"href":"https:\/\/www.vuosiamaailmalla.fi\/blog\/wp-json\/wp\/v2\/users\/1"}],"replies":[{"embeddable":true,"href":"https:\/\/www.vuosiamaailmalla.fi\/blog\/wp-json\/wp\/v2\/comments?post=7855"}],"version-history":[{"count":3,"href":"https:\/\/www.vuosiamaailmalla.fi\/blog\/wp-json\/wp\/v2\/posts\/7855\/revisions"}],"predecessor-version":[{"id":14312,"href":"https:\/\/www.vuosiamaailmalla.fi\/blog\/wp-json\/wp\/v2\/posts\/7855\/revisions\/14312"}],"wp:attachment":[{"href":"https:\/\/www.vuosiamaailmalla.fi\/blog\/wp-json\/wp\/v2\/media?parent=7855"}],"wp:term":[{"taxonomy":"category","embeddable":true,"href":"https:\/\/www.vuosiamaailmalla.fi\/blog\/wp-json\/wp\/v2\/categories?post=7855"},{"taxonomy":"post_tag","embeddable":true,"href":"https:\/\/www.vuosiamaailmalla.fi\/blog\/wp-json\/wp\/v2\/tags?post=7855"}],"curies":[{"name":"wp","href":"https:\/\/api.w.org\/{rel}","templated":true}]}}