{"id":786,"date":"2011-06-05T02:40:24","date_gmt":"2011-06-05T09:40:24","guid":{"rendered":"http:\/\/13.53.127.146\/?p=786"},"modified":"2021-02-27T20:22:25","modified_gmt":"2021-02-28T04:22:25","slug":"rankka-paiva-manhattanilla","status":"publish","type":"post","link":"https:\/\/www.vuosiamaailmalla.fi\/blog\/2011\/rankka-paiva-manhattanilla\/","title":{"rendered":"Rankka p\u00e4iv\u00e4 Manhattanilla"},"content":{"rendered":"<p style=\"text-align: justify;\">Suuntasimme sitten t\u00e4n\u00e4\u00e4n <a title=\"Kiertely\u00e4 ja kaartelua Lower Manhattanilla\" href=\"https:\/\/www.vuosiamaailmalla.fi\/?p=1483\">Lower Manhattanille<\/a>. N\u00e4htyjen kohteiden listalle kertyiv\u00e4t muun muassa kuuluisa\u00a0<em>Brooklyn Bridge<\/em>, <em>Wall Streetin<\/em>\u00a0kapea katu sek\u00e4 p\u00f6rssi, <em>Battery Park<\/em> sek\u00e4 tietenkin <a title=\"Maailmaa valaiseva Vapaudenpatsas\" href=\"http:\/\/www.vuosiamaailmalla.fi\/blog\/2011\/maailmaa-valaiseva-vapaudenpatsas\/\">ikoninen Vapaudenpatsas<\/a> Staten Islandin lautan kyydist\u00e4. P\u00e4iv\u00e4n p\u00e4\u00e4tteeksi piipahdimme my\u00f6s <em>Ground Zerolla<\/em> katsomassa uudisrakentamisen edistymist\u00e4.<\/p>\n<p style=\"text-align: justify;\">Kaikkineen k\u00e4vely\u00e4 kertyi helposti yli kymmenen kilometri\u00e4 ja nyt illalla onkin kiva vain katsella televisiota takaisin hotellilla. Mihinh\u00e4n sit\u00e4 <a title=\"Elokuvamaisemia ja Concorden kyydiss\u00e4\" href=\"https:\/\/www.vuosiamaailmalla.fi\/?p=1487\">huomenna suuntaisi<\/a>? Kohteita kyll\u00e4 riitt\u00e4\u00e4, mutta t\u00e4ll\u00e4 reissulla jokainen p\u00e4iv\u00e4 suunnitellaan aamulla p\u00e4iv\u00e4n kelin ja <a title=\"New Yorkin kirkkaat valot\" href=\"http:\/\/www.vuosiamaailmalla.fi\/blog\/2011\/new-yorkin-kirkkaat-valot\/\">fiiliksen selvitty\u00e4<\/a>. Huomisen kohteet n\u00e4keekin vasta huomenna.<\/p>\n","protected":false},"excerpt":{"rendered":"<p>Suuntasimme sitten t\u00e4n\u00e4\u00e4n Lower Manhattanille. N\u00e4htyjen kohteiden listalle kertyiv\u00e4t muun muassa kuuluisa\u00a0Brooklyn Bridge, Wall Streetin\u00a0kapea katu sek\u00e4 p\u00f6rssi, Battery Park sek\u00e4 tietenkin ikoninen Vapaudenpatsas Staten Islandin lautan kyydist\u00e4. P\u00e4iv\u00e4n p\u00e4\u00e4tteeksi piipahdimme my\u00f6s Ground Zerolla katsomassa uudisrakentamisen edistymist\u00e4. Kaikkineen k\u00e4vely\u00e4 kertyi helposti yli kymmenen kilometri\u00e4 ja nyt illalla onkin kiva vain katsella televisiota takaisin hotellilla. Mihinh\u00e4n &hellip; <a href=\"https:\/\/www.vuosiamaailmalla.fi\/blog\/2011\/rankka-paiva-manhattanilla\/\" class=\"more-link\">Jatka lukemista<span class=\"screen-reader-text\"> &#8221;Rankka p\u00e4iv\u00e4 Manhattanilla&#8221;<\/span><\/a><\/p>\n","protected":false},"author":1,"featured_media":0,"comment_status":"open","ping_status":"open","sticky":false,"template":"","format":"standard","meta":{"_jetpack_memberships_contains_paid_content":false,"footnotes":""},"categories":[7,12,890],"tags":[1317,295,11],"class_list":["post-786","post","type-post","status-publish","format-standard","hentry","category-matkakertomukset","category-matkalla-kerrottua","category-yhdysvallat","tag-matkakertomus-new-york-chicago","tag-new-york","tag-matkakertomukset-yhdysvallat"],"jetpack_featured_media_url":"","jetpack_sharing_enabled":true,"_links":{"self":[{"href":"https:\/\/www.vuosiamaailmalla.fi\/blog\/wp-json\/wp\/v2\/posts\/786","targetHints":{"allow":["GET"]}}],"collection":[{"href":"https:\/\/www.vuosiamaailmalla.fi\/blog\/wp-json\/wp\/v2\/posts"}],"about":[{"href":"https:\/\/www.vuosiamaailmalla.fi\/blog\/wp-json\/wp\/v2\/types\/post"}],"author":[{"embeddable":true,"href":"https:\/\/www.vuosiamaailmalla.fi\/blog\/wp-json\/wp\/v2\/users\/1"}],"replies":[{"embeddable":true,"href":"https:\/\/www.vuosiamaailmalla.fi\/blog\/wp-json\/wp\/v2\/comments?post=786"}],"version-history":[{"count":3,"href":"https:\/\/www.vuosiamaailmalla.fi\/blog\/wp-json\/wp\/v2\/posts\/786\/revisions"}],"predecessor-version":[{"id":12016,"href":"https:\/\/www.vuosiamaailmalla.fi\/blog\/wp-json\/wp\/v2\/posts\/786\/revisions\/12016"}],"wp:attachment":[{"href":"https:\/\/www.vuosiamaailmalla.fi\/blog\/wp-json\/wp\/v2\/media?parent=786"}],"wp:term":[{"taxonomy":"category","embeddable":true,"href":"https:\/\/www.vuosiamaailmalla.fi\/blog\/wp-json\/wp\/v2\/categories?post=786"},{"taxonomy":"post_tag","embeddable":true,"href":"https:\/\/www.vuosiamaailmalla.fi\/blog\/wp-json\/wp\/v2\/tags?post=786"}],"curies":[{"name":"wp","href":"https:\/\/api.w.org\/{rel}","templated":true}]}}