{"id":7873,"date":"2016-02-09T10:46:00","date_gmt":"2016-02-09T18:46:00","guid":{"rendered":"http:\/\/13.53.127.146\/?p=7873"},"modified":"2016-10-02T09:23:48","modified_gmt":"2016-10-02T16:23:48","slug":"viikonloppu-okanagan-rinteissa","status":"publish","type":"post","link":"https:\/\/www.vuosiamaailmalla.fi\/blog\/2016\/viikonloppu-okanagan-rinteissa\/","title":{"rendered":"Viikonloppu Okanagan rinteiss\u00e4"},"content":{"rendered":"<p style=\"text-align: justify;\">Helmikuun alkuun sijoittuva <em>Family Dayn<\/em> pitk\u00e4 viikonloppu on yksi talven suosituimpia lasketteluviikonloppuja. Kelit ovat yleens\u00e4 tuolloin kaikkein parhaimmillaan ja ylim\u00e4\u00e4r\u00e4inen vapaap\u00e4iv\u00e4 mahdollistaa lapsiperheiden matkata lumen per\u00e4ss\u00e4 hieman kauemmaskin. Meillekin viikonlopusta on muodostunut perinne l\u00e4hte\u00e4 hieman l\u00e4hivuoria kauemmas ja esimerkiksi viime vuonna etsimme parempaa lunta Kamloopsin l\u00e4hell\u00e4 sijaitsevalta <a title=\"Lunta etsim\u00e4ss\u00e4 Sun Peaksilla\" href=\"https:\/\/www.vuosiamaailmalla.fi\/?p=4269\"><em>Sun Peaksilta<\/em><\/a>. Sit\u00e4 edelt\u00e4v\u00e4n\u00e4 kev\u00e4\u00e4n\u00e4 olimme puolestaan Kelownan l\u00e4hell\u00e4 sijaitsevassa <a title=\"Big White\" href=\"https:\/\/www.vuosiamaailmalla.fi\/?p=2759\"><em>Big Whitess\u00e4<\/em><\/a>, joka miellytti meit\u00e4 molempia niin paljon, ett\u00e4 tiesimme palaavamme sinne viel\u00e4 uudelleen. \ud83d\ude42<\/p>\n<p><!--more--><\/p>\n<p style=\"text-align: justify;\">Olimme varanneet majoituksemme Kelownasta ja l\u00e4hdimme ajelemaan kohti Okanagan Valleyt\u00e4 perjantaina kaatosateen keskell\u00e4. Onneksemme keli kuuluisalla <a title=\"Valtatie halki helvetin\" href=\"https:\/\/www.vuosiamaailmalla.fi\/?p=2735\"><em>Coquihalla Highwaylla<\/em><\/a> oli kuitenkin yll\u00e4tt\u00e4v\u00e4n hyv\u00e4 ja selvisimme perille iltaseitsem\u00e4ksi. Yht\u00e4 hyv\u00e4 tuuri ei k\u00e4ynyt kuitenkaan niill\u00e4 sadoilla ihmisill\u00e4, jotka l\u00e4htiv\u00e4t matkaan muutaman tunnin my\u00f6hemmin, sill\u00e4 sankka lumen tulo oli sulkenut Coquihallan illemmalla.<\/p>\n<p style=\"text-align: center;\"><a href=\"\/blog\/wp-content\/uploads\/2016\/kelowna2.jpg\"><img decoding=\"async\" style=\"border: 0px none; margin: 5px;\" src=\"\/blog\/wp-content\/uploads\/2016\/thumbs\/thumbs_kelowna2.jpg\" alt=\"\" \/><\/a><a href=\"\/blog\/wp-content\/uploads\/2016\/kelowna1.jpg\"><img decoding=\"async\" style=\"border: 0px none; margin: 5px;\" src=\"\/blog\/wp-content\/uploads\/2016\/thumbs\/thumbs_kelowna1.jpg\" alt=\"\" \/><\/a><a href=\"\/blog\/wp-content\/uploads\/2016\/halpaa_bensaa.jpg\"><img decoding=\"async\" style=\"border: 0px none; margin: 5px;\" src=\"\/blog\/wp-content\/uploads\/2016\/thumbs\/thumbs_halpaa_bensaa.jpg\" alt=\"\" \/><\/a><\/p>\n<p style=\"text-align: center;\"><em>Kelownassa oli kaunista ja bensa halpaa (0,58\u20ac\/litra)<\/em><\/p>\n<p style=\"text-align: justify;\">Keli Kelownassa oli kaunis ja l\u00e4mp\u00f6tila pikkupakkasilla kun her\u00e4simme lauantaina aikaisin ja suuntasimme kohti noin 40 kilometri\u00e4 kaupungin pohjoispuolella sijaitsevaa Vernonia. Vernon on v\u00e4h\u00e4n yli 40 000 asukkaan pikkukaupunki, jonka luona sijaitsee <em>Silver Starina<\/em> tunnettu suuri laskettelukeskus. Emme ole aiemmin vierailleet Silver Starilla, joten olimme eritt\u00e4in kiinnostuneita kokeilemaan keskuksen rinteit\u00e4, joista sangen huomattava osa on vaativampia mustia rinteit\u00e4.<\/p>\n<p style=\"text-align: center;\"><a href=\"\/blog\/wp-content\/uploads\/2016\/silver_star_panoraama1.jpg\"><img decoding=\"async\" style=\"border: 0px none; margin: 5px;\" src=\"\/blog\/wp-content\/uploads\/2016\/silver_star_panoraama1_pieni.jpg\" alt=\"\" \/><\/a><\/p>\n<p style=\"text-align: center;\"><em>Silver Starin huipulla<\/em><\/p>\n<p style=\"text-align: justify;\">Silver Starin alppikyl\u00e4 sijaitsee 1609 metrin korkeudessa ja vuoren huippu 1915 metriss\u00e4. Huipun takana sijaitsevat takarinteet laskeutuvat kuitenkin aina 1155 metriin saakka, tarjoten mukavat reilut 700 metri\u00e4 vertikaalia. Aloitimmekin p\u00e4iv\u00e4mme takarinteill\u00e4, joilla saimme suorittaa p\u00e4iv\u00e4n ensimm\u00e4iset laskut pitkin aivan mahtavia ja sangen jyrkki\u00e4 rinteit\u00e4.<\/p>\n<p style=\"text-align: center;\"><a href=\"\/blog\/wp-content\/uploads\/2016\/silver_star_tykkylunta1.jpg\"><img decoding=\"async\" style=\"border: 0px none; margin: 5px;\" src=\"\/blog\/wp-content\/uploads\/2016\/thumbs\/thumbs_silver_star_tykkylunta1.jpg\" alt=\"\" \/><\/a><a href=\"\/blog\/wp-content\/uploads\/2016\/silver_star_tykkylunta2.jpg\"><img decoding=\"async\" style=\"border: 0px none; margin: 5px;\" src=\"\/blog\/wp-content\/uploads\/2016\/thumbs\/thumbs_silver_star_tykkylunta2.jpg\" alt=\"\" \/><\/a><a href=\"\/blog\/wp-content\/uploads\/2016\/silver_star_tykkylunta3.jpg\"><img decoding=\"async\" style=\"border: 0px none; margin: 5px;\" src=\"\/blog\/wp-content\/uploads\/2016\/thumbs\/thumbs_silver_star_tykkylunta3.jpg\" alt=\"\" \/><\/a><\/p>\n<p style=\"text-align: center;\"><em>Huippu oli tykkylumen hautaama<\/em><\/p>\n<p style=\"text-align: center;\"><a href=\"\/blog\/wp-content\/uploads\/2016\/silver_star3.jpg\"><img decoding=\"async\" style=\"border: 0px none; margin: 5px;\" src=\"\/blog\/wp-content\/uploads\/2016\/silver_star3.jpg\" alt=\"\" \/><\/a><\/p>\n<p style=\"text-align: center;\"><em>Maisemissa ei ollut moittimista<\/em><\/p>\n<p style=\"text-align: justify;\">Onneksi mets\u00e4iset rinteet suojasivat hieman navakalta tuulelta, joka oli huipulla eritt\u00e4in j\u00e4\u00e4t\u00e4v\u00e4\u00e4. Tuuli olikin tuivertanut huipun puut t\u00e4yteen painavaa tykkylunta, joka oli ihan \u00e4skett\u00e4in katkonut useitakin puita. Kaunis, mutta hieman my\u00f6s vaarallinen n\u00e4ky. \ud83d\udca1<\/p>\n<p style=\"text-align: center;\"><a href=\"\/blog\/wp-content\/uploads\/2016\/silver_star1.jpg\"><img decoding=\"async\" style=\"border: 0px none; margin: 5px;\" src=\"\/blog\/wp-content\/uploads\/2016\/thumbs\/thumbs_silver_star1.jpg\" alt=\"\" \/><\/a><a href=\"\/blog\/wp-content\/uploads\/2016\/silver_star2.jpg\"><img decoding=\"async\" style=\"border: 0px none; margin: 5px;\" src=\"\/blog\/wp-content\/uploads\/2016\/thumbs\/thumbs_silver_star2.jpg\" alt=\"\" \/><\/a><\/p>\n<p style=\"text-align: center;\"><em>Aamun ensimm\u00e4isi\u00e4 rinteit\u00e4<\/em><\/p>\n<p style=\"text-align: justify;\">Silver Starin rinteet olivat mahtavia ja mustatkaan rinteet eiv\u00e4t tehneet tiukkaa laskea. Joistain rinteist\u00e4 j\u00e4i v\u00e4h\u00e4n sellainen maku, ett\u00e4 kaikki mustaksi luokitellut rinteet eiv\u00e4t olleet sinisi\u00e4 kummoisempia, mutta kaikkialla oli kuitenkin hauskaa. Onnistuimme my\u00f6s v\u00e4ltt\u00e4m\u00e4\u00e4n melkein kokonaan pahimmat hissiruuhkat, taktikoimalla eri hissien sek\u00e4 my\u00f6h\u00e4isen lounaan v\u00e4lill\u00e4. Taktikointia on my\u00f6s syyt\u00e4 harrastaa, sill\u00e4 kaikki suuremmat keskukset ovat hyvin vilkkaita Family Dayn aikaan.<\/p>\n<p style=\"text-align: center;\"><a href=\"\/blog\/wp-content\/uploads\/2016\/silver_star_panoraama2.jpg\"><img decoding=\"async\" style=\"border: 0px none; margin: 5px;\" src=\"\/blog\/wp-content\/uploads\/2016\/silver_star_panoraama2_pieni.jpg\" alt=\"\" \/><\/a><\/p>\n<p style=\"text-align: center;\"><em>Talvinen hopeat\u00e4hti<\/em><\/p>\n<p style=\"text-align: justify;\">Sunnuntaina pakkanen oli viel\u00e4 hieman purevampi, kun suuntasimme toiseksi laskettelup\u00e4iv\u00e4ksi Big Whitelle, miss\u00e4 aloitimme p\u00e4iv\u00e4mme <em>Gem Lake Expressin <\/em>rinteist\u00e4. Muistikuvamme kahden vuoden takaa piti edelleen paikkansa ja rinteet olivat t\u00e4ynn\u00e4 eritt\u00e4in vaihtelevaa profiilia sek\u00e4 kunnon kumpareita. Rinteet olivat my\u00f6s hyvin v\u00e4h\u00e4n laskettuja, sill\u00e4 Big Whitell\u00e4 oli saatu vain pari p\u00e4iv\u00e4\u00e4 aiemmin huomattava m\u00e4\u00e4r\u00e4 uutta lunta, mutta hajonnut hissi ei mahdollistanut kenenk\u00e4\u00e4n p\u00e4\u00e4st\u00e4 nauttimaan siit\u00e4 ennen kuin vasta lauantaina iltap\u00e4iv\u00e4ll\u00e4. Sunnuntaina lumi olikin viel\u00e4 erinomaista, mutta eritt\u00e4in kylm\u00e4 tuuli teki laskettelusta hyvin j\u00e4\u00e4t\u00e4v\u00e4\u00e4 puuhaa.<\/p>\n<p style=\"text-align: center;\"><a href=\"\/blog\/wp-content\/uploads\/2016\/big_white2.jpg\"><img decoding=\"async\" style=\"border: 0px none; margin: 5px;\" src=\"\/blog\/wp-content\/uploads\/2016\/thumbs\/thumbs_big_white2.jpg\" alt=\"\" \/><\/a><a href=\"\/blog\/wp-content\/uploads\/2016\/big_white1.jpg\"><img decoding=\"async\" style=\"border: 0px none; margin: 5px;\" src=\"\/blog\/wp-content\/uploads\/2016\/thumbs\/thumbs_big_white1.jpg\" alt=\"\" \/><\/a><\/p>\n<p style=\"text-align: center;\"><em>Big White oli nimens\u00e4 mukainen<\/em><\/p>\n<p style=\"text-align: justify;\">Keskip\u00e4iv\u00e4n aikoihin pakkanen kuitenkin lauhtui, kun sakea lumisade kulki keskuksen poikki, laantuen kuitenkin iltap\u00e4iv\u00e4ksi. Hieman huonosta n\u00e4kyvyydest\u00e4 huolimatta meill\u00e4 oli my\u00f6s Big Whitess\u00e4 mahtava laskettelup\u00e4iv\u00e4 ja keskus selviytyi mielest\u00e4mme hienoisena voittajana Silver Stariin n\u00e4hden, l\u00e4hinn\u00e4 hieman kiintoisampien rinteidens\u00e4 ansiosta. Kumpikin keskus tarjoaa silti loistavaa laskettelua ja rinteiss\u00e4 viihtyy helposti useammankin p\u00e4iv\u00e4n. On kuitenkin mukavaa, ett\u00e4 Kelownassa majoittuessa on mahdollista kokea molemmat keskukset, niiden sijaitessa suunnilleen yht\u00e4 kaukana.<\/p>\n<p style=\"text-align: center;\"><a href=\"\/blog\/wp-content\/uploads\/2016\/big_white3.jpg\"><img decoding=\"async\" style=\"border: 0px none; margin: 5px;\" src=\"\/blog\/wp-content\/uploads\/2016\/thumbs\/thumbs_big_white3.jpg\" alt=\"\" \/><\/a><a href=\"\/blog\/wp-content\/uploads\/2016\/big_white5.jpg\"><img decoding=\"async\" style=\"border: 0px none; margin: 5px;\" src=\"\/blog\/wp-content\/uploads\/2016\/thumbs\/thumbs_big_white5.jpg\" alt=\"\" \/><\/a><a href=\"\/blog\/wp-content\/uploads\/2016\/big_white4.jpg\"><img decoding=\"async\" style=\"border: 0px none; margin: 5px;\" src=\"\/blog\/wp-content\/uploads\/2016\/thumbs\/thumbs_big_white4.jpg\" alt=\"\" \/><\/a><\/p>\n<p style=\"text-align: center;\"><em>Sunnuntaihin mahtui lumisadettakin<\/em><\/p>\n<p style=\"text-align: justify;\">Maanantai oli paluup\u00e4iv\u00e4 ja saimme ajella hyv\u00e4n kelin vallitessa takaisin Vancouveriin. Korkeiden vuorisolien halki kulkeva moottoritie on melko hurja ajettava, sill\u00e4 nopeusrajoitus tiell\u00e4 on talvellakin 120km\/h. \ud83d\ude2f Matka siis taittuu nopeasti, mutta vauhdin huono puoli ovat hiekotushiekan kivet, joita lent\u00e4\u00e4 ohittavista autoista aivan j\u00e4rkytt\u00e4vi\u00e4 m\u00e4\u00e4ri\u00e4. Asiaa ei auta edes voimakas hidastaminen ohituksen ajaksi ja matkan tuloksena saimmekin tuulilasiimme useamman kiveniskem\u00e4n. Suomen talvirajoitukset eiv\u00e4t siis ole ollenkaan hullumpi k\u00e4yt\u00e4nt\u00f6 ja on ihme ettei niit\u00e4 ole otettu k\u00e4ytt\u00f6\u00f6n Kanadassa. \ud83d\ude15<\/p>\n<p style=\"text-align: center;\"><a href=\"\/blog\/wp-content\/uploads\/2016\/97_connector1.jpg\"><img decoding=\"async\" style=\"border: 0px none; margin: 5px;\" src=\"\/blog\/wp-content\/uploads\/2016\/thumbs\/thumbs_97_connector1.jpg\" alt=\"\" \/><\/a><a href=\"\/blog\/wp-content\/uploads\/2016\/97_connector2.jpg\"><img decoding=\"async\" style=\"border: 0px none; margin: 5px;\" src=\"\/blog\/wp-content\/uploads\/2016\/thumbs\/thumbs_97_connector2.jpg\" alt=\"\" \/><\/a><a href=\"\/blog\/wp-content\/uploads\/2016\/97_connector3.jpg\"><img decoding=\"async\" style=\"border: 0px none; margin: 5px;\" src=\"\/blog\/wp-content\/uploads\/2016\/thumbs\/thumbs_97_connector3.jpg\" alt=\"\" \/><\/a><\/p>\n<p style=\"text-align: center;\"><em>Talviset olosuhteet vuoristosolan huipulla<\/em><\/p>\n<p style=\"text-align: center;\"><a href=\"\/blog\/wp-content\/uploads\/2016\/97_connector4.jpg\"><img decoding=\"async\" style=\"border: 0px none; margin: 5px;\" src=\"\/blog\/wp-content\/uploads\/2016\/97_connector4.jpg\" alt=\"\" \/><\/a><\/p>\n<p style=\"text-align: center;\"><em>Paluumatkalla kivet lenteliv\u00e4t<\/em><\/p>\n<p style=\"text-align: justify;\">Omaa j\u00e4rke\u00e4 on silti syyt\u00e4 k\u00e4ytt\u00e4\u00e4 ajettaessa talvisessa vuoristossa, sill\u00e4 keli voi muuttua nopeasti. Saimme siit\u00e4 esimakua menomatkalla, kun hyv\u00e4 ajokeli vaihtui 1700 metrin korkeudessa sijaitsevan solan huipulla voimakkaan tuulen puhaltaman lumip\u00f6llyn vuoksi t\u00e4ysin nollaan. Siin\u00e4 ei auttanut kuin ajaa viitt\u00e4kymppi\u00e4 h\u00e4t\u00e4vilkut p\u00e4\u00e4ll\u00e4 parikymment\u00e4 kilometria ennen kuin tie viimein laskeutui pilvien alapuolelle. On j\u00e4nn\u00e4 miten paljon keli voi vaihdella vuoriston ja laaksojen v\u00e4lill\u00e4 ja huippujen kaksimetrisi\u00e4 lumipenkkoja seurasi takaisin Vancouverissa +14 asteen kev\u00e4inen auringonpaiste sek\u00e4 vihert\u00e4v\u00e4t nurmikot. \ud83d\ude2e<\/p>\n<p style=\"text-align: center;\"><a href=\"\/blog\/wp-content\/uploads\/2016\/coquihalla_talvella1.jpg\"><img decoding=\"async\" style=\"border: 0px none; margin: 5px;\" src=\"\/blog\/wp-content\/uploads\/2016\/thumbs\/thumbs_coquihalla_talvella1.jpg\" alt=\"\" \/><\/a><a href=\"\/blog\/wp-content\/uploads\/2016\/coquihalla_talvella2.jpg\"><img decoding=\"async\" style=\"border: 0px none; margin: 5px;\" src=\"\/blog\/wp-content\/uploads\/2016\/thumbs\/thumbs_coquihalla_talvella2.jpg\" alt=\"\" \/><\/a><\/p>\n<p style=\"text-align: center;\"><em>Coquihallan huipulla oli viel\u00e4 t\u00e4ysi talvi&#8230;<\/em><\/p>\n<p style=\"text-align: center;\"><a href=\"\/blog\/wp-content\/uploads\/2016\/coquihalla_talvella3.jpg\"><img decoding=\"async\" style=\"border: 0px none; margin: 5px;\" src=\"\/blog\/wp-content\/uploads\/2016\/thumbs\/thumbs_coquihalla_talvella3.jpg\" alt=\"\" \/><\/a><a href=\"\/blog\/wp-content\/uploads\/2016\/kevainen_lower_mainland1.jpg\"><img decoding=\"async\" style=\"border: 0px none; margin: 5px;\" src=\"\/blog\/wp-content\/uploads\/2016\/thumbs\/thumbs_kevainen_lower_mainland1.jpg\" alt=\"\" \/><\/a><\/p>\n<p style=\"text-align: center;\"><em>&#8230;mutta alhaalla olikin jo kev\u00e4t<\/em><\/p>\n<p style=\"text-align: justify;\">Laskettelun t\u00e4ytteinen viikonloppumme oli eritt\u00e4in onnistunut ja t\u00e4st\u00e4 onkin nyt hyv\u00e4 l\u00e4hte\u00e4 nyt kahdeksi viikoksi aivan <a title=\"Matka Kiinan erityishallintoalueille\" href=\"https:\/\/www.vuosiamaailmalla.fi\/?p=7855\">erilaisiin tunnelmiin Kiinaan<\/a>. \ud83d\ude42<\/p>\n","protected":false},"excerpt":{"rendered":"<p>Helmikuun alkuun sijoittuva Family Dayn pitk\u00e4 viikonloppu on yksi talven suosituimpia lasketteluviikonloppuja. Kelit ovat yleens\u00e4 tuolloin kaikkein parhaimmillaan ja ylim\u00e4\u00e4r\u00e4inen vapaap\u00e4iv\u00e4 mahdollistaa lapsiperheiden matkata lumen per\u00e4ss\u00e4 hieman kauemmaskin. Meillekin viikonlopusta on muodostunut perinne l\u00e4hte\u00e4 hieman l\u00e4hivuoria kauemmas ja esimerkiksi viime vuonna etsimme parempaa lunta Kamloopsin l\u00e4hell\u00e4 sijaitsevalta Sun Peaksilta. Sit\u00e4 edelt\u00e4v\u00e4n\u00e4 kev\u00e4\u00e4n\u00e4 olimme puolestaan Kelownan &hellip; <a href=\"https:\/\/www.vuosiamaailmalla.fi\/blog\/2016\/viikonloppu-okanagan-rinteissa\/\" class=\"more-link\">Jatka lukemista<span class=\"screen-reader-text\"> &#8221;Viikonloppu Okanagan rinteiss\u00e4&#8221;<\/span><\/a><\/p>\n","protected":false},"author":1,"featured_media":8467,"comment_status":"open","ping_status":"open","sticky":false,"template":"","format":"standard","meta":{"_jetpack_memberships_contains_paid_content":false,"footnotes":""},"categories":[9,778,7,774],"tags":[34,700,697,935,584,173,699,1113,202],"class_list":["post-7873","post","type-post","status-publish","format-standard","has-post-thumbnail","hentry","category-kanada","category-laskettelu-ulkoilu","category-matkakertomukset","category-ulkoilu","tag-arki","tag-big-white","tag-coquihalla-highway","tag-kanada","tag-kelowna","tag-laskettelu","tag-okanagan-valley","tag-silver-star","tag-talvi"],"jetpack_featured_media_url":"https:\/\/www.vuosiamaailmalla.fi\/blog\/wp-content\/uploads\/silver_star_banner.jpg","jetpack_sharing_enabled":true,"_links":{"self":[{"href":"https:\/\/www.vuosiamaailmalla.fi\/blog\/wp-json\/wp\/v2\/posts\/7873","targetHints":{"allow":["GET"]}}],"collection":[{"href":"https:\/\/www.vuosiamaailmalla.fi\/blog\/wp-json\/wp\/v2\/posts"}],"about":[{"href":"https:\/\/www.vuosiamaailmalla.fi\/blog\/wp-json\/wp\/v2\/types\/post"}],"author":[{"embeddable":true,"href":"https:\/\/www.vuosiamaailmalla.fi\/blog\/wp-json\/wp\/v2\/users\/1"}],"replies":[{"embeddable":true,"href":"https:\/\/www.vuosiamaailmalla.fi\/blog\/wp-json\/wp\/v2\/comments?post=7873"}],"version-history":[{"count":0,"href":"https:\/\/www.vuosiamaailmalla.fi\/blog\/wp-json\/wp\/v2\/posts\/7873\/revisions"}],"wp:featuredmedia":[{"embeddable":true,"href":"https:\/\/www.vuosiamaailmalla.fi\/blog\/wp-json\/wp\/v2\/media\/8467"}],"wp:attachment":[{"href":"https:\/\/www.vuosiamaailmalla.fi\/blog\/wp-json\/wp\/v2\/media?parent=7873"}],"wp:term":[{"taxonomy":"category","embeddable":true,"href":"https:\/\/www.vuosiamaailmalla.fi\/blog\/wp-json\/wp\/v2\/categories?post=7873"},{"taxonomy":"post_tag","embeddable":true,"href":"https:\/\/www.vuosiamaailmalla.fi\/blog\/wp-json\/wp\/v2\/tags?post=7873"}],"curies":[{"name":"wp","href":"https:\/\/api.w.org\/{rel}","templated":true}]}}