{"id":7903,"date":"2016-03-11T11:35:30","date_gmt":"2016-03-11T19:35:30","guid":{"rendered":"http:\/\/13.53.127.146\/?p=7903"},"modified":"2016-11-09T19:31:35","modified_gmt":"2016-11-10T03:31:35","slug":"kanada-usan-presidentiksi","status":"publish","type":"post","link":"https:\/\/www.vuosiamaailmalla.fi\/blog\/2016\/kanada-usan-presidentiksi\/","title":{"rendered":"Kanada Amerikan presidentiksi!"},"content":{"rendered":"<p style=\"text-align: justify;\">Amerikkalainen politiikka on jo vuosikymmenien ajan kuulunut omaan universumiinsa, mutta valitettavasti sirkukselta ei voi v\u00e4ltty\u00e4 asui miss\u00e4 tahansa. T\u00e4\u00e4ll\u00e4 rajan pohjoispuolella <a title=\"Vaalisirkus huipentuu\" href=\"https:\/\/www.vuosiamaailmalla.fi\/?p=1137\">ihmeteltiin sik\u00e4l\u00e4ist\u00e4 vaalikampanjointia<\/a> jo viime vaaleissa ja niin ihmetell\u00e4\u00e4n t\u00e4ll\u00e4kin kertaa. Ehdokkaita on piisannut laidasta laitaan erityisesti Republikaanien puolella ja joukossa on \u00e4\u00e4nekkeit\u00e4 idiootteja (jotka rakentavat <a title=\"Trump tuli Vancouveriin\" href=\"https:\/\/www.vuosiamaailmalla.fi\/?p=2137\">torneja<\/a>).<\/p>\n<p style=\"text-align: justify;\">Koska Kanadassa k\u00e4ytiin <a title=\"Kanada \u00e4\u00e4nesti muutoksen puolesta\" href=\"https:\/\/www.vuosiamaailmalla.fi\/?p=7290\">juuri parlamenttivaalit<\/a>, on maa nyt valmis ojentamaan auttavan k\u00e4tens\u00e4 rajan etel\u00e4puolisille naapureillemme <a title=\"Kanada sulattelee USA:n vaalitulosta\" href=\"https:\/\/www.vuosiamaailmalla.fi\/?p=8606\">tulevissa vaaleissaan<\/a>. Mit\u00e4p\u00e4 jos j\u00e4tt\u00e4isitte \u00e4\u00e4nest\u00e4m\u00e4st\u00e4 sirkuspellej\u00e4 ja valitsettekin Kanadan presidentiksenne? 8)<\/p>\n<p><iframe loading=\"lazy\" src=\"https:\/\/www.youtube-nocookie.com\/embed\/sCyzdD0vYOw?rel=0\" width=\"560\" height=\"315\" frameborder=\"0\" allowfullscreen=\"allowfullscreen\"><\/iframe><\/p>\n","protected":false},"excerpt":{"rendered":"<p>Amerikkalainen politiikka on jo vuosikymmenien ajan kuulunut omaan universumiinsa, mutta valitettavasti sirkukselta ei voi v\u00e4ltty\u00e4 asui miss\u00e4 tahansa. T\u00e4\u00e4ll\u00e4 rajan pohjoispuolella ihmeteltiin sik\u00e4l\u00e4ist\u00e4 vaalikampanjointia jo viime vaaleissa ja niin ihmetell\u00e4\u00e4n t\u00e4ll\u00e4kin kertaa. Ehdokkaita on piisannut laidasta laitaan erityisesti Republikaanien puolella ja joukossa on \u00e4\u00e4nekkeit\u00e4 idiootteja (jotka rakentavat torneja). Koska Kanadassa k\u00e4ytiin juuri parlamenttivaalit, on maa &hellip; <a href=\"https:\/\/www.vuosiamaailmalla.fi\/blog\/2016\/kanada-usan-presidentiksi\/\" class=\"more-link\">Jatka lukemista<span class=\"screen-reader-text\"> &#8221;Kanada Amerikan presidentiksi!&#8221;<\/span><\/a><\/p>\n","protected":false},"author":1,"featured_media":0,"comment_status":"open","ping_status":"open","sticky":false,"template":"","format":"standard","meta":{"_jetpack_memberships_contains_paid_content":false,"footnotes":""},"categories":[17,3],"tags":[25,32,133,935,297,11],"class_list":["post-7903","post","type-post","status-publish","format-standard","hentry","category-arki-kanadassa","category-arki-ulkomailla","tag-ajankohtaista","tag-amerikkalainen-juttu","tag-hassua","tag-kanada","tag-vaalit","tag-matkakertomukset-yhdysvallat"],"jetpack_featured_media_url":"","jetpack_sharing_enabled":true,"_links":{"self":[{"href":"https:\/\/www.vuosiamaailmalla.fi\/blog\/wp-json\/wp\/v2\/posts\/7903","targetHints":{"allow":["GET"]}}],"collection":[{"href":"https:\/\/www.vuosiamaailmalla.fi\/blog\/wp-json\/wp\/v2\/posts"}],"about":[{"href":"https:\/\/www.vuosiamaailmalla.fi\/blog\/wp-json\/wp\/v2\/types\/post"}],"author":[{"embeddable":true,"href":"https:\/\/www.vuosiamaailmalla.fi\/blog\/wp-json\/wp\/v2\/users\/1"}],"replies":[{"embeddable":true,"href":"https:\/\/www.vuosiamaailmalla.fi\/blog\/wp-json\/wp\/v2\/comments?post=7903"}],"version-history":[{"count":0,"href":"https:\/\/www.vuosiamaailmalla.fi\/blog\/wp-json\/wp\/v2\/posts\/7903\/revisions"}],"wp:attachment":[{"href":"https:\/\/www.vuosiamaailmalla.fi\/blog\/wp-json\/wp\/v2\/media?parent=7903"}],"wp:term":[{"taxonomy":"category","embeddable":true,"href":"https:\/\/www.vuosiamaailmalla.fi\/blog\/wp-json\/wp\/v2\/categories?post=7903"},{"taxonomy":"post_tag","embeddable":true,"href":"https:\/\/www.vuosiamaailmalla.fi\/blog\/wp-json\/wp\/v2\/tags?post=7903"}],"curies":[{"name":"wp","href":"https:\/\/api.w.org\/{rel}","templated":true}]}}