{"id":796,"date":"2011-05-15T23:18:25","date_gmt":"2011-05-16T06:18:25","guid":{"rendered":"http:\/\/13.53.127.146\/?p=796"},"modified":"2012-10-09T15:19:37","modified_gmt":"2012-10-09T22:19:37","slug":"1-6","status":"publish","type":"post","link":"https:\/\/www.vuosiamaailmalla.fi\/blog\/2011\/1-6\/","title":{"rendered":"1-6!!"},"content":{"rendered":"<p style=\"text-align: justify;\">On hetki\u00e4 jotka muistaa l\u00e4pi el\u00e4m\u00e4n ja vuoden -95 j\u00e4\u00e4kiekon MM-kisat sek\u00e4 niit\u00e4 seurannut juhlahumu on jotain sellaista, mit\u00e4 muistan edelleen. Vaikka en l\u00e4tk\u00e4fani olekaan, oli Suomen ensimm\u00e4inen MM-kulta sen luokan tapahtuma, ett\u00e4 j\u00e4i pysyv\u00e4sti tuolloin 12-vuotiaan mieleen. Sittemmin on vastaavia muistoja saatu odottaa 16 vuotta, kunnes t\u00e4n\u00e4\u00e4n potti r\u00e4j\u00e4hti vihdoin uudelleen. Ja mill\u00e4 tavalla: rakas Ruotsi joutui n\u00f6yrtym\u00e4\u00e4n lukemin 1-6! Meno oli kolmannessa er\u00e4ss\u00e4 suorastaan uskomatonta katsottavaa ja varmasti jotain mit\u00e4 tullaan muistelemaan Suomessa viel\u00e4 piiiitk\u00e4\u00e4n!<\/p>\n<p><!--more--><\/p>\n<p style=\"text-align: justify;\">J\u00e4\u00e4kiekon MM-otteluiden seuraaminen on ollut Saksassa melkoisen hankala urakka, sill\u00e4 <a href=\"http:\/\/areena.yle.fi\">YLE Areena<\/a> ei pysty n\u00e4ytt\u00e4m\u00e4\u00e4n otteluita tv-oikeuksien vuoksi kuin Suomessa. Onneksi saimme eilen viritetty\u00e4 kaapeli-tv:n kautta Sport1-urheilukanavan analogi-l\u00e4hetyksen (sellaisiakin on viel\u00e4!), josta loppuottelu oli t\u00e4n\u00e4\u00e4n n\u00e4ht\u00e4viss\u00e4. Kun viel\u00e4 YLE\u00a0Areenan kautta sai siihen pariksi vain sekunnin kuvaa edell\u00e4 olleen suomalaisen selostuksen, oli kasassa kunnon ottelun puitteet. Selostus ei ollut legendaarisen Mertarannan k\u00e4sialaa, mutta silti hyvin toimiva&#8230; aina viimeiselle kymmenelle minuutille saakka, jolloin viive nousi sellaiseksi ett\u00e4 oli pakko vaihtaa tv-l\u00e4hetyksen saksalaiseen selostukseen. Voi sit\u00e4 innotonta selostusta samaan aikaan kun Suomi tehtaili viimeiset minuutit maaleja liukuhihnalta. Saksalaiset eiv\u00e4t vain ymm\u00e4rr\u00e4 mist\u00e4 siin\u00e4 oli kyse, eiv\u00e4t niin alkuunkaan&#8230; \ud83d\ude44<\/p>\n<p style=\"text-align: justify;\">Noh, toinen mestaruus on nyt totta ja Suomessa on varmasti edess\u00e4 kovat juhlat tulevalla viikolla. Juhlaan onkin aihetta ja voi vain toivoa, ettei seuraavaa kultaa tarvitse odottaa 44-vuotiaaksi saakka, vuoteen 2027. 8)<\/p>\n","protected":false},"excerpt":{"rendered":"<p>On hetki\u00e4 jotka muistaa l\u00e4pi el\u00e4m\u00e4n ja vuoden -95 j\u00e4\u00e4kiekon MM-kisat sek\u00e4 niit\u00e4 seurannut juhlahumu on jotain sellaista, mit\u00e4 muistan edelleen. Vaikka en l\u00e4tk\u00e4fani olekaan, oli Suomen ensimm\u00e4inen MM-kulta sen luokan tapahtuma, ett\u00e4 j\u00e4i pysyv\u00e4sti tuolloin 12-vuotiaan mieleen. Sittemmin on vastaavia muistoja saatu odottaa 16 vuotta, kunnes t\u00e4n\u00e4\u00e4n potti r\u00e4j\u00e4hti vihdoin uudelleen. Ja mill\u00e4 tavalla: &hellip; <a href=\"https:\/\/www.vuosiamaailmalla.fi\/blog\/2011\/1-6\/\" class=\"more-link\">Jatka lukemista<span class=\"screen-reader-text\"> &#8221;1-6!!&#8221;<\/span><\/a><\/p>\n","protected":false},"author":1,"featured_media":0,"comment_status":"open","ping_status":"open","sticky":false,"template":"","format":"standard","meta":{"_jetpack_memberships_contains_paid_content":false,"footnotes":""},"categories":[18,3],"tags":[25,34,296,190,198],"class_list":["post-796","post","type-post","status-publish","format-standard","hentry","category-arki-saksassa","category-arki-ulkomailla","tag-ajankohtaista","tag-arki","tag-jaakiekko","tag-saksa","tag-suomi"],"jetpack_featured_media_url":"","jetpack_sharing_enabled":true,"_links":{"self":[{"href":"https:\/\/www.vuosiamaailmalla.fi\/blog\/wp-json\/wp\/v2\/posts\/796","targetHints":{"allow":["GET"]}}],"collection":[{"href":"https:\/\/www.vuosiamaailmalla.fi\/blog\/wp-json\/wp\/v2\/posts"}],"about":[{"href":"https:\/\/www.vuosiamaailmalla.fi\/blog\/wp-json\/wp\/v2\/types\/post"}],"author":[{"embeddable":true,"href":"https:\/\/www.vuosiamaailmalla.fi\/blog\/wp-json\/wp\/v2\/users\/1"}],"replies":[{"embeddable":true,"href":"https:\/\/www.vuosiamaailmalla.fi\/blog\/wp-json\/wp\/v2\/comments?post=796"}],"version-history":[{"count":0,"href":"https:\/\/www.vuosiamaailmalla.fi\/blog\/wp-json\/wp\/v2\/posts\/796\/revisions"}],"wp:attachment":[{"href":"https:\/\/www.vuosiamaailmalla.fi\/blog\/wp-json\/wp\/v2\/media?parent=796"}],"wp:term":[{"taxonomy":"category","embeddable":true,"href":"https:\/\/www.vuosiamaailmalla.fi\/blog\/wp-json\/wp\/v2\/categories?post=796"},{"taxonomy":"post_tag","embeddable":true,"href":"https:\/\/www.vuosiamaailmalla.fi\/blog\/wp-json\/wp\/v2\/tags?post=796"}],"curies":[{"name":"wp","href":"https:\/\/api.w.org\/{rel}","templated":true}]}}