{"id":8020,"date":"2016-03-20T08:40:29","date_gmt":"2016-03-20T15:40:29","guid":{"rendered":"http:\/\/13.53.127.146\/?p=8020"},"modified":"2016-10-23T20:04:16","modified_gmt":"2016-10-24T03:04:16","slug":"maaliskuista-laskettelua-whistlerissa","status":"publish","type":"post","link":"https:\/\/www.vuosiamaailmalla.fi\/blog\/2016\/maaliskuista-laskettelua-whistlerissa\/","title":{"rendered":"Maaliskuista laskettelua Whistleriss\u00e4"},"content":{"rendered":"<p style=\"text-align: justify;\">Kev\u00e4t on kiintoisaa aikaa Vancouverissa. Kaupungissa l\u00e4mp\u00f6tila kohoaa p\u00e4ivisin jo +15 asteen tienoille ja ylikin, ja kukat kukkivat kaikkialla kirkkaina ja puiden lehdet aukeavat joka p\u00e4iv\u00e4 yh\u00e4 enemm\u00e4n. Kuitenkin samaan aikaan vuorilla on viel\u00e4 t\u00e4ysi talvi ja yleens\u00e4 juuri maaliskuu on se kaikkein lumisin kuukausi.<\/p>\n<p><!--more--><\/p>\n<p style=\"text-align: justify;\">T\u00e4n\u00e4 vuonna t\u00e4m\u00e4 on pit\u00e4nyt eritt\u00e4in hyvin paikkansa ja lunta on satanut t\u00e4\u00e4ll\u00e4 l\u00e4nsirannikolla poikkeuksellisen paljon. Esimerkiksi Whistleriss\u00e4 satoi edellisen kahden viikon aikana yli <strong>kolme metri\u00e4<\/strong> lunta, kohottaen lumen syvyyden jo l\u00e4hes kolmeen ja puoleen metriin. Koko talven kertym\u00e4 on jo huikeat 11,5 metri\u00e4, mik\u00e4 on toista metri\u00e4 keskim\u00e4\u00e4r\u00e4ist\u00e4 talvea enemm\u00e4n. \ud83d\ude2f Lukema j\u00e4\u00e4 tuskin viel\u00e4 tuohonkaan ja loistavan laskettelukauden voi ennustaa ylt\u00e4v\u00e4n pitk\u00e4lle huhtikuulle saakka, jollei pidemp\u00e4\u00e4nkin.<\/p>\n<p style=\"text-align: center;\"><a href=\"\/blog\/wp-content\/uploads\/2016\/blackcomb_maaliskuussa3.jpg\"><img decoding=\"async\" style=\"border: 0px none; margin: 5px;\" src=\"\/blog\/wp-content\/uploads\/2016\/thumbs\/thumbs_blackcomb_maaliskuussa3.jpg\" alt=\"\" \/><\/a><a href=\"\/blog\/wp-content\/uploads\/2016\/blackcomb_maaliskuussa1.jpg\"><img decoding=\"async\" style=\"border: 0px none; margin: 5px;\" src=\"\/blog\/wp-content\/uploads\/2016\/thumbs\/thumbs_blackcomb_maaliskuussa1.jpg\" alt=\"\" \/><\/a><a href=\"\/blog\/wp-content\/uploads\/2016\/blackcomb_maaliskuussa5.jpg\"><img decoding=\"async\" style=\"border: 0px none; margin: 5px;\" src=\"\/blog\/wp-content\/uploads\/2016\/thumbs\/thumbs_blackcomb_maaliskuussa5.jpg\" alt=\"\" \/><\/a><\/p>\n<p style=\"text-align: center;\"><em>Perjantai tarjosi tilaa laskea<\/em><\/p>\n<p style=\"text-align: justify;\">Uuden lumen kiehtomina l\u00e4hdimmekin perjantaina kokeilemaan j\u00e4lleen Whistlerin rinteit\u00e4, t\u00e4ll\u00e4 kertaa Blackcombin puolelle. Olemme olleet vuorella viimeeksi juuri ennen joulua, jolloin nautimme kauniin <a title=\"Kaunis pakkasp\u00e4iv\u00e4 Whistlerill\u00e4\" href=\"https:\/\/www.vuosiamaailmalla.fi\/?p=7600\">kipakasta pakkasp\u00e4iv\u00e4st\u00e4<\/a> rinteess\u00e4. L\u00e4mp\u00f6tila oli t\u00e4ll\u00e4 kertaa vain hieman pakkasen puolella, mutta lumi oli kauttaaltaan fantastista! Kohtasimme m\u00e4rk\u00e4\u00e4 lunta vasta alle kilometrin korkeudessa alas kyl\u00e4\u00e4n laskiessamme ja paistattelimme koko p\u00e4iv\u00e4n ohuen pilviverhon l\u00e4pi paistavassa kauniissa kev\u00e4tauringossa mahtavissa vuoristomaisemissa.<\/p>\n<p style=\"text-align: center;\"><a href=\"\/blog\/wp-content\/uploads\/2016\/blackcomb_maaliskuussa2.jpg\"><img decoding=\"async\" style=\"border: 0px none; margin: 5px;\" src=\"\/blog\/wp-content\/uploads\/2016\/thumbs\/thumbs_blackcomb_maaliskuussa2.jpg\" alt=\"\" \/><\/a><a href=\"\/blog\/wp-content\/uploads\/2016\/blackcomb_maaliskuussa4.jpg\"><img decoding=\"async\" style=\"border: 0px none; margin: 5px;\" src=\"\/blog\/wp-content\/uploads\/2016\/thumbs\/thumbs_blackcomb_maaliskuussa4.jpg\" alt=\"\" \/><\/a><\/p>\n<p style=\"text-align: center;\"><em>Aurinkoa ja pient\u00e4 utua<\/em><\/p>\n<p style=\"text-align: justify;\">Kyseess\u00e4 oli vuoden nelj\u00e4s laskettelup\u00e4iv\u00e4mme Whistleriss\u00e4 ja mahdollisesti my\u00f6s vuoden paras, vaikkakin <a title=\"Tuoreita latuja\" href=\"https:\/\/www.vuosiamaailmalla.fi\/?p=7830\">edelliskerran tuore lumi<\/a> Whistler vuoren puolella oli sekin puhdasta parhautta. Saapa n\u00e4hd\u00e4 josko m\u00e4keen keret\u00e4\u00e4n viel\u00e4 kertaalleen ennen kauden p\u00e4\u00e4ttymist\u00e4. Hinku ainakin olisi. \ud83d\ude42<\/p>\n<p style=\"text-align: center;\"><a href=\"\/blog\/wp-content\/uploads\/2016\/7th_heaven_panoraama.jpg\"><img decoding=\"async\" style=\"border: 0px none; margin: 5px;\" src=\"\/blog\/wp-content\/uploads\/2016\/7th_heaven_panoraama_pieni.jpg\" alt=\"\" \/><\/a><\/p>\n<p style=\"text-align: center;\"><em>Tyhji\u00e4 rinteit\u00e4 upeassa keliss\u00e4<\/em><\/p>\n","protected":false},"excerpt":{"rendered":"<p>Kev\u00e4t on kiintoisaa aikaa Vancouverissa. Kaupungissa l\u00e4mp\u00f6tila kohoaa p\u00e4ivisin jo +15 asteen tienoille ja ylikin, ja kukat kukkivat kaikkialla kirkkaina ja puiden lehdet aukeavat joka p\u00e4iv\u00e4 yh\u00e4 enemm\u00e4n. Kuitenkin samaan aikaan vuorilla on viel\u00e4 t\u00e4ysi talvi ja yleens\u00e4 juuri maaliskuu on se kaikkein lumisin kuukausi.<\/p>\n","protected":false},"author":1,"featured_media":8429,"comment_status":"open","ping_status":"open","sticky":false,"template":"","format":"standard","meta":{"_jetpack_memberships_contains_paid_content":false,"footnotes":""},"categories":[17,3,778,774],"tags":[34,935,160,173,218],"class_list":["post-8020","post","type-post","status-publish","format-standard","has-post-thumbnail","hentry","category-arki-kanadassa","category-arki-ulkomailla","category-laskettelu-ulkoilu","category-ulkoilu","tag-arki","tag-kanada","tag-kevat","tag-laskettelu","tag-whistler"],"jetpack_featured_media_url":"https:\/\/www.vuosiamaailmalla.fi\/blog\/wp-content\/uploads\/7th_heaven_panoraama_banner.jpg","jetpack_sharing_enabled":true,"_links":{"self":[{"href":"https:\/\/www.vuosiamaailmalla.fi\/blog\/wp-json\/wp\/v2\/posts\/8020","targetHints":{"allow":["GET"]}}],"collection":[{"href":"https:\/\/www.vuosiamaailmalla.fi\/blog\/wp-json\/wp\/v2\/posts"}],"about":[{"href":"https:\/\/www.vuosiamaailmalla.fi\/blog\/wp-json\/wp\/v2\/types\/post"}],"author":[{"embeddable":true,"href":"https:\/\/www.vuosiamaailmalla.fi\/blog\/wp-json\/wp\/v2\/users\/1"}],"replies":[{"embeddable":true,"href":"https:\/\/www.vuosiamaailmalla.fi\/blog\/wp-json\/wp\/v2\/comments?post=8020"}],"version-history":[{"count":0,"href":"https:\/\/www.vuosiamaailmalla.fi\/blog\/wp-json\/wp\/v2\/posts\/8020\/revisions"}],"wp:featuredmedia":[{"embeddable":true,"href":"https:\/\/www.vuosiamaailmalla.fi\/blog\/wp-json\/wp\/v2\/media\/8429"}],"wp:attachment":[{"href":"https:\/\/www.vuosiamaailmalla.fi\/blog\/wp-json\/wp\/v2\/media?parent=8020"}],"wp:term":[{"taxonomy":"category","embeddable":true,"href":"https:\/\/www.vuosiamaailmalla.fi\/blog\/wp-json\/wp\/v2\/categories?post=8020"},{"taxonomy":"post_tag","embeddable":true,"href":"https:\/\/www.vuosiamaailmalla.fi\/blog\/wp-json\/wp\/v2\/tags?post=8020"}],"curies":[{"name":"wp","href":"https:\/\/api.w.org\/{rel}","templated":true}]}}