{"id":8031,"date":"2016-03-25T08:17:44","date_gmt":"2016-03-25T15:17:44","guid":{"rendered":"http:\/\/13.53.127.146\/?p=8031"},"modified":"2017-10-22T11:58:03","modified_gmt":"2017-10-22T18:58:03","slug":"floridan-lampoon","status":"publish","type":"post","link":"https:\/\/www.vuosiamaailmalla.fi\/blog\/2016\/floridan-lampoon\/","title":{"rendered":"Floridan l\u00e4mp\u00f6\u00f6n"},"content":{"rendered":"<p style=\"text-align: justify;\">Sunnuntaina vaihdamme kev\u00e4isen Vancouverin kes\u00e4keleihin, kun matkaamme Niinan kanssa kymmeneksi p\u00e4iv\u00e4ksi aina l\u00e4mpim\u00e4\u00e4n Floridaan! Kyseess\u00e4 on aika pikaisella aikataululla muodostunut ty\u00f6- ja lomamatkan yhdistelm\u00e4, jolla kierr\u00e4mme Miamin, Orlandon sek\u00e4 viimeisen\u00e4 Tampan kaupungit.<\/p>\n<p style=\"text-align: justify;\">Suunnitelmissa ei ole (ainakaan paljoa) rannalla l\u00f6h\u00f6ily\u00e4, vaan enemm\u00e4nkin kaupunkien sek\u00e4 niiden n\u00e4ht\u00e4vyyksien tutkimista sek\u00e4 Karibian rannikon letke\u00e4st\u00e4 el\u00e4m\u00e4nmenosta ja hyv\u00e4st\u00e4 ruoasta nauttimista. Kuvia ja tunnelmia t\u00e4lt\u00e4kin reissulta my\u00f6hemm\u00e4ss\u00e4 vaiheessa t\u00e4nne blogiin. \ud83d\ude42<\/p>\n","protected":false},"excerpt":{"rendered":"<p>Sunnuntaina vaihdamme kev\u00e4isen Vancouverin kes\u00e4keleihin, kun matkaamme Niinan kanssa kymmeneksi p\u00e4iv\u00e4ksi aina l\u00e4mpim\u00e4\u00e4n Floridaan! Kyseess\u00e4 on aika pikaisella aikataululla muodostunut ty\u00f6- ja lomamatkan yhdistelm\u00e4, jolla kierr\u00e4mme Miamin, Orlandon sek\u00e4 viimeisen\u00e4 Tampan kaupungit. Suunnitelmissa ei ole (ainakaan paljoa) rannalla l\u00f6h\u00f6ily\u00e4, vaan enemm\u00e4nkin kaupunkien sek\u00e4 niiden n\u00e4ht\u00e4vyyksien tutkimista sek\u00e4 Karibian rannikon letke\u00e4st\u00e4 el\u00e4m\u00e4nmenosta ja hyv\u00e4st\u00e4 ruoasta nauttimista. &hellip; <a href=\"https:\/\/www.vuosiamaailmalla.fi\/blog\/2016\/floridan-lampoon\/\" class=\"more-link\">Jatka lukemista<span class=\"screen-reader-text\"> &#8221;Floridan l\u00e4mp\u00f6\u00f6n&#8221;<\/span><\/a><\/p>\n","protected":false},"author":1,"featured_media":0,"comment_status":"open","ping_status":"open","sticky":false,"template":"","format":"standard","meta":{"_jetpack_memberships_contains_paid_content":false,"footnotes":""},"categories":[7,890],"tags":[1129,1130,1132,1131],"class_list":["post-8031","post","type-post","status-publish","format-standard","hentry","category-matkakertomukset","category-yhdysvallat","tag-matkakertomus-florida","tag-miami","tag-orlando","tag-tampa"],"jetpack_featured_media_url":"","jetpack_sharing_enabled":true,"_links":{"self":[{"href":"https:\/\/www.vuosiamaailmalla.fi\/blog\/wp-json\/wp\/v2\/posts\/8031","targetHints":{"allow":["GET"]}}],"collection":[{"href":"https:\/\/www.vuosiamaailmalla.fi\/blog\/wp-json\/wp\/v2\/posts"}],"about":[{"href":"https:\/\/www.vuosiamaailmalla.fi\/blog\/wp-json\/wp\/v2\/types\/post"}],"author":[{"embeddable":true,"href":"https:\/\/www.vuosiamaailmalla.fi\/blog\/wp-json\/wp\/v2\/users\/1"}],"replies":[{"embeddable":true,"href":"https:\/\/www.vuosiamaailmalla.fi\/blog\/wp-json\/wp\/v2\/comments?post=8031"}],"version-history":[{"count":0,"href":"https:\/\/www.vuosiamaailmalla.fi\/blog\/wp-json\/wp\/v2\/posts\/8031\/revisions"}],"wp:attachment":[{"href":"https:\/\/www.vuosiamaailmalla.fi\/blog\/wp-json\/wp\/v2\/media?parent=8031"}],"wp:term":[{"taxonomy":"category","embeddable":true,"href":"https:\/\/www.vuosiamaailmalla.fi\/blog\/wp-json\/wp\/v2\/categories?post=8031"},{"taxonomy":"post_tag","embeddable":true,"href":"https:\/\/www.vuosiamaailmalla.fi\/blog\/wp-json\/wp\/v2\/tags?post=8031"}],"curies":[{"name":"wp","href":"https:\/\/api.w.org\/{rel}","templated":true}]}}