{"id":8033,"date":"2016-03-30T16:01:52","date_gmt":"2016-03-30T23:01:52","guid":{"rendered":"http:\/\/13.53.127.146\/?p=8033"},"modified":"2021-07-25T17:13:57","modified_gmt":"2021-07-26T00:13:57","slug":"burnabyn-projektipaivitys-2016","status":"publish","type":"post","link":"https:\/\/www.vuosiamaailmalla.fi\/blog\/2016\/burnabyn-projektipaivitys-2016\/","title":{"rendered":"Burnabyn projektip\u00e4ivitys (2016)"},"content":{"rendered":"<p style=\"text-align: justify;\">Siit\u00e4 on vuosi kun olen edellisen kerran tehnyt katsauksen naapurikaupunki Burnabyn <a title=\"Burnabyn projektip\u00e4ivitys (2021)\" href=\"https:\/\/www.vuosiamaailmalla.fi\/blog\/2021\/burnabyn-projektipaivitys-2021\/\">valtaviin rakennusprojekteihin<\/a>. Vaikka vett\u00e4 onkin virrannut Fraser Riveriss\u00e4 melkoisesti, niin paljon on my\u00f6s tapahtunut rakennusty\u00f6mailla. Aloitetaanpa vaikka <strong>Metrotownin<\/strong> alueella, jossa moni <a title=\"Metrotownin projektip\u00e4ivitys\" href=\"https:\/\/www.vuosiamaailmalla.fi\/?p=2857\">aiemmin mainitsemani projekti<\/a> on nyt valmis ja asukkaat onnellisesti uusissa kodeissaan. T\u00e4llainen on esimerkiksi Burnabyn korkeimman rakennuksen titteli\u00e4 toistaiseksi hallussaan pit\u00e4v\u00e4 156-metrinen ja 45-kerroksinen <em>Sovereign<\/em>.<\/p>\n<p><!--more--><\/p>\n<p style=\"text-align: center;\"><a href=\"\/blog\/wp-content\/uploads\/2015\/sovereign18.jpg\"><img decoding=\"async\" style=\"border: 0px none; margin: 5px;\" src=\"\/blog\/wp-content\/uploads\/2015\/thumbs\/thumbs_sovereign18.jpg \" alt=\"\" \/><\/a><\/p>\n<p style=\"text-align: center;\"><em>Hetkellisesti Burnabyn korkein Sovereign<\/em><\/p>\n<p style=\"text-align: justify;\">L\u00e4hist\u00f6ll\u00e4 sijaitsevan, valmistuessaan per\u00e4ti viisi korkeaa tornia k\u00e4sitt\u00e4v\u00e4n, <em>Station Squaren<\/em> ensimm\u00e4inenkin torni on valmis ja kaksi seuraavaa ovat nyt rakenteilla. Tornien korkeudesta on ollut kuitenkin hieman ep\u00e4selvyytt\u00e4, sill\u00e4 alkuper\u00e4isi\u00e4 suunnitelmia kutistettiin joillain kerroksilla hieman ennen rakentamisen aloittamista, mutta nyt <a title=\"Karannut kanadalainen unelma\" href=\"https:\/\/www.vuosiamaailmalla.fi\/?p=7518\">kuuman markkinatilanteen keskell\u00e4<\/a> julkaistu p\u00e4ivitetty havainnekuva sis\u00e4lt\u00e4\u00e4 j\u00e4lleen yli 50 kerrosta. Aika n\u00e4ytt\u00e4\u00e4 mink\u00e4 korkuisia torneja kompleksiin lopulta valmistuu, mutta joka tapauksessa kyse on t\u00e4m\u00e4n hetken Metrotownin suurimmasta projektista.<\/p>\n<p style=\"text-align: center;\"><a href=\"\/blog\/wp-content\/uploads\/2013\/station_square_havainnekuva.jpg\"><img decoding=\"async\" style=\"border: 0px none; margin: 5px;\" src=\"\/blog\/wp-content\/uploads\/2013\/station_square_havainnekuva.jpg \" alt=\"\" \/><\/a><\/p>\n<p style=\"text-align: center;\"><em>Alkuper\u00e4inen havainnekuva<\/em><\/p>\n<p style=\"text-align: center;\"><a href=\"\/blog\/wp-content\/uploads\/2016\/station_square5.jpg\"><img decoding=\"async\" style=\"border: 0px none; margin: 5px;\" src=\"\/blog\/wp-content\/uploads\/2016\/station_square5.jpg\" alt=\"\" \/><\/a><\/p>\n<p style=\"text-align: center;\"><em>Station Squaren ensimm\u00e4inen torni ja ty\u00f6maa<br \/>\n<\/em><\/p>\n<p style=\"text-align: justify;\">Hieman edemp\u00e4n\u00e4 sijaitseva tavallista yleellisemm\u00e4ksi luonnehdittu 37-kerroksinen <em>Modello<\/em> on sekin kohonnut jo noin kolmasosan lopullisesta korkeudestaan. L\u00e4hettyvill\u00e4 korkeuksiin kurkottaa my\u00f6s 41-kerroksinen <em>Aldynne on the Park<\/em>, joka on ollut sangen pienen profiilin projekti. Hieman suurempi kompleksi on aivan Burnabyn ja Vancouverin rajalla (j\u00e4lkimm\u00e4isen puolella) sijaitseva yhteens\u00e4 kolmen tornin <em>Wall Centre Central Park<\/em>, jonka kolmesta tornista jo kaksi on kaikessa vaivihkaudessa saavuttanut harjakorkeutensa. Metrotownin alueella on rakenteilla tai k\u00e4ynnistym\u00e4ss\u00e4 my\u00f6s monta muutakin projektia, mutta niist\u00e4 lis\u00e4\u00e4 toiste.<\/p>\n<p style=\"text-align: center;\"><a href=\"\/blog\/wp-content\/uploads\/2013\/modello_havainnekuva.jpg\"><img decoding=\"async\" style=\"border: 0px none; margin: 5px;\" src=\"\/blog\/wp-content\/uploads\/2013\/thumbs\/thumbs_modello_havainnekuva.jpg \" alt=\"\" \/><\/a><a href=\"\/blog\/wp-content\/uploads\/2016\/aldynne_on_the_park_render.jpg \"><img decoding=\"async\" style=\"border: 0px none; margin: 5px;\" src=\"\/blog\/wp-content\/uploads\/2016\/thumbs\/thumbs_aldynne_on_the_park_render.jpg \" alt=\"\" \/><\/a><\/p>\n<p style=\"text-align: center;\"><em>Modello ja Aldynne havainnekuvissa&#8230;<\/em><\/p>\n<p style=\"text-align: center;\"><a href=\"\/blog\/wp-content\/uploads\/2016\/modello3.jpg\"><img decoding=\"async\" style=\"border: 0px none; margin: 5px;\" src=\"\/blog\/wp-content\/uploads\/2016\/thumbs\/thumbs_modello3.jpg\" alt=\"\" \/><\/a><a href=\"\/blog\/wp-content\/uploads\/2016\/aldynne_in_the_park2.jpg\"><img decoding=\"async\" style=\"border: 0px none; margin: 5px;\" src=\"\/blog\/wp-content\/uploads\/2016\/thumbs\/thumbs_aldynne_in_the_park2.jpg\" alt=\"\" \/><\/a><\/p>\n<p style=\"text-align: center;\"><em>&#8230;sek\u00e4 todellisuudessa.<\/em><\/p>\n<p style=\"text-align: center;\"><a href=\"\/blog\/wp-content\/uploads\/2016\/wall_centre_central_park1.jpg\"><img decoding=\"async\" style=\"border: 0px none; margin: 5px;\" src=\"\/blog\/wp-content\/uploads\/2016\/thumbs\/thumbs_wall_centre_central_park1.jpg\" alt=\"\" \/><\/a><a href=\"\/blog\/wp-content\/uploads\/2016\/wall_centre_central_park3.jpg\"><img decoding=\"async\" style=\"border: 0px none; margin: 5px;\" src=\"\/blog\/wp-content\/uploads\/2016\/thumbs\/thumbs_wall_centre_central_park3.jpg\" alt=\"\" \/><\/a><a href=\"\/blog\/wp-content\/uploads\/2016\/wall_centre_central_park4.jpg\"><img decoding=\"async\" style=\"border: 0px none; margin: 5px;\" src=\"\/blog\/wp-content\/uploads\/2016\/thumbs\/thumbs_wall_centre_central_park4.jpg\" alt=\"\" \/><\/a><\/p>\n<p style=\"text-align: center;\"><em>Vaivihkaa noussut Wall Centre Central Park<\/em><\/p>\n<p style=\"text-align: justify;\">Pari kilometri\u00e4 Metrotownista pohjoiseen sijaitsevassa <strong>Brentwoodissa<\/strong> on sen sijaan tapahtunut paljon sitten <a title=\"Uskomaton Brentwood\" href=\"https:\/\/www.vuosiamaailmalla.fi\/?p=4576\">viime maaliskuun p\u00e4ivitykseni<\/a>. Valmistuessaan nelj\u00e4 tornia k\u00e4sitt\u00e4v\u00e4n <em>Solo Districtin<\/em> ensimm\u00e4inen torni on nyt valmis ja tornien juureen avautunut kauppakeskittym\u00e4 on my\u00f6s avoinna. Suurella innolla odotettu uusi <em>Whole Foods<\/em> on sekin palvellut asiakkaita jo toista kuukautta. Kompleksin kakkostorni, johon sis\u00e4ltyy asuntojen lis\u00e4ksi my\u00f6s sangen iso toimistokomponentti, on kohonnut hyv\u00e4n matkaa.<\/p>\n<p style=\"text-align: center;\"><a href=\"\/blog\/wp-content\/uploads\/2015\/solo_district_render.jpg\"><img decoding=\"async\" style=\"border: 0px none; margin: 5px;\" src=\"\/blog\/wp-content\/uploads\/2015\/solo_district_render.jpg \" alt=\"\" \/><\/a><\/p>\n<p style=\"text-align: center;\"><em>Solo District suunnitelma<\/em><\/p>\n<p style=\"text-align: center;\"><a href=\"\/blog\/wp-content\/uploads\/2016\/solo_district16.jpg\"><img decoding=\"async\" style=\"border: 0px none; margin: 5px;\" src=\"\/blog\/wp-content\/uploads\/2016\/thumbs\/thumbs_solo_district16.jpg\" alt=\"\" \/><\/a><a href=\"\/blog\/wp-content\/uploads\/2016\/solo_district18.jpg\"><img decoding=\"async\" style=\"border: 0px none; margin: 5px;\" src=\"\/blog\/wp-content\/uploads\/2016\/thumbs\/thumbs_solo_district18.jpg\" alt=\"\" \/><\/a><a href=\"\/blog\/wp-content\/uploads\/2016\/solo_district17.jpg\"><img decoding=\"async\" style=\"border: 0px none; margin: 5px;\" src=\"\/blog\/wp-content\/uploads\/2016\/thumbs\/thumbs_solo_district17.jpg\" alt=\"\" \/><\/a><\/p>\n<p style=\"text-align: center;\"><em>Korkein kakkostorni rakenteilla<\/em><\/p>\n<p style=\"text-align: justify;\">Risteyksen toisella puolella sijaitseva, yksi koko metropolialueen suurimpia projekteja, <em>Amazing Brentwood<\/em> on my\u00f6s edennyt hyvin, joskin j\u00e4ttim\u00e4isen kuopan t\u00e4ytt\u00e4misess\u00e4 on mennyt koko vuosi ja vasta nyt ensimm\u00e4iset tornit alkavat hiljalleen kohoamaan maanpinnan yl\u00e4puolella. Valmistuessaan kompleksi tulee k\u00e4sitt\u00e4m\u00e4\u00e4n per\u00e4ti kymmenen 30-56 kerroksista tornia, joista rakenteilla on nyt kolme ensimm\u00e4ist\u00e4 ja korkeinta. Tornit myytiin loppuun muutamissa <em>tunneissa<\/em>, mink\u00e4 vuoksi onkin todenn\u00e4k\u00f6ist\u00e4 ett\u00e4 my\u00f6s nelj\u00e4s ja viides torni tulevat myyntiin viel\u00e4 t\u00e4n\u00e4 vuonna. Myllerrys tornien ymp\u00e4rill\u00e4 tulee siis jatkumaan viel\u00e4 vuosia, varsinkin kun niiden yhteyteen rakentuu samaan aikaan t\u00e4ysin uusi j\u00e4ttim\u00e4inen kauppakeskus.<\/p>\n<p style=\"text-align: center;\"><a href=\"\/blog\/wp-content\/uploads\/2016\/amazing_brentwood_solo_district_masterplan.jpg\"><img decoding=\"async\" style=\"border: 0px none; margin: 5px;\" src=\"\/blog\/wp-content\/uploads\/2016\/amazing_brentwood_solo_district_masterplan.jpg\" alt=\"\" \/><\/a><\/p>\n<p style=\"text-align: center;\"><em>Amazing Brenwood ja Solo District yleissuunnitelma<\/em><\/p>\n<p style=\"text-align: center;\"><a href=\"\/blog\/wp-content\/uploads\/2016\/amazing_brentwood10.jpg\"><img decoding=\"async\" style=\"border: 0px none; margin: 5px;\" src=\"\/blog\/wp-content\/uploads\/2016\/thumbs\/thumbs_amazing_brentwood10.jpg\" alt=\"\" \/><\/a><a href=\"\/blog\/wp-content\/uploads\/2016\/amazing_brentwood11.jpg\"><img decoding=\"async\" style=\"border: 0px none; margin: 5px;\" src=\"\/blog\/wp-content\/uploads\/2016\/thumbs\/thumbs_amazing_brentwood11.jpg\" alt=\"\" \/><\/a><a href=\"\/blog\/wp-content\/uploads\/2016\/amazing_brentwood12.jpg\"><img decoding=\"async\" style=\"border: 0px none; margin: 5px;\" src=\"\/blog\/wp-content\/uploads\/2016\/thumbs\/thumbs_amazing_brentwood12.jpg\" alt=\"\" \/><\/a><\/p>\n<p style=\"text-align: center;\"><em>J\u00e4ttim\u00e4inen Amazing Brentwood rakenteilla<\/em><\/p>\n<p style=\"text-align: center;\"><a href=\"\/blog\/wp-content\/uploads\/2016\/amazing_brentwood_panoraama2.jpg\"><img decoding=\"async\" style=\"border: 0px none; margin: 5px;\" src=\"\/blog\/wp-content\/uploads\/2016\/amazing_brentwood_panoraama2_pieni.jpg\" alt=\"\" \/><\/a><\/p>\n<p style=\"text-align: center;\"><em>Brentwood sek\u00e4 et\u00e4inen Metrotown<\/em><\/p>\n<p style=\"text-align: justify;\">Koko Brentwoodin alue tulee olemaan yht\u00e4 rakennusty\u00f6maata viel\u00e4 pitk\u00e4\u00e4n, sill\u00e4 alueelle suunnitellaan my\u00f6s kahta muuta suurta kompleksia. N\u00e4ist\u00e4 valtavampi on my\u00f6s kymmenen 30-60 kerroksisen tornin <em>Concord Brentwood<\/em>, josta on alkanut tihkua ensimm\u00e4isi\u00e4 tietoja vasta \u00e4skett\u00e4in. Hieman l\u00e4nnemp\u00e4n\u00e4 puolestaan <em>Gilmore Stationin<\/em> aseman ymp\u00e4rille tulee rakentumaan kompleksi, johon suunnitellaan jopa yli 200-metrist\u00e4 tornia muutaman matalamman lis\u00e4ksi. Hullua meininki\u00e4!<\/p>\n<p style=\"text-align: center;\"><a href=\"\/blog\/wp-content\/uploads\/2016\/concord_brentwood.jpg\"><img decoding=\"async\" style=\"border: 0px none; margin: 5px;\" src=\"\/blog\/wp-content\/uploads\/2016\/concord_brentwood.jpg\" alt=\"\" \/><\/a><\/p>\n<p style=\"text-align: center;\"><em>Suunniteltu massiivinen Concord Brentwood<\/em><\/p>\n<p style=\"text-align: justify;\">Taistelu Burnabyn <a title=\"Kilpailu korkeimmasta pilvenpiirt\u00e4j\u00e4st\u00e4\" href=\"https:\/\/www.vuosiamaailmalla.fi\/?p=11013\">korkeimman pilvenpiirt\u00e4j\u00e4n tittelist\u00e4<\/a> tulee kuitenkin jatkumaan, sill\u00e4 jokerina pakassa on Brentwoodista hieman it\u00e4\u00e4n sijaitseva <a title=\"Burnaby rakentaa metropolia\" href=\"https:\/\/www.vuosiamaailmalla.fi\/?p=8729\">Lougheedin alue<\/a>, joka on uuden <a title=\"Evergreen-linjan ty\u00f6maalla\" href=\"https:\/\/www.vuosiamaailmalla.fi\/?p=6936\"><em>Evergreen Extension<\/em> metrolinjan<\/a> risteysasema. Alueelle nimitt\u00e4in visioidaan jopa l\u00e4hemm\u00e4s kolmeakymment\u00e4 jopa 80-kerroksista pilvenpiirt\u00e4j\u00e4\u00e4. Varmaa onkin, ett\u00e4 meill\u00e4 rakennusty\u00f6maista kiinnostuneilla riitt\u00e4\u00e4 tulevaisuudessakin paljon seurattavaa!<\/p>\n<p style=\"text-align: center;\"><a href=\"\/blog\/wp-content\/uploads\/2016\/lougheed_town_centre_visio.jpg\"><img decoding=\"async\" style=\"border: 0px none; margin: 5px;\" src=\"\/blog\/wp-content\/uploads\/2016\/lougheed_town_centre_visio.jpg\" alt=\"\" \/><\/a><\/p>\n<p style=\"text-align: center;\"><em>Lougheedin keskusta on viel\u00e4 jokerina pakassa<br \/>\n<\/em><\/p>\n","protected":false},"excerpt":{"rendered":"<p>Siit\u00e4 on vuosi kun olen edellisen kerran tehnyt katsauksen naapurikaupunki Burnabyn valtaviin rakennusprojekteihin. Vaikka vett\u00e4 onkin virrannut Fraser Riveriss\u00e4 melkoisesti, niin paljon on my\u00f6s tapahtunut rakennusty\u00f6mailla. Aloitetaanpa vaikka Metrotownin alueella, jossa moni aiemmin mainitsemani projekti on nyt valmis ja asukkaat onnellisesti uusissa kodeissaan. T\u00e4llainen on esimerkiksi Burnabyn korkeimman rakennuksen titteli\u00e4 toistaiseksi hallussaan pit\u00e4v\u00e4 156-metrinen ja &hellip; <a href=\"https:\/\/www.vuosiamaailmalla.fi\/blog\/2016\/burnabyn-projektipaivitys-2016\/\" class=\"more-link\">Jatka lukemista<span class=\"screen-reader-text\"> &#8221;Burnabyn projektip\u00e4ivitys (2016)&#8221;<\/span><\/a><\/p>\n","protected":false},"author":1,"featured_media":8465,"comment_status":"open","ping_status":"open","sticky":false,"template":"","format":"standard","meta":{"_jetpack_memberships_contains_paid_content":false,"footnotes":""},"categories":[17,3],"tags":[845,229,77,589,78,1133,935,301,844,590,939,442],"class_list":["post-8033","post","type-post","status-publish","format-standard","has-post-thumbnail","hentry","category-arki-kanadassa","category-arki-ulkomailla","tag-amazing-brentwood","tag-arkkitehtuuri","tag-burnaby","tag-burnaby-brentwood","tag-burnaby-metrotown","tag-concord-brentwood","tag-kanada","tag-rakennustyomaa","tag-solo-district","tag-sovereign","tag-vancouver","tag-visioita"],"jetpack_featured_media_url":"https:\/\/www.vuosiamaailmalla.fi\/blog\/wp-content\/uploads\/amazing_brentwood_panoraama_banner.jpg","jetpack_sharing_enabled":true,"_links":{"self":[{"href":"https:\/\/www.vuosiamaailmalla.fi\/blog\/wp-json\/wp\/v2\/posts\/8033","targetHints":{"allow":["GET"]}}],"collection":[{"href":"https:\/\/www.vuosiamaailmalla.fi\/blog\/wp-json\/wp\/v2\/posts"}],"about":[{"href":"https:\/\/www.vuosiamaailmalla.fi\/blog\/wp-json\/wp\/v2\/types\/post"}],"author":[{"embeddable":true,"href":"https:\/\/www.vuosiamaailmalla.fi\/blog\/wp-json\/wp\/v2\/users\/1"}],"replies":[{"embeddable":true,"href":"https:\/\/www.vuosiamaailmalla.fi\/blog\/wp-json\/wp\/v2\/comments?post=8033"}],"version-history":[{"count":2,"href":"https:\/\/www.vuosiamaailmalla.fi\/blog\/wp-json\/wp\/v2\/posts\/8033\/revisions"}],"predecessor-version":[{"id":12372,"href":"https:\/\/www.vuosiamaailmalla.fi\/blog\/wp-json\/wp\/v2\/posts\/8033\/revisions\/12372"}],"wp:featuredmedia":[{"embeddable":true,"href":"https:\/\/www.vuosiamaailmalla.fi\/blog\/wp-json\/wp\/v2\/media\/8465"}],"wp:attachment":[{"href":"https:\/\/www.vuosiamaailmalla.fi\/blog\/wp-json\/wp\/v2\/media?parent=8033"}],"wp:term":[{"taxonomy":"category","embeddable":true,"href":"https:\/\/www.vuosiamaailmalla.fi\/blog\/wp-json\/wp\/v2\/categories?post=8033"},{"taxonomy":"post_tag","embeddable":true,"href":"https:\/\/www.vuosiamaailmalla.fi\/blog\/wp-json\/wp\/v2\/tags?post=8033"}],"curies":[{"name":"wp","href":"https:\/\/api.w.org\/{rel}","templated":true}]}}