{"id":807,"date":"2011-04-18T17:36:56","date_gmt":"2011-04-19T00:36:56","guid":{"rendered":"http:\/\/13.53.127.146\/?p=807"},"modified":"2015-08-10T20:05:44","modified_gmt":"2015-08-11T03:05:44","slug":"elamaa-vaalien-jalkeen","status":"publish","type":"post","link":"https:\/\/www.vuosiamaailmalla.fi\/blog\/2011\/elamaa-vaalien-jalkeen\/","title":{"rendered":"El\u00e4m\u00e4\u00e4 vaalien j\u00e4lkeen"},"content":{"rendered":"<p style=\"text-align: justify;\">No niin, j\u00e4lleen ne ovat takana. Nimitt\u00e4in eduskuntavaalit. Kovaa on ollut poru ennen vaaleja niin mediassa kuin internetiss\u00e4kin, ja kovana se jatkuu n\u00e4in vaalien j\u00e4lkeenkin. Eilinen vaalien tulosilta oli poikkeuksellisen j\u00e4nnitt\u00e4v\u00e4, sill\u00e4 tilanne ei ollut t\u00e4ysin selv\u00e4 ennen kuin aivan lopussa. Lis\u00e4ksi viel\u00e4k\u00e4\u00e4n ei tiedet\u00e4 varmaksi, mink\u00e4lainen n\u00e4iden vaalien lopputulema on ja mink\u00e4lainen hallitus sen pohjalta lopulta muodostuu.<\/p>\n<p><!--more--><\/p>\n<p style=\"text-align: justify;\">Selv\u00e4\u00e4 on kuitenkin se, ett\u00e4 Suomi on j\u00e4lleen saanut kansansa n\u00e4k\u00f6iset sek\u00e4 t\u00e4m\u00e4n haluamat edustajat, niin hyv\u00e4ss\u00e4 kuin pahassakin. Valitusoikeutta tuloksesta ei ole, jos ei k\u00e4ytt\u00e4nyt \u00e4\u00e4nioikeutta vaaliuurnilla. Jos k\u00e4vi \u00e4\u00e4nest\u00e4m\u00e4ss\u00e4, on oikeutettu purnaamiseen ja parjaamiseen, mutta se ei silti muuta sit\u00e4 faktaa, ett\u00e4 Suomi ansaitsi t\u00e4ll\u00e4kin kertaa t\u00e4llaiset edustajat. Ainahan sinne joukkoon monenlaista vipelt\u00e4j\u00e4\u00e4 mahtuu ja n\u00e4ytti mahtuvan t\u00e4ll\u00e4kin kertaa. Hienoa oli, ett\u00e4 melkein nelj\u00e4nnes t\u00e4m\u00e4n hetkisist\u00e4 edustajista menetti paikkansa. Samaan aikaan voi kuitenkin kysy\u00e4, miksi vain nelj\u00e4nnes?\u00a0Ovatko loput todellakin tehneet niin hyv\u00e4\u00e4 ja n\u00e4kyv\u00e4\u00e4 ty\u00f6t\u00e4 viimeisen nelj\u00e4n vuoden aikana, ett\u00e4 pestin uusinta oli paikallaan? Ja onko todellakin tarvetta n\u00e4ille el\u00e4m\u00e4ntapa kansanedustajille, jotka ovat olleet ehdolla jo vanhempiemme tullessa \u00e4\u00e4nestysik\u00e4\u00e4n joskus 60-luvulla?<\/p>\n<p style=\"text-align: justify;\">N\u00e4in ulkosuomalaisena vaalit eiv\u00e4t tietenk\u00e4\u00e4n vaikuta omaan el\u00e4m\u00e4\u00e4n juuri mitenk\u00e4\u00e4n, mutta kiintoisa niit\u00e4 oli silti seurata. Viisi vuotta ulkomailla ei ole viel\u00e4 irroittanut niin kovasti Suomen asioista, vaikka monista sik\u00e4l\u00e4isist\u00e4 asioista onkin t\u00e4ysin pihalla. Tilanne voi olla eri vuosikymmeni\u00e4 ulkomailla asuneille, joille Suomen asiat saattavat olla jo sangen kaukaisia. Onneksi sent\u00e4\u00e4n vaalivalvojaisia pystyi seuraamaan suorana <em><a href=\"http:\/\/areena.yle.fi\">YLE Areenalta<\/a><\/em>, joka toimi loistavasti. Jos vain oma nettiyhteytemme olisi toiminut yht\u00e4 hyvin, olisi ilta ollut onnistunut. Nyt joutui hakkaamaan F5:sta tavan takaa. Ja jos jostain voi antaa Suomelle suitsutusta, niin vaalien tuloslaskennan toimivuudesta. Tulos saatiin j\u00e4lleen tarkalleen ajallaan ja monia asioita pystyi seuraamaan niin televisiossa kuin internetiss\u00e4kin reaaliajassa. T\u00e4llaista tehokkuutta ei ole monessa maassa, mist\u00e4 pisteet Suomelle. Toki reilun nelj\u00e4n miljoonan \u00e4\u00e4nioikeutetun \u00e4\u00e4net laskee hieman nopeammin kuin kymmenien, tai jopa satojen miljoonien, mutta silti Suomessa homma toimii.<\/p>\n<p style=\"text-align: justify;\">Eli n\u00e4ill\u00e4 tuloksilla se el\u00e4m\u00e4 jatkuu. Miten paljon muutosta oikein on luvassa, sen n\u00e4ytt\u00e4\u00e4 vasta aika.<\/p>\n","protected":false},"excerpt":{"rendered":"<p>No niin, j\u00e4lleen ne ovat takana. Nimitt\u00e4in eduskuntavaalit. Kovaa on ollut poru ennen vaaleja niin mediassa kuin internetiss\u00e4kin, ja kovana se jatkuu n\u00e4in vaalien j\u00e4lkeenkin. Eilinen vaalien tulosilta oli poikkeuksellisen j\u00e4nnitt\u00e4v\u00e4, sill\u00e4 tilanne ei ollut t\u00e4ysin selv\u00e4 ennen kuin aivan lopussa. Lis\u00e4ksi viel\u00e4k\u00e4\u00e4n ei tiedet\u00e4 varmaksi, mink\u00e4lainen n\u00e4iden vaalien lopputulema on ja mink\u00e4lainen hallitus sen &hellip; <a href=\"https:\/\/www.vuosiamaailmalla.fi\/blog\/2011\/elamaa-vaalien-jalkeen\/\" class=\"more-link\">Jatka lukemista<span class=\"screen-reader-text\"> &#8221;El\u00e4m\u00e4\u00e4 vaalien j\u00e4lkeen&#8221;<\/span><\/a><\/p>\n","protected":false},"author":1,"featured_media":0,"comment_status":"open","ping_status":"open","sticky":false,"template":"","format":"standard","meta":{"_jetpack_memberships_contains_paid_content":false,"footnotes":""},"categories":[3],"tags":[25,34,198,297],"class_list":["post-807","post","type-post","status-publish","format-standard","hentry","category-arki-ulkomailla","tag-ajankohtaista","tag-arki","tag-suomi","tag-vaalit"],"jetpack_featured_media_url":"","jetpack_sharing_enabled":true,"_links":{"self":[{"href":"https:\/\/www.vuosiamaailmalla.fi\/blog\/wp-json\/wp\/v2\/posts\/807","targetHints":{"allow":["GET"]}}],"collection":[{"href":"https:\/\/www.vuosiamaailmalla.fi\/blog\/wp-json\/wp\/v2\/posts"}],"about":[{"href":"https:\/\/www.vuosiamaailmalla.fi\/blog\/wp-json\/wp\/v2\/types\/post"}],"author":[{"embeddable":true,"href":"https:\/\/www.vuosiamaailmalla.fi\/blog\/wp-json\/wp\/v2\/users\/1"}],"replies":[{"embeddable":true,"href":"https:\/\/www.vuosiamaailmalla.fi\/blog\/wp-json\/wp\/v2\/comments?post=807"}],"version-history":[{"count":0,"href":"https:\/\/www.vuosiamaailmalla.fi\/blog\/wp-json\/wp\/v2\/posts\/807\/revisions"}],"wp:attachment":[{"href":"https:\/\/www.vuosiamaailmalla.fi\/blog\/wp-json\/wp\/v2\/media?parent=807"}],"wp:term":[{"taxonomy":"category","embeddable":true,"href":"https:\/\/www.vuosiamaailmalla.fi\/blog\/wp-json\/wp\/v2\/categories?post=807"},{"taxonomy":"post_tag","embeddable":true,"href":"https:\/\/www.vuosiamaailmalla.fi\/blog\/wp-json\/wp\/v2\/tags?post=807"}],"curies":[{"name":"wp","href":"https:\/\/api.w.org\/{rel}","templated":true}]}}