{"id":810,"date":"2011-04-11T19:49:23","date_gmt":"2011-04-12T02:49:23","guid":{"rendered":"http:\/\/13.53.127.146\/?p=810"},"modified":"2012-10-09T15:48:46","modified_gmt":"2012-10-09T22:48:46","slug":"vaalikuumetta","status":"publish","type":"post","link":"https:\/\/www.vuosiamaailmalla.fi\/blog\/2011\/vaalikuumetta\/","title":{"rendered":"Vaalikuumetta"},"content":{"rendered":"<p style=\"text-align: justify;\">Eduskuntavaalit ovat l\u00e4hell\u00e4 ja vaalikuume korkeimmillaan. Perinteisesti vaalien \u00e4\u00e4nestysprosentti on ulkomailla kotimaata alhaisempi, sill\u00e4 Suomen asiat ovat varsinkin vuosia ulkomailla asuneille suomen kansalaisille yleens\u00e4 sangen kaukaisia. Yll\u00e4tyksi\u00e4kin silti sattuu, kuten Berliiniss\u00e4 lauantaina. Suomen suurl\u00e4hetyst\u00f6n \u00e4\u00e4nestyspaikalta nimitt\u00e4in loppuivat \u00e4\u00e4nestysliput kesken!<\/p>\n<p><!--more--><\/p>\n<p style=\"text-align: justify;\">T\u00e4m\u00e4n vuoden eduskuntavaaleissa on selv\u00e4sti aiempaa enemm\u00e4n peliss\u00e4, sill\u00e4 halukkaita \u00e4\u00e4nest\u00e4ji\u00e4 oli saapunut suurl\u00e4hetyst\u00f6lle yli tuplasti vuoden 2007 eduskuntavaaleihin verrattuna. Tuolloin \u00e4\u00e4nest\u00e4m\u00e4ss\u00e4 k\u00e4vi 304 suomalaista, mutta t\u00e4ll\u00e4 kertaa \u00e4\u00e4nest\u00e4neit\u00e4 saapuikin paikalle ainakin 650! L\u00f6yt\u00e4mieni arvioiden mukaan Berliiniss\u00e4 asuu suomalaisia noin 800-1200, joten t\u00e4llaiseen rynt\u00e4ykseen ei oltu osattu varautua. Niinp\u00e4 kolmisenkymment\u00e4 viimeisen\u00e4 ulkomaiden ennakko\u00e4\u00e4nestysp\u00e4iv\u00e4n\u00e4 (menneen\u00e4 lauantaina) paikalle saapunutta ei pystynytk\u00e4\u00e4n j\u00e4tt\u00e4m\u00e4\u00e4n \u00e4\u00e4nt\u00e4\u00e4n. \u00c4\u00e4nestyslippuja kun ei kopioida tuosta vain lis\u00e4\u00e4, joten suurl\u00e4hetyst\u00f6n ainoa ratkaisu olikin tilata lis\u00e4\u00e4 \u00e4\u00e4nestyslippuja muista Saksassa sijaitsevista kunniakonsulaateista. T\u00e4ss\u00e4 kuitenkin kesti vuorokauden verran, joten ylim\u00e4\u00e4r\u00e4iseksi ennakko\u00e4\u00e4nestysp\u00e4iv\u00e4ksi sovittiin t\u00e4n\u00e4inen maanantai. Mutta koska kaikki lauantaina ilman \u00e4\u00e4nestyslipppua j\u00e4\u00e4neet eiv\u00e4t kuitenkaan ole berliinil\u00e4isi\u00e4, vaan muualta Saksasta saapuneita, on todenn\u00e4k\u00f6isesti monia \u00e4\u00e4nestyshalukkaita, joilta j\u00e4i t\u00e4ll\u00e4 kertaa \u00e4\u00e4ni antamatta.<\/p>\n<p style=\"text-align: justify;\">Itse olimme liikkeell\u00e4 hyviss\u00e4 ajoin ja k\u00e4vimme \u00e4\u00e4nest\u00e4m\u00e4ss\u00e4 menneen viikonlopun Hampurin reissuamme edelt\u00e4en jo viime torstaina. N\u00e4in kansallisvelvollisuus tuli j\u00e4lleen t\u00e4ytetty\u00e4 ja lunastettua lupa jatkossakin purnata tyhmist\u00e4 poliitikoista. Nimitt\u00e4in jos ei \u00e4\u00e4nest\u00e4, ei ole oikeutta purnatakaan. Torstainakin paikalla oli monia muitakin \u00e4\u00e4nest\u00e4ji\u00e4, joten vilkasta on todellakin n\u00e4iss\u00e4 vaaleissa ollut. Vaalit kuohuttavat tietenkin my\u00f6s Suomessa, joten tulevana <a title=\"El\u00e4m\u00e4\u00e4 vaalien j\u00e4lkeen\" href=\"https:\/\/www.vuosiamaailmalla.fi\/?p=807\">sunnuntaina<\/a> onkin mielenkiintoista katsoa suoraa vaalil\u00e4hetyst\u00e4 <a href=\"http:\/\/areena.yle.fi\/\">YLE\u00a0Areenan<\/a> kautta omalla kotisohvallaan.<\/p>\n","protected":false},"excerpt":{"rendered":"<p>Eduskuntavaalit ovat l\u00e4hell\u00e4 ja vaalikuume korkeimmillaan. Perinteisesti vaalien \u00e4\u00e4nestysprosentti on ulkomailla kotimaata alhaisempi, sill\u00e4 Suomen asiat ovat varsinkin vuosia ulkomailla asuneille suomen kansalaisille yleens\u00e4 sangen kaukaisia. Yll\u00e4tyksi\u00e4kin silti sattuu, kuten Berliiniss\u00e4 lauantaina. Suomen suurl\u00e4hetyst\u00f6n \u00e4\u00e4nestyspaikalta nimitt\u00e4in loppuivat \u00e4\u00e4nestysliput kesken!<\/p>\n","protected":false},"author":1,"featured_media":0,"comment_status":"open","ping_status":"open","sticky":false,"template":"","format":"standard","meta":{"_jetpack_memberships_contains_paid_content":false,"footnotes":""},"categories":[18,3],"tags":[25,34,49,198,297],"class_list":["post-810","post","type-post","status-publish","format-standard","hentry","category-arki-saksassa","category-arki-ulkomailla","tag-ajankohtaista","tag-arki","tag-berliini","tag-suomi","tag-vaalit"],"jetpack_featured_media_url":"","jetpack_sharing_enabled":true,"_links":{"self":[{"href":"https:\/\/www.vuosiamaailmalla.fi\/blog\/wp-json\/wp\/v2\/posts\/810","targetHints":{"allow":["GET"]}}],"collection":[{"href":"https:\/\/www.vuosiamaailmalla.fi\/blog\/wp-json\/wp\/v2\/posts"}],"about":[{"href":"https:\/\/www.vuosiamaailmalla.fi\/blog\/wp-json\/wp\/v2\/types\/post"}],"author":[{"embeddable":true,"href":"https:\/\/www.vuosiamaailmalla.fi\/blog\/wp-json\/wp\/v2\/users\/1"}],"replies":[{"embeddable":true,"href":"https:\/\/www.vuosiamaailmalla.fi\/blog\/wp-json\/wp\/v2\/comments?post=810"}],"version-history":[{"count":0,"href":"https:\/\/www.vuosiamaailmalla.fi\/blog\/wp-json\/wp\/v2\/posts\/810\/revisions"}],"wp:attachment":[{"href":"https:\/\/www.vuosiamaailmalla.fi\/blog\/wp-json\/wp\/v2\/media?parent=810"}],"wp:term":[{"taxonomy":"category","embeddable":true,"href":"https:\/\/www.vuosiamaailmalla.fi\/blog\/wp-json\/wp\/v2\/categories?post=810"},{"taxonomy":"post_tag","embeddable":true,"href":"https:\/\/www.vuosiamaailmalla.fi\/blog\/wp-json\/wp\/v2\/tags?post=810"}],"curies":[{"name":"wp","href":"https:\/\/api.w.org\/{rel}","templated":true}]}}