{"id":8119,"date":"2016-04-02T07:00:34","date_gmt":"2016-04-02T14:00:34","guid":{"rendered":"http:\/\/13.53.127.146\/?p=8119"},"modified":"2017-10-22T11:59:56","modified_gmt":"2017-10-22T18:59:56","slug":"floridan-ihmeita","status":"publish","type":"post","link":"https:\/\/www.vuosiamaailmalla.fi\/blog\/2016\/floridan-ihmeita\/","title":{"rendered":"Floridan ihmeit\u00e4"},"content":{"rendered":"<p style=\"text-align: justify;\">Hei vaan! Takana on viides p\u00e4iv\u00e4 t\u00e4\u00e4ll\u00e4 <a title=\"Floridan l\u00e4mp\u00f6\u00f6n\" href=\"https:\/\/www.vuosiamaailmalla.fi\/?p=8031\">l\u00e4mpim\u00e4ss\u00e4 Floridassa<\/a> ja on aika kirjoittaa lyhyesti viime p\u00e4ivien reissutunnelmista. K\u00e4nnykk\u00e4kuvia sek\u00e4 yksitt\u00e4isi\u00e4 juttuja olen julkaissut my\u00f6s p\u00e4ivitt\u00e4in <a href=\"https:\/\/www.facebook.com\/pages\/Vuosia-Maailmalla\/685729794891190\"><em>Facebookissa<\/em><\/a> ja <em><a href=\"https:\/\/twitter.com\/vuosiamaailma\">Twitteriss\u00e4<\/a><\/em>, jossa ne ovat kaikkien n\u00e4ht\u00e4vill\u00e4. \ud83d\ude42<\/p>\n<p style=\"text-align: justify;\">L\u00e4mp\u00f6\u00e4 on Floridassa riitt\u00e4nyt mukavat 25-32 astetta, varsinkin kev\u00e4isest\u00e4 Vancouverista saavuttaessa. Miamin lentokent\u00e4ll\u00e4 l\u00e4mpim\u00e4n kostea ilma iski vasten kasvoja terminaalista ulos astuessa. Vuokra-auton noutamisen j\u00e4lkeen edess\u00e4 oli liikennekulttuurillinen j\u00e4rkytys, sill\u00e4 floridalainen maantiekulttuuri on <em>eritt\u00e4in<\/em> aggressiivista. Vakavia kolareita n\u00e4kee valtateiden varrella jatkuvasti, eik\u00e4 ihme, sill\u00e4 idioottikuskit roikkuvat per\u00e4ss\u00e4 ja suhailevat huomattavaa ylinopeutta ilman vilkkua poikki 12-kaistaisten moottoriteiden.<\/p>\n<p><!--more--><\/p>\n<p style=\"text-align: justify;\">Itse Miami sek\u00e4 viereiset Miami Beach ja Fort Lauderdale olivat kaikki kauniita rantakaupunkeja, joissa riitt\u00e4\u00e4 valkeaa rantaviivaa tuulisen Atlannin rannikolla. Veteen emme kuitenkaan kerenneet, sill\u00e4 ensimm\u00e4iset p\u00e4iv\u00e4t kuluivat itse kaupunkeja kierrellen, joskin rannoilla k\u00e4ytiin silti istuskelemassa. Monena iltana ilmassa oli my\u00f6s s\u00e4hk\u00f6\u00e4, kirjaimellisesti, voimakkaiden ukkoskuurojen pyyhkiess\u00e4 yli aina toisinaan. Ne ovatkin hyvin yleisi\u00e4 t\u00e4\u00e4ll\u00e4 Floridassa ja kestoltaan eritt\u00e4in lyhyit\u00e4.<\/p>\n<p style=\"text-align: justify;\">Floridan etel\u00e4k\u00e4rjest\u00e4 retkemme jatkui Keski-Floridaan, jossa vierailin itse eilen torstaina Cape Canaveralin kuuluisassa <em>Kennedy Space Centeriss\u00e4<\/em>. Kyseess\u00e4 oli matkamme eniten odottamani kohde ja n\u00e4in siell\u00e4 avaruussukkuloiden rakennus- ja laukaisupaikat sek\u00e4 muun muassa avaruussukkula <em>Atlantiksen<\/em>! Melkein kymmenentuntinen p\u00e4iv\u00e4 oli aivan mielett\u00f6m\u00e4n kiehtova ja sai kaltaisellani avaruushullulla suun leve\u00e4\u00e4n virneeseen! \ud83d\ude1b<\/p>\n<p style=\"text-align: justify;\">T\u00e4n\u00e4\u00e4n perjantaina matkamme jatkui reissun toiseksi viimeiseen kohteeseen, maailman huvipuistop\u00e4\u00e4kaupunki Orlandoon. Kolmip\u00e4iv\u00e4isen Orlandon pys\u00e4hdyksemme aloittikin eritt\u00e4in poikkeuksellinen valinta, nimitt\u00e4in Jeesuksen el\u00e4m\u00e4\u00e4n ja raamatun tapahtumiin keskittynyt suuri teemapuisto <em>Holy Land Experience<\/em>! Vain Amerikasta voi l\u00f6yt\u00e4\u00e4 jotain t\u00e4llaista ja kokemus oli kyll\u00e4 eritt\u00e4in muovinen ja korni, mutta juuri siksi niin loistava! \ud83d\ude00<\/p>\n<p style=\"text-align: justify;\">Tulevina p\u00e4ivin\u00e4 tiedossa on viel\u00e4 lis\u00e4\u00e4 huvipuistoja sek\u00e4 reissun viimeinen matkakohde Tampa niemiman l\u00e4nsirannikolla. Sielt\u00e4 on sitten ensi viikon keskiviikkona edess\u00e4 paluu takaisin Vancouveriin. Sit\u00e4 ennen kuitenkin n\u00e4ihin tunnelmiin t\u00e4\u00e4lt\u00e4 Orlandosta! \ud83d\ude1b<\/p>\n","protected":false},"excerpt":{"rendered":"<p>Hei vaan! Takana on viides p\u00e4iv\u00e4 t\u00e4\u00e4ll\u00e4 l\u00e4mpim\u00e4ss\u00e4 Floridassa ja on aika kirjoittaa lyhyesti viime p\u00e4ivien reissutunnelmista. K\u00e4nnykk\u00e4kuvia sek\u00e4 yksitt\u00e4isi\u00e4 juttuja olen julkaissut my\u00f6s p\u00e4ivitt\u00e4in Facebookissa ja Twitteriss\u00e4, jossa ne ovat kaikkien n\u00e4ht\u00e4vill\u00e4. \ud83d\ude42 L\u00e4mp\u00f6\u00e4 on Floridassa riitt\u00e4nyt mukavat 25-32 astetta, varsinkin kev\u00e4isest\u00e4 Vancouverista saavuttaessa. Miamin lentokent\u00e4ll\u00e4 l\u00e4mpim\u00e4n kostea ilma iski vasten kasvoja terminaalista ulos &hellip; <a href=\"https:\/\/www.vuosiamaailmalla.fi\/blog\/2016\/floridan-ihmeita\/\" class=\"more-link\">Jatka lukemista<span class=\"screen-reader-text\"> &#8221;Floridan ihmeit\u00e4&#8221;<\/span><\/a><\/p>\n","protected":false},"author":1,"featured_media":0,"comment_status":"open","ping_status":"open","sticky":false,"template":"","format":"standard","meta":{"_jetpack_memberships_contains_paid_content":false,"footnotes":""},"categories":[7,12,890],"tags":[1129,1130,1132,11],"class_list":["post-8119","post","type-post","status-publish","format-standard","hentry","category-matkakertomukset","category-matkalla-kerrottua","category-yhdysvallat","tag-matkakertomus-florida","tag-miami","tag-orlando","tag-matkakertomukset-yhdysvallat"],"jetpack_featured_media_url":"","jetpack_sharing_enabled":true,"_links":{"self":[{"href":"https:\/\/www.vuosiamaailmalla.fi\/blog\/wp-json\/wp\/v2\/posts\/8119","targetHints":{"allow":["GET"]}}],"collection":[{"href":"https:\/\/www.vuosiamaailmalla.fi\/blog\/wp-json\/wp\/v2\/posts"}],"about":[{"href":"https:\/\/www.vuosiamaailmalla.fi\/blog\/wp-json\/wp\/v2\/types\/post"}],"author":[{"embeddable":true,"href":"https:\/\/www.vuosiamaailmalla.fi\/blog\/wp-json\/wp\/v2\/users\/1"}],"replies":[{"embeddable":true,"href":"https:\/\/www.vuosiamaailmalla.fi\/blog\/wp-json\/wp\/v2\/comments?post=8119"}],"version-history":[{"count":0,"href":"https:\/\/www.vuosiamaailmalla.fi\/blog\/wp-json\/wp\/v2\/posts\/8119\/revisions"}],"wp:attachment":[{"href":"https:\/\/www.vuosiamaailmalla.fi\/blog\/wp-json\/wp\/v2\/media?parent=8119"}],"wp:term":[{"taxonomy":"category","embeddable":true,"href":"https:\/\/www.vuosiamaailmalla.fi\/blog\/wp-json\/wp\/v2\/categories?post=8119"},{"taxonomy":"post_tag","embeddable":true,"href":"https:\/\/www.vuosiamaailmalla.fi\/blog\/wp-json\/wp\/v2\/tags?post=8119"}],"curies":[{"name":"wp","href":"https:\/\/api.w.org\/{rel}","templated":true}]}}