{"id":8121,"date":"2016-04-07T11:35:48","date_gmt":"2016-04-07T18:35:48","guid":{"rendered":"http:\/\/13.53.127.146\/?p=8121"},"modified":"2020-03-02T18:31:33","modified_gmt":"2020-03-03T02:31:33","slug":"lentojen-ynnailya","status":"publish","type":"post","link":"https:\/\/www.vuosiamaailmalla.fi\/blog\/2016\/lentojen-ynnailya\/","title":{"rendered":"Lentojen ynn\u00e4ily\u00e4"},"content":{"rendered":"<p style=\"text-align: justify;\">Kotona j\u00e4lleen. Ynn\u00e4ilin t\u00e4ss\u00e4, ett\u00e4 viimeisen <strong>puolen vuoden<\/strong> aikana on tullut tehty\u00e4 yhteens\u00e4 24 lentoa ja lennetty\u00e4 per\u00e4ti 90 892 kilometrin matka. \ud83d\ude2f Se on yli kaksi kertaa maapallon ymp\u00e4ri tai 12 kertaa Vancouverin ja <a title=\"Turistina Helsingiss\u00e4\" href=\"https:\/\/www.vuosiamaailmalla.fi\/?p=10528\">Helsingin<\/a> v\u00e4linen et\u00e4isyys. Melkoinen matkustusrupeama sangen lyhyeen ajanjaksoon siis ja lentokoneiden penkkej\u00e4 onkin tullut kulutettua yhteens\u00e4 118 tunnin eli melkein viiden vuorokauden edest\u00e4. Huh! \ud83d\ude2e\u00a0<i class=\"_4-k1 img sp_fM-mz8spZ1b sx_d580ab\"><u><\/u><\/i><\/p>\n<p style=\"text-align: justify;\">Ja vaikka suurin osa lennoista onkin ollut <em>Star Allianceen<\/em> kuuluvilla lentoyhti\u00f6ill\u00e4 omaan piikkiin, ei edes alhaisin kanta-asiakastaso ole viel\u00e4 l\u00e4hell\u00e4k\u00e4\u00e4n. T\u00e4ss\u00e4 sen n\u00e4kee miten kannattaa aina varata halvimmat lennot lentomailien sijaan, kuten olen itsekin tehnyt kaikkien viimeaikaisten lentojeni kohdalla. Tasoille p\u00e4\u00e4see vasta <a title=\"Maahanmuutto bisnesluokassa\" href=\"https:\/\/www.vuosiamaailmalla.fi\/?p=230\">bisnesluokassa<\/a> tai oikeasti ty\u00f6kseen lennett\u00e4ess\u00e4. \ud83d\udca1<\/p>\n","protected":false},"excerpt":{"rendered":"<p>Kotona j\u00e4lleen. Ynn\u00e4ilin t\u00e4ss\u00e4, ett\u00e4 viimeisen puolen vuoden aikana on tullut tehty\u00e4 yhteens\u00e4 24 lentoa ja lennetty\u00e4 per\u00e4ti 90 892 kilometrin matka. \ud83d\ude2f Se on yli kaksi kertaa maapallon ymp\u00e4ri tai 12 kertaa Vancouverin ja Helsingin v\u00e4linen et\u00e4isyys. Melkoinen matkustusrupeama sangen lyhyeen ajanjaksoon siis ja lentokoneiden penkkej\u00e4 onkin tullut kulutettua yhteens\u00e4 118 tunnin eli melkein &hellip; <a href=\"https:\/\/www.vuosiamaailmalla.fi\/blog\/2016\/lentojen-ynnailya\/\" class=\"more-link\">Jatka lukemista<span class=\"screen-reader-text\"> &#8221;Lentojen ynn\u00e4ily\u00e4&#8221;<\/span><\/a><\/p>\n","protected":false},"author":1,"featured_media":8567,"comment_status":"open","ping_status":"open","sticky":false,"template":"","format":"standard","meta":{"_jetpack_memberships_contains_paid_content":false,"footnotes":""},"categories":[17,3],"tags":[34],"class_list":["post-8121","post","type-post","status-publish","format-standard","has-post-thumbnail","hentry","category-arki-kanadassa","category-arki-ulkomailla","tag-arki"],"jetpack_featured_media_url":"https:\/\/www.vuosiamaailmalla.fi\/blog\/wp-content\/uploads\/lentokartta_2016_banner.jpg","jetpack_sharing_enabled":true,"_links":{"self":[{"href":"https:\/\/www.vuosiamaailmalla.fi\/blog\/wp-json\/wp\/v2\/posts\/8121","targetHints":{"allow":["GET"]}}],"collection":[{"href":"https:\/\/www.vuosiamaailmalla.fi\/blog\/wp-json\/wp\/v2\/posts"}],"about":[{"href":"https:\/\/www.vuosiamaailmalla.fi\/blog\/wp-json\/wp\/v2\/types\/post"}],"author":[{"embeddable":true,"href":"https:\/\/www.vuosiamaailmalla.fi\/blog\/wp-json\/wp\/v2\/users\/1"}],"replies":[{"embeddable":true,"href":"https:\/\/www.vuosiamaailmalla.fi\/blog\/wp-json\/wp\/v2\/comments?post=8121"}],"version-history":[{"count":0,"href":"https:\/\/www.vuosiamaailmalla.fi\/blog\/wp-json\/wp\/v2\/posts\/8121\/revisions"}],"wp:featuredmedia":[{"embeddable":true,"href":"https:\/\/www.vuosiamaailmalla.fi\/blog\/wp-json\/wp\/v2\/media\/8567"}],"wp:attachment":[{"href":"https:\/\/www.vuosiamaailmalla.fi\/blog\/wp-json\/wp\/v2\/media?parent=8121"}],"wp:term":[{"taxonomy":"category","embeddable":true,"href":"https:\/\/www.vuosiamaailmalla.fi\/blog\/wp-json\/wp\/v2\/categories?post=8121"},{"taxonomy":"post_tag","embeddable":true,"href":"https:\/\/www.vuosiamaailmalla.fi\/blog\/wp-json\/wp\/v2\/tags?post=8121"}],"curies":[{"name":"wp","href":"https:\/\/api.w.org\/{rel}","templated":true}]}}