{"id":8152,"date":"2015-06-03T13:15:12","date_gmt":"2015-06-03T20:15:12","guid":{"rendered":"http:\/\/13.53.127.146\/?p=8152"},"modified":"2024-10-20T13:46:47","modified_gmt":"2024-10-20T20:46:47","slug":"kauniilla-sunshine-coastilla","status":"publish","type":"post","link":"https:\/\/www.vuosiamaailmalla.fi\/blog\/2015\/kauniilla-sunshine-coastilla\/","title":{"rendered":"Kauniilla Sunshine Coastilla"},"content":{"rendered":"<p style=\"text-align: justify;\">Toukokuun pitk\u00e4 viikonloppu on joka vuosi hyv\u00e4 tilaisuus ottaa ja l\u00e4hte\u00e4 kaupungista luonnon helmaan. N\u00e4in tehtiin my\u00f6s t\u00e4n\u00e4 vuonna ja otimme Niinan kanssa suunnaksemme Vancouverin l\u00e4hell\u00e4 sijaitsevan hieman tuntemattoman Sunshine Coastin. T\u00e4m\u00e4 paikallinen &#8221;aurinkorannikko&#8221; on saanut nimens\u00e4 sangen suotuisasta s\u00e4\u00e4st\u00e4\u00e4n, joka on l\u00e4nsirannikoksi sangen v\u00e4h\u00e4sateinen ja aurinkokin hellii tavallista enemm\u00e4n. Varsinainen etel\u00e4n aurinkorannikko Sunshine Coast ei kuitenkaan ole, mutta kyse on silti viihtyis\u00e4st\u00e4 lomaseudusta.<\/p>\n<p><!--more--><\/p>\n<p style=\"text-align: justify;\">Sunshine Coastin it\u00e4isin kyl\u00e4 Gibsons sijaitsee vain nelisenkymment\u00e4 kilometri\u00e4 Vancouverista, mutta matkaan sis\u00e4ltyy 40 minuutin mittainen lauttamatka Horseshoe Bayst\u00e4. Pakollinen lauttamatka tekee alueesta sen todellista sijaintia eristyneemm\u00e4n tuntuisen, sill\u00e4 alueelle ei johda yht\u00e4\u00e4n maantiet\u00e4, ei vaikka se onkin osa mannerta. Jyrkk\u00e4 ja pitk\u00e4 <a title=\"St Mark\u2019s Summit\" href=\"https:\/\/www.vuosiamaailmalla.fi\/?p=6983\">Howe Sound<\/a> nimitt\u00e4in erottaa rannikon &#8221;mantereesta&#8221;, eik\u00e4 pieni asukasm\u00e4\u00e4r\u00e4 ole ollut tarpeeksi sillan rakentamiseksi. Silta on tosin palannut puheisiin viime vuosina, mutta mit\u00e4\u00e4n konkreettista hanketta sen eteen ei ole olemassa.<\/p>\n<p style=\"text-align: center;\"><iframe loading=\"lazy\" style=\"border: 0;\" src=\"https:\/\/www.google.com\/maps\/embed?pb=!1m28!1m12!1m3!1d663124.2535467698!2d-124.13236226295355!3d49.51606202938891!2m3!1f0!2f0!3f0!3m2!1i1024!2i768!4f13.1!4m13!3e6!4m5!1s0x548673f143a94fb3%3A0xbb9196ea9b81f38b!2sVancouver%2C+Brittil%C3%A4inen+Kolumbia%2C+Kanada!3m2!1d49.2827291!2d-123.12073749999999!4m5!1s0x5487bcfa588ed2b5%3A0x89adce6265349b19!2sEgmont%2C+BC%2C+Kanada!3m2!1d49.75!2d-123.93333299999999!5e0!3m2!1sfi!2sfi!4v1460331265704\" width=\"600\" height=\"450\" frameborder=\"0\" allowfullscreen=\"allowfullscreen\"><\/iframe><\/p>\n<p style=\"text-align: justify;\">L\u00e4hdimme matkaan jo torstaina ty\u00f6p\u00e4iv\u00e4n j\u00e4lkeen ja olimme hyviss\u00e4 ajoin jonossa p\u00e4iv\u00e4n viimeiselle lautalle Gibsonsiin. Valitettavasti lautta oli kuitenkin kolmisen varttia my\u00f6h\u00e4ss\u00e4, joten olimme vastarannalla vasta pime\u00e4n jo laskeutuessa. Gibsonsista edess\u00e4mme oli viel\u00e4 noin 80 kilometrin ajomatka rannikon aivan l\u00e4nsip\u00e4\u00e4ss\u00e4 sijaitsevaan pieneen Egmontin kyl\u00e4\u00e4n, jossa majapaikkamme sijaitsi. Olimmekin perill\u00e4 vasta puoleny\u00f6n j\u00e4lkeen, mutta onneksi hotellin ravintolalla oli viel\u00e4 ty\u00f6ntekij\u00f6it\u00e4 ja saimme avaimen m\u00f6kkiimme.<\/p>\n<p style=\"text-align: center;\"><a href=\"\/blog\/wp-content\/uploads\/2015\/west_coast_wilderness_lodge5.jpg\"><img decoding=\"async\" style=\"border: 0px none; margin: 5px;\" src=\"\/blog\/wp-content\/uploads\/2015\/thumbs\/thumbs_west_coast_wilderness_lodge5.jpg\" alt=\"\" \/><\/a><a href=\"\/blog\/wp-content\/uploads\/2015\/west_coast_wilderness_lodge6.jpg\"><img decoding=\"async\" style=\"border: 0px none; margin: 5px;\" src=\"\/blog\/wp-content\/uploads\/2015\/thumbs\/thumbs_west_coast_wilderness_lodge6.jpg\" alt=\"\" \/><\/a><\/p>\n<p style=\"text-align: center;\"><em>Ensimm\u00e4isen aamun pilvinen maisema<\/em><\/p>\n<p style=\"text-align: justify;\">Majapaikkanamme toimi <em>West Coast Wilderness Lodge<\/em> niminen pieni ja yleellinen m\u00f6kkikyl\u00e4, joka sijaitsee todella kauniilla paikalla Sechelt Inletin ja Jervis Inletin risteyksess\u00e4. Hotellin terassilta aukeaa upea maisema kumpuilevaan maastoon ja iltaisin auringonlaskut ovat huikeita. Aamup\u00e4iv\u00e4n ohjelmana suuntasimme l\u00e4hist\u00f6lt\u00e4 l\u00e4htev\u00e4lle <em>SunCoaster Trailille<\/em>, joka on 37 kilometrin mittainen polku halki kukkulaisten metsien. Olimme ottaneet mukaamme polkupy\u00f6r\u00e4mme ja py\u00f6r\u00e4ilimme polkua noin kymmenen kilometrin matkan. Ennakkoon olimme saaneet k\u00e4sityksen ett\u00e4 polku olisi py\u00f6r\u00e4ilyyn hyvin soveltuvaa. Osin n\u00e4in olikin, mutta maasto oli todella kivikkoista ja eritt\u00e4in jyrkk\u00e4\u00e4. Siis todella jyrkk\u00e4\u00e4, sill\u00e4 harvoin n\u00e4kee <strong>35% asteen<\/strong> noususta varoittavia kylttej\u00e4! \ud83d\ude2f<\/p>\n<p style=\"text-align: center;\"><a href=\"\/blog\/wp-content\/uploads\/2015\/suncoaster_trail1.jpg\"><img decoding=\"async\" style=\"border: 0px none; margin: 5px;\" src=\"\/blog\/wp-content\/uploads\/2015\/thumbs\/thumbs_suncoaster_trail1.jpg\" alt=\"\" \/><\/a><a href=\"\/blog\/wp-content\/uploads\/2015\/suncoaster_trail2.jpg\"><img decoding=\"async\" style=\"border: 0px none; margin: 5px;\" src=\"\/blog\/wp-content\/uploads\/2015\/thumbs\/thumbs_suncoaster_trail2.jpg\" alt=\"\" \/><\/a><a href=\"\/blog\/wp-content\/uploads\/2015\/todella_jyrkka_maki.jpg\"><img decoding=\"async\" style=\"border: 0px none; margin: 5px;\" src=\"\/blog\/wp-content\/uploads\/2015\/thumbs\/thumbs_todella_jyrkka_maki.jpg\" alt=\"\" \/><\/a><\/p>\n<p style=\"text-align: center;\"><em>Jyrkk\u00e4 SunCoaster Trail<\/em><\/p>\n<p style=\"text-align: justify;\">Reitti vie silti halki kauniiden mets\u00e4maisemien ja erikoisella lumilaudoista rakennetulla penkill\u00e4 oli rentouttavaa katsoa alapuolella aukenevaa maisemaa. Paluumatkalla n\u00e4imme mets\u00e4ss\u00e4 my\u00f6s peuroja, joiden n\u00e4keminen t\u00e4\u00e4ll\u00e4 Kanadassa on kohtuullisen harvinaista Suomeen verrattuna.<\/p>\n<p style=\"text-align: center;\"><a href=\"\/blog\/wp-content\/uploads\/2015\/suncoaster_trail3.jpg\"><img decoding=\"async\" style=\"border: 0px none; margin: 5px;\" src=\"\/blog\/wp-content\/uploads\/2015\/thumbs\/thumbs_suncoaster_trail3.jpg\" alt=\"\" \/><\/a><a href=\"\/blog\/wp-content\/uploads\/2015\/suncoaster_trail4.jpg\"><img decoding=\"async\" style=\"border: 0px none; margin: 5px;\" src=\"\/blog\/wp-content\/uploads\/2015\/thumbs\/thumbs_suncoaster_trail4.jpg\" alt=\"\" \/><\/a><a href=\"\/blog\/wp-content\/uploads\/2015\/suncoaster_trail5.jpg\"><img decoding=\"async\" style=\"border: 0px none; margin: 5px;\" src=\"\/blog\/wp-content\/uploads\/2015\/thumbs\/thumbs_suncoaster_trail5.jpg\" alt=\"\" \/><\/a><\/p>\n<p style=\"text-align: center;\"><em>Rauhallinen maisemapaikka<\/em><\/p>\n<p style=\"text-align: justify;\">Parituntisen py\u00f6r\u00e4ilyn j\u00e4lkeen k\u00e4vimme lounaalla Earl&#8217;s Coven lautta-asemalla. Sielt\u00e4 l\u00e4htev\u00e4t lautat yhdist\u00e4v\u00e4t alemman Sunshine Coastin sen ylemp\u00e4\u00e4n osaan, jossa meid\u00e4n pit\u00e4\u00e4 vierailla joskus toiste. Nyt\u00a0 kuitenkin vain tankkasimme itsemme lounaalla ja l\u00e4hdimme kohti kuuluisaa Skookumchuck Narrowsia. Kuitenkin juuri tuolla matkalla meille sattui ik\u00e4v\u00e4 vahinko, jossa <a title=\"Sairaalarumba katkenneen ranteen vuoksi\" href=\"https:\/\/www.vuosiamaailmalla.fi\/?p=5121\">Niina kaatui py\u00f6r\u00e4ll\u00e4 katkaisten ranteensa<\/a>. \ud83d\ude41 T\u00e4st\u00e4 harmista sek\u00e4 siit\u00e4 seuranneista sairaalaoperaatioista on kerrottu tarkemmin linkin takaisessa kirjoituksessa.<\/p>\n<p style=\"text-align: center;\"><a href=\"\/blog\/wp-content\/uploads\/2015\/earls_cove_lauttasatama.jpg\"><img decoding=\"async\" style=\"border: 0px none; margin: 5px;\" src=\"\/blog\/wp-content\/uploads\/2015\/thumbs\/thumbs_earls_cove_lauttasatama.jpg\" alt=\"\" \/><\/a><a href=\"\/blog\/wp-content\/uploads\/2015\/lauttarannan_kuppila.jpg\"><img decoding=\"async\" style=\"border: 0px none; margin: 5px;\" src=\"\/blog\/wp-content\/uploads\/2015\/thumbs\/thumbs_lauttarannan_kuppila.jpg\" alt=\"\" \/><\/a><\/p>\n<p style=\"text-align: center;\"><em>Earl&#8217;s Coven lauttaterminaali<\/em><\/p>\n<p style=\"text-align: center;\"><a href=\"\/blog\/wp-content\/uploads\/2015\/egmont.jpg\"><img decoding=\"async\" style=\"border: 0px none; margin: 5px;\" src=\"\/blog\/wp-content\/uploads\/2015\/egmont.jpg\" alt=\"\" \/><\/a><\/p>\n<p style=\"text-align: center;\"><em>Pikkuinen Egmontin kyl\u00e4<\/em><\/p>\n<p style=\"text-align: justify;\">Ep\u00e4onnisesti p\u00e4\u00e4ttyneeseen p\u00e4iv\u00e4\u00e4n ei mahtunut sairaalareissun j\u00e4lkeen en\u00e4\u00e4 muuta kuin lepoa, mutta seuraavana p\u00e4iv\u00e4n\u00e4 Niina p\u00e4\u00e4tti rohkeasti, ett\u00e4 l\u00e4htisimme odotetulle veneretkelle. Hotellimme rannasta tehd\u00e4\u00e4n veneretki\u00e4 yl\u00f6s Jervis Inletin kaunista vuonoa. Maisemat retkell\u00e4 ovat upeat ja jo heti alkumatkasta n\u00e4imme lauman hylkeit\u00e4 paistattelemassa p\u00e4iv\u00e4\u00e4 rantakivikolla. Joukossa oli my\u00f6s pieni ruskea kuutti, joka ihmetteli venett\u00e4mme ennen veteen pulahtamista.<\/p>\n<p style=\"text-align: center;\"><a href=\"\/blog\/wp-content\/uploads\/2015\/hylkeita1.jpg\"><img decoding=\"async\" style=\"border: 0px none; margin: 5px;\" src=\"\/blog\/wp-content\/uploads\/2015\/thumbs\/thumbs_hylkeita1.jpg\" alt=\"\" \/><\/a><a href=\"\/blog\/wp-content\/uploads\/2015\/hylkeita2.jpg\"><img decoding=\"async\" style=\"border: 0px none; margin: 5px;\" src=\"\/blog\/wp-content\/uploads\/2015\/thumbs\/thumbs_hylkeita2.jpg\" alt=\"\" \/><\/a><\/p>\n<p style=\"text-align: center;\"><em>Hylkeet paistattelevat p\u00e4iv\u00e4\u00e4<\/em><\/p>\n<p style=\"text-align: justify;\">Ilma vuonossa oli aamulla utuinen ja v\u00e4rj\u00e4si maisemat sinert\u00e4viksi. Vesi oli kuitenkin eritt\u00e4in tyynt\u00e4 ja paikoin tuntui kuin olisimme liit\u00e4neet veden p\u00e4\u00e4ll\u00e4. Maisemat muuttuivat kuitenkin yh\u00e4 jylhemmiksi pohjoiseen p\u00e4in ment\u00e4ess\u00e4 ja my\u00f6s aurinko tuli esiin, saaden pilvet v\u00e4istym\u00e4\u00e4n taivaalta. Kiintoisa pys\u00e4hdys retkell\u00e4mme olivat rantakallion sein\u00e4st\u00e4 l\u00f6ydetyt alkuasukkaiden merkilliset kalliomaalaukset, joiden merkityst\u00e4 ihmettelimme hetken aikaa.<\/p>\n<p style=\"text-align: center;\"><a href=\"\/blog\/wp-content\/uploads\/2015\/venematka_princess_louisa_inletiin4.jpg\"><img decoding=\"async\" style=\"border: 0px none; margin: 5px;\" src=\"\/blog\/wp-content\/uploads\/2015\/thumbs\/thumbs_venematka_princess_louisa_inletiin4.jpg\" alt=\"\" \/><\/a><a href=\"\/blog\/wp-content\/uploads\/2015\/purjevene_vuonossa2.jpg\"><img decoding=\"async\" style=\"border: 0px none; margin: 5px;\" src=\"\/blog\/wp-content\/uploads\/2015\/thumbs\/thumbs_purjevene_vuonossa2.jpg\" alt=\"\" \/><\/a><a href=\"\/blog\/wp-content\/uploads\/2015\/purjevene_vuonossa.jpg\"><img decoding=\"async\" style=\"border: 0px none; margin: 5px;\" src=\"\/blog\/wp-content\/uploads\/2015\/thumbs\/thumbs_purjevene_vuonossa.jpg\" alt=\"\" \/><br \/>\n<\/a><a href=\"\/blog\/wp-content\/uploads\/2015\/silma_vuoressa.jpg\"><img decoding=\"async\" style=\"border: 0px none; margin: 5px;\" src=\"\/blog\/wp-content\/uploads\/2015\/thumbs\/thumbs_silma_vuoressa.jpg\" alt=\"\" \/><\/a><a href=\"\/blog\/wp-content\/uploads\/2015\/venematka_princess_louisa_inletiin3.jpg\"><img decoding=\"async\" style=\"border: 0px none; margin: 5px;\" src=\"\/blog\/wp-content\/uploads\/2015\/thumbs\/thumbs_venematka_princess_louisa_inletiin3.jpg\" alt=\"\" \/><\/a><\/p>\n<p style=\"text-align: center;\"><em>Sinert\u00e4v\u00e4n aamu<\/em><\/p>\n<p style=\"text-align: center;\"><a href=\"\/blog\/wp-content\/uploads\/2015\/murentunut_kallio.jpg\"><img decoding=\"async\" style=\"border: 0px none; margin: 5px;\" src=\"\/blog\/wp-content\/uploads\/2015\/thumbs\/thumbs_murentunut_kallio.jpg\" alt=\"\" \/><\/a><a href=\"\/blog\/wp-content\/uploads\/2015\/alkuasukkaiden_merkkeja.jpg\"><img decoding=\"async\" style=\"border: 0px none; margin: 5px;\" src=\"\/blog\/wp-content\/uploads\/2015\/thumbs\/thumbs_alkuasukkaiden_merkkeja.jpg\" alt=\"\" \/><\/a><\/p>\n<p style=\"text-align: center;\"><em>Lohjennutta kalliota sek\u00e4 alkuasukkaiden merkint\u00f6j\u00e4<\/em><\/p>\n<p style=\"text-align: center;\"><a href=\"\/blog\/wp-content\/uploads\/2015\/vesiputous_veneretkella.jpg\"><img decoding=\"async\" style=\"border: 0px none; margin: 5px;\" src=\"\/blog\/wp-content\/uploads\/2015\/thumbs\/thumbs_vesiputous_veneretkella.jpg\" alt=\"\" \/><\/a><\/p>\n<p style=\"text-align: center;\"><em>Yksi Jervis Inletin sadoista vesiputouksista<\/em><\/p>\n<p style=\"text-align: justify;\">Veneretken huipentuma on Jervin Inletin pohjoisp\u00e4\u00e4ss\u00e4 sijaitseva kaunis Princess Louisa Inlet, joka on eritt\u00e4in jylh\u00e4 oma vuononsa. T\u00e4m\u00e4 suojaisa poukama sijaitsee Malibuna tunnetun kapeikon takana ja on uskomaton luontoparatiisi.<\/p>\n<p style=\"text-align: center;\"><a href=\"\/blog\/wp-content\/uploads\/2015\/venematka_princess_louisa_inletiin9.jpg\"><img decoding=\"async\" style=\"border: 0px none; margin: 5px;\" src=\"\/blog\/wp-content\/uploads\/2015\/thumbs\/thumbs_venematka_princess_louisa_inletiin9.jpg\" alt=\"\" \/><\/a><a href=\"\/blog\/wp-content\/uploads\/2015\/venematka_princess_louisa_inletiin1.jpg\"><img decoding=\"async\" style=\"border: 0px none; margin: 5px;\" src=\"\/blog\/wp-content\/uploads\/2015\/thumbs\/thumbs_venematka_princess_louisa_inletiin1.jpg\" alt=\"\" \/><\/a><a href=\"\/blog\/wp-content\/uploads\/2015\/venematka_princess_louisa_inletiin2.jpg\"><img decoding=\"async\" style=\"border: 0px none; margin: 5px;\" src=\"\/blog\/wp-content\/uploads\/2015\/thumbs\/thumbs_venematka_princess_louisa_inletiin2.jpg\" alt=\"\" \/><\/a><\/p>\n<p style=\"text-align: center;\"><em>Upea m\u00e4\u00e4r\u00e4np\u00e4\u00e4 h\u00e4\u00e4m\u00f6tt\u00e4\u00e4<\/em><\/p>\n<p style=\"text-align: center;\"><iframe loading=\"lazy\" src=\"https:\/\/www.youtube-nocookie.com\/embed\/8Y67Q85QVQA?rel=0\" width=\"560\" height=\"315\" frameborder=\"0\" allowfullscreen=\"allowfullscreen\"><\/iframe><\/p>\n<p style=\"text-align: justify;\">Malibu on saanut nimens\u00e4 pienelle nimenk\u00e4nk\u00e4reelle rakennetusta lomakeskuksesta, joka oli 1940-luvulla julkkisten yleellinen pakopaikka arjen murheista. Keskuksessa tiedet\u00e4\u00e4n vierailleen muun muassa n\u00e4yttelij\u00e4 John Wayne sek\u00e4 tuolloin senaattorina toiminut John F. Kennedy sek\u00e4 monia muita aikansa merkkihenkil\u00f6it\u00e4. Keskus joutui kuitenkin 50-luvulla ongelmiin, sill\u00e4 yhteydet sinne ovat hankalat ja vaativat joko pitk\u00e4\u00e4 venematkaa Egmontista tai sitten vesitasolla lent\u00e4mist\u00e4. Lomakeskus joutuikin sulkemaan ovensa ja lopulta se myytiin uskonnollisille j\u00e4rjest\u00f6lle, joka on 50-luvun lopusta alkaen j\u00e4rjest\u00e4nyt siell\u00e4 kes\u00e4leirej\u00e4 nuorille. Ja huh huh millainen paikka nuorten viett\u00e4\u00e4 leiri\u00e4, kaukana kaikesta sivistyksest\u00e4! \ud83d\ude2e<\/p>\n<p style=\"text-align: center;\"><a href=\"\/blog\/wp-content\/uploads\/2015\/malibun_leirikeskus1.jpg\"><img decoding=\"async\" style=\"border: 0px none; margin: 5px;\" src=\"\/blog\/wp-content\/uploads\/2015\/thumbs\/thumbs_malibun_leirikeskus1.jpg\" alt=\"\" \/><\/a><a href=\"\/blog\/wp-content\/uploads\/2015\/malibun_leirikeskus3.jpg\"><img decoding=\"async\" style=\"border: 0px none; margin: 5px;\" src=\"\/blog\/wp-content\/uploads\/2015\/thumbs\/thumbs_malibun_leirikeskus3.jpg\" alt=\"\" \/><\/a><a href=\"\/blog\/wp-content\/uploads\/2015\/malibun_leirikeskus2.jpg\"><img decoding=\"async\" style=\"border: 0px none; margin: 5px;\" src=\"\/blog\/wp-content\/uploads\/2015\/thumbs\/thumbs_malibun_leirikeskus2.jpg\" alt=\"\" \/><\/a><\/p>\n<p style=\"text-align: center;\"><em>Huikeiden maisemien nuorisoleiri<\/em><\/p>\n<p style=\"text-align: justify;\">Syvemm\u00e4ll\u00e4 Princess Louisa Inletin sis\u00e4ll\u00e4 meille alkoi hiljalleen valkenemaan miksi t\u00e4m\u00e4 vuono on kuuluisa. Jylh\u00e4t kivisein\u00e4m\u00e4t nousevat vedest\u00e4 melkein pystysuorina toista kilometri\u00e4 ja vuonon pohjukkaan on rakennettu pieni laituri, johon veneet voivat ankkuroitua. Ankkurissa olikin muutamia veneit\u00e4, jotka olivat saapuneet paikalle Vancouverista saakka. Matkaan kuluu kaksi p\u00e4iv\u00e4\u00e4, mutta y\u00f6pyminen t\u00e4llaisessa ymp\u00e4rist\u00f6ss\u00e4 on varmasti ikimuistoinen el\u00e4mys.<\/p>\n<p style=\"text-align: center;\"><a href=\"\/blog\/wp-content\/uploads\/2015\/princess_louisa_inlet5.jpg\"><img decoding=\"async\" style=\"border: 0px none; margin: 5px;\" src=\"\/blog\/wp-content\/uploads\/2015\/thumbs\/thumbs_princess_louisa_inlet5.jpg\" alt=\"\" \/><\/a><a href=\"\/blog\/wp-content\/uploads\/2015\/princess_louisa_inlet6.jpg\"><img decoding=\"async\" style=\"border: 0px none; margin: 5px;\" src=\"\/blog\/wp-content\/uploads\/2015\/thumbs\/thumbs_princess_louisa_inlet6.jpg\" alt=\"\" \/><\/a><a href=\"\/blog\/wp-content\/uploads\/2015\/princess_louisa_inlet2.jpg\"><img decoding=\"async\" style=\"border: 0px none; margin: 5px;\" src=\"\/blog\/wp-content\/uploads\/2015\/thumbs\/thumbs_princess_louisa_inlet2.jpg\" alt=\"\" \/><\/a><\/p>\n<p style=\"text-align: center;\"><em>Jylhi\u00e4 vuorensein\u00e4mi\u00e4<\/em><\/p>\n<p style=\"text-align: center;\"><a href=\"\/blog\/wp-content\/uploads\/2015\/princess_louisa_inlet1.jpg\"><img decoding=\"async\" style=\"border: 0px none; margin: 5px;\" src=\"\/blog\/wp-content\/uploads\/2015\/princess_louisa_inlet1.jpg\" alt=\"\" \/><\/a><\/p>\n<p style=\"text-align: center;\"><em>Retkel\u00e4iset<\/em><\/p>\n<p style=\"text-align: center;\"><a href=\"\/blog\/wp-content\/uploads\/2015\/princess_louisa_inlet3.jpg\"><img decoding=\"async\" style=\"border: 0px none; margin: 5px;\" src=\"\/blog\/wp-content\/uploads\/2015\/thumbs\/thumbs_princess_louisa_inlet3.jpg\" alt=\"\" \/><\/a><a href=\"\/blog\/wp-content\/uploads\/2015\/princess_louisa_inlet7.jpg\"><img decoding=\"async\" style=\"border: 0px none; margin: 5px;\" src=\"\/blog\/wp-content\/uploads\/2015\/thumbs\/thumbs_princess_louisa_inlet7.jpg\" alt=\"\" \/><\/a><a href=\"\/blog\/wp-content\/uploads\/2015\/princess_louisa_inlet4.jpg\"><img decoding=\"async\" style=\"border: 0px none; margin: 5px;\" src=\"\/blog\/wp-content\/uploads\/2015\/thumbs\/thumbs_princess_louisa_inlet4.jpg\" alt=\"\" \/><\/a><\/p>\n<p style=\"text-align: center;\"><em>Huikea paikka ankkuroitua y\u00f6ksi<\/em><\/p>\n<p style=\"text-align: center;\"><a href=\"\/blog\/wp-content\/uploads\/2015\/princess_louisa_inlet_panoraama.jpg\"><img decoding=\"async\" style=\"border: 0px none; margin: 5px;\" src=\"\/blog\/wp-content\/uploads\/2015\/princess_louisa_inlet_panoraama_pieni.jpg\" alt=\"\" \/><\/a><\/p>\n<p style=\"text-align: center;\"><em>Kaunis Princess Louisa Inlet<\/em><\/p>\n<p style=\"text-align: justify;\">Valitettavasti meill\u00e4 ei ollut perill\u00e4 aikaa kuin puolisen tuntia tutkia pohjukan ymp\u00e4rist\u00f6\u00e4. Eritt\u00e4in n\u00e4ytt\u00e4v\u00e4 luonnonmuodostelma aivan sataman l\u00e4hist\u00f6ll\u00e4 on Chatterbox Fallsin vesiputous, joka tulvii n\u00e4in kev\u00e4\u00e4ll\u00e4 vuolaana. Putousta ymp\u00e4r\u00f6i todella rehev\u00e4 mets\u00e4, jossa seisoo ikiaikaisia j\u00e4ttil\u00e4ispuita. Maisemat ovat aivan mielett\u00f6m\u00e4t ja meist\u00e4 Princess Louisa Inletin kauneus ylt\u00e4\u00e4 aivan <a title=\"Eeppisten maisemien Uusi-Seelanti\" href=\"https:\/\/www.vuosiamaailmalla.fi\/?p=7252\">Uuden-Seelannin<\/a> kuuluisan ja <a title=\"Sanoinkuvaamaton Milford Sound\" href=\"https:\/\/www.vuosiamaailmalla.fi\/?p=7269\">sanoinkuvaamattoman Milford Soundin<\/a> tasolle. On aivan k\u00e4sitt\u00e4m\u00e4t\u00f6nt\u00e4 ett\u00e4 t\u00e4llainen paikka sijaitsee niin l\u00e4hell\u00e4 Vancouveria ja silti vain harva on edes tietoinen siit\u00e4! \ud83d\udca1<\/p>\n<p style=\"text-align: center;\"><a href=\"\/blog\/wp-content\/uploads\/2015\/chatterbox_falls_polku1.jpg\"><img decoding=\"async\" style=\"border: 0px none; margin: 5px;\" src=\"\/blog\/wp-content\/uploads\/2015\/thumbs\/thumbs_chatterbox_falls_polku1.jpg\" alt=\"\" \/><\/a><a href=\"\/blog\/wp-content\/uploads\/2015\/chatterbox_falls_polku2.jpg\"><img decoding=\"async\" style=\"border: 0px none; margin: 5px;\" src=\"\/blog\/wp-content\/uploads\/2015\/thumbs\/thumbs_chatterbox_falls_polku2.jpg\" alt=\"\" \/><\/a><a href=\"\/blog\/wp-content\/uploads\/2015\/chatterbox_falls_polku3.jpg\"><img decoding=\"async\" style=\"border: 0px none; margin: 5px;\" src=\"\/blog\/wp-content\/uploads\/2015\/thumbs\/thumbs_chatterbox_falls_polku3.jpg\" alt=\"\" \/><\/a><\/p>\n<p style=\"text-align: center;\"><em>Polku vesiputoukselle<\/em><\/p>\n<p style=\"text-align: center;\"><a href=\"\/blog\/wp-content\/uploads\/2015\/chatterbox_falls1.jpg\"><img decoding=\"async\" style=\"border: 0px none; margin: 5px;\" src=\"\/blog\/wp-content\/uploads\/2015\/thumbs\/thumbs_chatterbox_falls1.jpg\" alt=\"\" \/><\/a><a href=\"\/blog\/wp-content\/uploads\/2015\/chatterbox_falls2.jpg\"><img decoding=\"async\" style=\"border: 0px none; margin: 5px;\" src=\"\/blog\/wp-content\/uploads\/2015\/thumbs\/thumbs_chatterbox_falls2.jpg\" alt=\"\" \/><\/a><\/p>\n<p style=\"text-align: center;\"><em>Chatterbox Falls<\/em><\/p>\n<p style=\"text-align: center;\"><iframe loading=\"lazy\" src=\"https:\/\/www.youtube-nocookie.com\/embed\/fk84LT_btl4?rel=0\" width=\"560\" height=\"315\" frameborder=\"0\" allowfullscreen=\"allowfullscreen\"><\/iframe><\/p>\n<p style=\"text-align: justify;\">Princess Louisa Inletist\u00e4 on matkaa Egmontiin noin viitisenkymment\u00e4 kilometri\u00e4 ja nopean kumiveneen kyydiss\u00e4kin matkaan kuluu noin tunti. Tulomatkalla rauhallinen Jervis Inlet oli muuttunut tuuliseksi ja meno olikin pomppuista. Upeita vuonomaisemia oli silti ilo katsella ja Niinakin kesti menon kipsatun ranteensa kanssa.<\/p>\n<p style=\"text-align: center;\"><a href=\"\/blog\/wp-content\/uploads\/2015\/venematka_princess_louisa_inletiin5.jpg\"><img decoding=\"async\" style=\"border: 0px none; margin: 5px;\" src=\"\/blog\/wp-content\/uploads\/2015\/thumbs\/thumbs_venematka_princess_louisa_inletiin5.jpg\" alt=\"\" \/><\/a><a href=\"\/blog\/wp-content\/uploads\/2015\/venematka_princess_louisa_inletiin6.jpg\"><img decoding=\"async\" style=\"border: 0px none; margin: 5px;\" src=\"\/blog\/wp-content\/uploads\/2015\/thumbs\/thumbs_venematka_princess_louisa_inletiin6.jpg\" alt=\"\" \/><\/a><a href=\"\/blog\/wp-content\/uploads\/2015\/venematka_princess_louisa_inletiin7.jpg\"><img decoding=\"async\" style=\"border: 0px none; margin: 5px;\" src=\"\/blog\/wp-content\/uploads\/2015\/thumbs\/thumbs_venematka_princess_louisa_inletiin7.jpg\" alt=\"\" \/><\/a><\/p>\n<p style=\"text-align: center;\"><em>Paluumatkalla oli tyrskyis\u00e4\u00e4<\/em><\/p>\n<p style=\"text-align: center;\"><a href=\"\/blog\/wp-content\/uploads\/2015\/venematka_princess_louisa_inletiin8.jpg\"><img decoding=\"async\" style=\"border: 0px none; margin: 5px;\" src=\"\/blog\/wp-content\/uploads\/2015\/venematka_princess_louisa_inletiin8.jpg\" alt=\"\" \/><\/a><\/p>\n<p style=\"text-align: center;\"><em>Urheasti jaksava potilas<\/em><\/p>\n<p style=\"text-align: justify;\">Takaisin tasaisella maalla ajoimme illalla Egmontista hieman etel\u00e4\u00e4n sijaitsevan Madeira Parkin alueelle, jossa k\u00e4vimme katsomassa auringonlaskua Daniel Pointin pieness\u00e4 niemess\u00e4. Veteen uppoava aurinko oli kaunis n\u00e4ky upean p\u00e4iv\u00e4n p\u00e4\u00e4tteeksi.<\/p>\n<p style=\"text-align: center;\"><a href=\"\/blog\/wp-content\/uploads\/2015\/daniel_point2.jpg\"><img decoding=\"async\" style=\"border: 0px none; margin: 5px;\" src=\"\/blog\/wp-content\/uploads\/2015\/thumbs\/thumbs_daniel_point2.jpg\" alt=\"\" \/><\/a><a href=\"\/blog\/wp-content\/uploads\/2015\/daniel_point1.jpg\"><img decoding=\"async\" style=\"border: 0px none; margin: 5px;\" src=\"\/blog\/wp-content\/uploads\/2015\/thumbs\/thumbs_daniel_point1.jpg\" alt=\"\" \/><\/a><a href=\"\/blog\/wp-content\/uploads\/2015\/daniel_point3.jpg\"><img decoding=\"async\" style=\"border: 0px none; margin: 5px;\" src=\"\/blog\/wp-content\/uploads\/2015\/thumbs\/thumbs_daniel_point3.jpg\" alt=\"\" \/><\/a><\/p>\n<p style=\"text-align: center;\"><em>Daniel Pointin niemi<\/em><\/p>\n<p style=\"text-align: center;\"><a href=\"\/blog\/wp-content\/uploads\/2015\/auringonlasku_sunshine_coastilla2.jpg\"><img decoding=\"async\" style=\"border: 0px none; margin: 5px;\" src=\"\/blog\/wp-content\/uploads\/2015\/thumbs\/thumbs_auringonlasku_sunshine_coastilla2.jpg\" alt=\"\" \/><\/a><a href=\"\/blog\/wp-content\/uploads\/2015\/auringonlasku_sunshine_coastilla1.jpg\"><img decoding=\"async\" style=\"border: 0px none; margin: 5px;\" src=\"\/blog\/wp-content\/uploads\/2015\/thumbs\/thumbs_auringonlasku_sunshine_coastilla1.jpg\" alt=\"\" \/><\/a><\/p>\n<p style=\"text-align: center;\"><em>Auringonlasku sadepilven taa<\/em><\/p>\n<p style=\"text-align: justify;\">Sunnuntaina Niina halusi lepuuttaa k\u00e4tt\u00e4\u00e4n hotellilla, joten min\u00e4 l\u00e4hdin yksin katsastamaan perjantaina onnettomuuden vuoksi keskenj\u00e4\u00e4nytt\u00e4 Skookumchuckin koskia. T\u00e4m\u00e4 erikoisen kuuloinen sana tulee <a title=\"Kanadan v\u00e4itetty kansanmurha\" href=\"https:\/\/www.vuosiamaailmalla.fi\/blog\/2024\/kanadan-vaitetty-kansanmurha\/\">alkuper\u00e4isasukkaiden<\/a> kielest\u00e4 ja tarkoittaa &#8221;nopeaa vett\u00e4&#8221;. Syy nimitykseen on kapeikko, joka pakottaa suuren Sechelt Inletin vesimassat kulkemaan l\u00e4vitseen joka p\u00e4iv\u00e4 vuoroveden mukana.<\/p>\n<p style=\"text-align: center;\"><a href=\"\/blog\/wp-content\/uploads\/2015\/skookumchuck_narrows4.jpg\"><img decoding=\"async\" style=\"border: 0px none; margin: 5px;\" src=\"\/blog\/wp-content\/uploads\/2015\/skookumchuck_narrows4.jpg\" alt=\"\" \/><\/a><\/p>\n<p style=\"text-align: center;\"><em>Skookumchuckin kapeikko<\/em><\/p>\n<p style=\"text-align: center;\"><iframe loading=\"lazy\" src=\"https:\/\/www.youtube-nocookie.com\/embed\/3XydN5FP3Lg?rel=0\" width=\"560\" height=\"315\" frameborder=\"0\" allowfullscreen=\"allowfullscreen\"><\/iframe><\/p>\n<p style=\"text-align: justify;\">Kapeikon kautta kulkee joka p\u00e4iv\u00e4 muutaman tunnin aikana huikeat 760 miljoonaa kuutiota vett\u00e4, mik\u00e4 on valtava tilavuus ja se aiheuttaakin kapeikon kohdalla voimakkaita virtauksia. Kapeikko on niin vesimassaan n\u00e4hden niin ahdas, ett\u00e4 vedenpinnan korkeusero Sechelt Inletin sek\u00e4 Georgiansalmen v\u00e4lill\u00e4 voi olla ajoittain jopa kaksi metri\u00e4, mik\u00e4 saa vesimassat virtaamaan jopa 33 kilometrin tuntivauhtia. Lukema on maailman toiseksi nopein ja ainoastaan huomattavasti pienempi Saltstraumenin kapeikko Norjassa on t\u00e4t\u00e4 nopeampi.<\/p>\n<p style=\"text-align: center;\"><a href=\"\/blog\/wp-content\/uploads\/2015\/skookumchuck_narrows3.jpg\"><img decoding=\"async\" style=\"border: 0px none; margin: 5px;\" src=\"\/blog\/wp-content\/uploads\/2015\/thumbs\/thumbs_skookumchuck_narrows3.jpg\" alt=\"\" \/><\/a><a href=\"\/blog\/wp-content\/uploads\/2015\/skookumchuck_narrows6.jpg\"><img decoding=\"async\" style=\"border: 0px none; margin: 5px;\" src=\"\/blog\/wp-content\/uploads\/2015\/thumbs\/thumbs_skookumchuck_narrows6.jpg\" alt=\"\" \/><\/a><a href=\"\/blog\/wp-content\/uploads\/2015\/skookumchuck_narrows7.jpg\"><img decoding=\"async\" style=\"border: 0px none; margin: 5px;\" src=\"\/blog\/wp-content\/uploads\/2015\/thumbs\/thumbs_skookumchuck_narrows7.jpg\" alt=\"\" \/><\/a><\/p>\n<p style=\"text-align: center;\"><em>Tyhj\u00e4st\u00e4 ilmestyv\u00e4t kosket<\/em><\/p>\n<p style=\"text-align: justify;\">T\u00e4m\u00e4n kaksi kerta p\u00e4iv\u00e4ss\u00e4 toistuvan luonnonihmeen n\u00e4keminen omin silmin on \u00e4\u00e4rimm\u00e4isen kiehtovaa, sill\u00e4 vesimassojen liike n\u00e4ytt\u00e4\u00e4 silt\u00e4 kuin koko meri olisi tyhjenem\u00e4ss\u00e4. Kapeikko ei my\u00f6sk\u00e4\u00e4n ole edes kovin kapea, vaan vastarannalle on toistasataa metri\u00e4. Virtaus on kuitenkin niin voimakas, ett\u00e4 vesi muodostaa suuria py\u00f6rteit\u00e4 sek\u00e4 paikallaan seisovia korkeita aaltoja, joilla uskaliaat hurjap\u00e4\u00e4t toisinaan <em>surffailevat<\/em>. \ud83d\ude2f<\/p>\n<p style=\"text-align: center;\"><a href=\"\/blog\/wp-content\/uploads\/2015\/skookumchuck_narrows5.jpg\"><img decoding=\"async\" style=\"border: 0px none; margin: 5px;\" src=\"\/blog\/wp-content\/uploads\/2015\/thumbs\/thumbs_skookumchuck_narrows5.jpg\" alt=\"\" \/><\/a><a href=\"\/blog\/wp-content\/uploads\/2015\/skookumchuck_narrows2.jpg\"><img decoding=\"async\" style=\"border: 0px none; margin: 5px;\" src=\"\/blog\/wp-content\/uploads\/2015\/thumbs\/thumbs_skookumchuck_narrows2.jpg\" alt=\"\" \/><\/a><a href=\"\/blog\/wp-content\/uploads\/2015\/skookumchuck_narrows1.jpg\"><img decoding=\"async\" style=\"border: 0px none; margin: 5px;\" src=\"\/blog\/wp-content\/uploads\/2015\/thumbs\/thumbs_skookumchuck_narrows1.jpg\" alt=\"\" \/><\/a><\/p>\n<p style=\"text-align: center;\"><em>Voimakkaasti py\u00f6reilev\u00e4 ja aaltoileva virta<\/em><\/p>\n<p style=\"text-align: justify;\">N\u00e4ky\u00e4 katsellessa tulee miettineeksi miten valtava vaikutus Kuun vetovoimalla onkaan Maahan ja millaisia vesimassoja t\u00e4m\u00e4 vuorovaikutus liikuttaa joka ainoa p\u00e4iv\u00e4. Onnekseni satuin vierailemaan paikalla juuri suurimman XL-kokoisen vuoroveden aikana ja n\u00e4ky oli kyll\u00e4 ehdottomasti vierailun arvoinen!<\/p>\n<p style=\"text-align: justify;\">Iltap\u00e4iv\u00e4st\u00e4 k\u00e4vin viel\u00e4 Madeira Parkin luona sijaitsevassa Francis Pointin pieness\u00e4 luonnonpuistossa, jossa on lyhyehk\u00f6 polku pitkin rantakallioita. Polun maisemat olivat kuin kotona Etel\u00e4-Suomen rannikolla ja Georgiansalmi avautuu kauniina edess\u00e4. Hieman taaempana pilkottavat suuri <a title=\"Ikiaikaisten j\u00e4ttil\u00e4isten Tofino\" href=\"https:\/\/www.vuosiamaailmalla.fi\/?p=7129\">Vancouverinsaari<\/a> sek\u00e4 sen korkeat vuoret.<\/p>\n<p style=\"text-align: center;\"><a href=\"\/blog\/wp-content\/uploads\/2015\/francis_point1.jpg\"><img decoding=\"async\" style=\"border: 0px none; margin: 5px;\" src=\"\/blog\/wp-content\/uploads\/2015\/thumbs\/thumbs_francis_point1.jpg\" alt=\"\" \/><\/a><a href=\"\/blog\/wp-content\/uploads\/2015\/francis_point3.jpg\"><img decoding=\"async\" style=\"border: 0px none; margin: 5px;\" src=\"\/blog\/wp-content\/uploads\/2015\/thumbs\/thumbs_francis_point3.jpg\" alt=\"\" \/><\/a><a href=\"\/blog\/wp-content\/uploads\/2015\/francis_point4.jpg\"><img decoding=\"async\" style=\"border: 0px none; margin: 5px;\" src=\"\/blog\/wp-content\/uploads\/2015\/thumbs\/thumbs_francis_point4.jpg\" alt=\"\" \/><\/a><\/p>\n<p style=\"text-align: center;\"><em>Polku Francis Pointille<\/em><\/p>\n<p style=\"text-align: center;\"><a href=\"\/blog\/wp-content\/uploads\/2015\/francis_point2.jpg\"><img decoding=\"async\" style=\"border: 0px none; margin: 5px;\" src=\"\/blog\/wp-content\/uploads\/2015\/francis_point2.jpg\" alt=\"\" \/><\/a><\/p>\n<p style=\"text-align: center;\"><em>Aava n\u00e4kym\u00e4 Georgiansalmelle<\/em><\/p>\n<p style=\"text-align: justify;\">Loppup\u00e4iv\u00e4 kului hotellilla aurinkotuolissa p\u00f6tk\u00f6telless\u00e4 ja maanantaina l\u00e4hdimme hyviss\u00e4 ajoin ajamaan takaisin kohti Gibsonsia. Perill\u00e4 meill\u00e4 oli muutama tunti aikaa kiert\u00e4\u00e4 my\u00f6s Gibsonsin satamaa ennen lauttamme l\u00e4ht\u00f6\u00e4 takaisin &#8221;mantereelle&#8221;. Siell\u00e4 jouduimme vierailemaan <a title=\"Kes\u00e4p\u00e4iv\u00e4 North Vancouverissa\" href=\"https:\/\/www.vuosiamaailmalla.fi\/?p=7861\">North Vancouverin<\/a> sairaalalla n\u00e4ytt\u00e4m\u00e4ss\u00e4 Niinan k\u00e4tt\u00e4, josta seurasikin <a title=\"Sairaalarumba katkenneen ranteen vuoksi\" href=\"https:\/\/www.vuosiamaailmalla.fi\/?p=5121\">melkoinen h\u00e4ss\u00e4kk\u00e4<\/a>.<\/p>\n<p style=\"text-align: center;\"><a href=\"\/blog\/wp-content\/uploads\/2015\/west_coast_wilderness_lodge3.jpg\"><img decoding=\"async\" style=\"border: 0px none; margin: 5px;\" src=\"\/blog\/wp-content\/uploads\/2015\/thumbs\/thumbs_west_coast_wilderness_lodge3.jpg\" alt=\"\" \/><\/a><a href=\"\/blog\/wp-content\/uploads\/2015\/west_coast_wilderness_lodge2.jpg\"><img decoding=\"async\" style=\"border: 0px none; margin: 5px;\" src=\"\/blog\/wp-content\/uploads\/2015\/thumbs\/thumbs_west_coast_wilderness_lodge2.jpg\" alt=\"\" \/><\/a><a href=\"\/blog\/wp-content\/uploads\/2015\/west_coast_wilderness_lodge1.jpg\"><img decoding=\"async\" style=\"border: 0px none; margin: 5px;\" src=\"\/blog\/wp-content\/uploads\/2015\/thumbs\/thumbs_west_coast_wilderness_lodge1.jpg\" alt=\"\" \/><\/a><br \/>\n<a href=\"\/blog\/wp-content\/uploads\/2015\/west_coast_wilderness_lodge4.jpg\"><img decoding=\"async\" style=\"border: 0px none; margin: 5px;\" src=\"\/blog\/wp-content\/uploads\/2015\/thumbs\/thumbs_west_coast_wilderness_lodge4.jpg\" alt=\"\" \/><\/a><a href=\"\/blog\/wp-content\/uploads\/2015\/west_coast_wilderness_lodge7.jpg\"><img decoding=\"async\" style=\"border: 0px none; margin: 5px;\" src=\"\/blog\/wp-content\/uploads\/2015\/thumbs\/thumbs_west_coast_wilderness_lodge7.jpg\" alt=\"\" \/><\/a><\/p>\n<p style=\"text-align: center;\"><em>Kaunis majapaikkamme<\/em><\/p>\n<p style=\"text-align: center;\"><a href=\"\/blog\/wp-content\/uploads\/2015\/west_coast_wilderness_lodge_panoraama.jpg\"><img decoding=\"async\" style=\"border: 0px none; margin: 5px;\" src=\"\/blog\/wp-content\/uploads\/2015\/west_coast_wilderness_lodge_panoraama_pieni.jpg\" alt=\"\" \/><\/a><\/p>\n<p style=\"text-align: center;\"><em>Hulppea terassimaisema<\/em><\/p>\n<p style=\"text-align: center;\"><a href=\"\/blog\/wp-content\/uploads\/2015\/gibsons1.jpg\"><img decoding=\"async\" style=\"border: 0px none; margin: 5px;\" src=\"\/blog\/wp-content\/uploads\/2015\/thumbs\/thumbs_gibsons1.jpg\" alt=\"\" \/><\/a><a href=\"\/blog\/wp-content\/uploads\/2015\/gibsons3.jpg\"><img decoding=\"async\" style=\"border: 0px none; margin: 5px;\" src=\"\/blog\/wp-content\/uploads\/2015\/thumbs\/thumbs_gibsons3.jpg\" alt=\"\" \/><\/a><a href=\"\/blog\/wp-content\/uploads\/2015\/gibsons4.jpg\"><img decoding=\"async\" style=\"border: 0px none; margin: 5px;\" src=\"\/blog\/wp-content\/uploads\/2015\/thumbs\/thumbs_gibsons4.jpg\" alt=\"\" \/><\/a><br \/>\n<a href=\"\/blog\/wp-content\/uploads\/2015\/gibsons2.jpg\"><img decoding=\"async\" style=\"border: 0px none; margin: 5px;\" src=\"\/blog\/wp-content\/uploads\/2015\/thumbs\/thumbs_gibsons2.jpg\" alt=\"\" \/><\/a><a href=\"\/blog\/wp-content\/uploads\/2015\/gibsons_lauttasatama1.jpg\"><img decoding=\"async\" style=\"border: 0px none; margin: 5px;\" src=\"\/blog\/wp-content\/uploads\/2015\/thumbs\/thumbs_gibsons_lauttasatama1.jpg\" alt=\"\" \/><\/a><\/p>\n<p style=\"text-align: center;\"><em>Gibsons on vilkas lauttasatama<\/em><\/p>\n<p style=\"text-align: center;\"><a href=\"\/blog\/wp-content\/uploads\/2015\/lautalla_takaisin1.jpg\"><img decoding=\"async\" style=\"border: 0px none; margin: 5px;\" src=\"\/blog\/wp-content\/uploads\/2015\/thumbs\/thumbs_lautalla_takaisin1.jpg\" alt=\"\" \/><\/a><a href=\"\/blog\/wp-content\/uploads\/2015\/lautalla_takaisin2.jpg\"><img decoding=\"async\" style=\"border: 0px none; margin: 5px;\" src=\"\/blog\/wp-content\/uploads\/2015\/thumbs\/thumbs_lautalla_takaisin2.jpg\" alt=\"\" \/><\/a><a href=\"\/blog\/wp-content\/uploads\/2015\/gibsons_lauttasatama2.jpg\"><img decoding=\"async\" style=\"border: 0px none; margin: 5px;\" src=\"\/blog\/wp-content\/uploads\/2015\/thumbs\/thumbs_gibsons_lauttasatama2.jpg\" alt=\"\" \/><\/a><\/p>\n<p style=\"text-align: center;\"><em>Paluumatkalla mantereelle<\/em><\/p>\n<p style=\"text-align: justify;\">Harmillisesta onnettomuudesta huolimatta Sunshine Coastin pitk\u00e4 viikonloppumme oli muilta osin onnistunut ja paikka teki meihin molempiin vaikutuksen monipuolisella kauneudellaan. Alueelle pit\u00e4\u00e4kin ehdottomasti palata joskus toiste tutkimaan sen sokkeloita sek\u00e4 vaeltamaan alueen lukuisilla vaelluspoluilla. \ud83d\ude1b<\/p>\n","protected":false},"excerpt":{"rendered":"<p>Toukokuun pitk\u00e4 viikonloppu on joka vuosi hyv\u00e4 tilaisuus ottaa ja l\u00e4hte\u00e4 kaupungista luonnon helmaan. N\u00e4in tehtiin my\u00f6s t\u00e4n\u00e4 vuonna ja otimme Niinan kanssa suunnaksemme Vancouverin l\u00e4hell\u00e4 sijaitsevan hieman tuntemattoman Sunshine Coastin. T\u00e4m\u00e4 paikallinen &#8221;aurinkorannikko&#8221; on saanut nimens\u00e4 sangen suotuisasta s\u00e4\u00e4st\u00e4\u00e4n, joka on l\u00e4nsirannikoksi sangen v\u00e4h\u00e4sateinen ja aurinkokin hellii tavallista enemm\u00e4n. Varsinainen etel\u00e4n aurinkorannikko Sunshine Coast &hellip; <a href=\"https:\/\/www.vuosiamaailmalla.fi\/blog\/2015\/kauniilla-sunshine-coastilla\/\" class=\"more-link\">Jatka lukemista<span class=\"screen-reader-text\"> &#8221;Kauniilla Sunshine Coastilla&#8221;<\/span><\/a><\/p>\n","protected":false},"author":1,"featured_media":11476,"comment_status":"open","ping_status":"open","sticky":false,"template":"","format":"standard","meta":{"_jetpack_memberships_contains_paid_content":false,"footnotes":""},"categories":[9,7],"tags":[34,1158,1154,935,1156,1155,1157,271],"class_list":["post-8152","post","type-post","status-publish","format-standard","has-post-thumbnail","hentry","category-kanada","category-matkakertomukset","tag-arki","tag-egmont","tag-gibsons","tag-kanada","tag-madeira-park","tag-princess-louisa-inlet","tag-skookumchuck-narrows","tag-sunshine-coast"],"jetpack_featured_media_url":"https:\/\/www.vuosiamaailmalla.fi\/blog\/wp-content\/uploads\/west_coast_wilderness_lodge_banner.jpg","jetpack_sharing_enabled":true,"_links":{"self":[{"href":"https:\/\/www.vuosiamaailmalla.fi\/blog\/wp-json\/wp\/v2\/posts\/8152","targetHints":{"allow":["GET"]}}],"collection":[{"href":"https:\/\/www.vuosiamaailmalla.fi\/blog\/wp-json\/wp\/v2\/posts"}],"about":[{"href":"https:\/\/www.vuosiamaailmalla.fi\/blog\/wp-json\/wp\/v2\/types\/post"}],"author":[{"embeddable":true,"href":"https:\/\/www.vuosiamaailmalla.fi\/blog\/wp-json\/wp\/v2\/users\/1"}],"replies":[{"embeddable":true,"href":"https:\/\/www.vuosiamaailmalla.fi\/blog\/wp-json\/wp\/v2\/comments?post=8152"}],"version-history":[{"count":2,"href":"https:\/\/www.vuosiamaailmalla.fi\/blog\/wp-json\/wp\/v2\/posts\/8152\/revisions"}],"predecessor-version":[{"id":13795,"href":"https:\/\/www.vuosiamaailmalla.fi\/blog\/wp-json\/wp\/v2\/posts\/8152\/revisions\/13795"}],"wp:featuredmedia":[{"embeddable":true,"href":"https:\/\/www.vuosiamaailmalla.fi\/blog\/wp-json\/wp\/v2\/media\/11476"}],"wp:attachment":[{"href":"https:\/\/www.vuosiamaailmalla.fi\/blog\/wp-json\/wp\/v2\/media?parent=8152"}],"wp:term":[{"taxonomy":"category","embeddable":true,"href":"https:\/\/www.vuosiamaailmalla.fi\/blog\/wp-json\/wp\/v2\/categories?post=8152"},{"taxonomy":"post_tag","embeddable":true,"href":"https:\/\/www.vuosiamaailmalla.fi\/blog\/wp-json\/wp\/v2\/tags?post=8152"}],"curies":[{"name":"wp","href":"https:\/\/api.w.org\/{rel}","templated":true}]}}