{"id":818,"date":"2012-10-13T10:00:00","date_gmt":"2012-10-13T17:00:00","guid":{"rendered":"http:\/\/13.53.127.146\/?p=818"},"modified":"2015-07-16T18:37:32","modified_gmt":"2015-07-17T01:37:32","slug":"taivas-aukeni-viimeinkin","status":"publish","type":"post","link":"https:\/\/www.vuosiamaailmalla.fi\/blog\/2012\/taivas-aukeni-viimeinkin\/","title":{"rendered":"Taivas aukeni viimeinkin"},"content":{"rendered":"<p style=\"text-align: justify;\">Kaksi viikkoa sitten <a title=\"Enn\u00e4tysten kes\u00e4\" href=\"https:\/\/www.vuosiamaailmalla.fi\/?p=702\">kirjoitin<\/a> miten rutikuiva mennyt loppukes\u00e4 on ollut Vancouverissa. Tuolloin ei ollut tietoakaan sateiden paluusta, mutta lopulta t\u00e4ll\u00e4 viikolla, kahden ja puolen <strong>kuukauden<\/strong> melkein t\u00e4ydellisen kuivuuden j\u00e4lkeen, taivas muuttui lopulta alkuviikosta pilviseksi ja perjantaista alkaen on saatu viimeinkin sadetta. T\u00e4m\u00e4n vuoden kes\u00e4n voinee siis julistaa p\u00e4\u00e4ttyneeksi ja edess\u00e4 on nyt enemm\u00e4n tai v\u00e4hemm\u00e4n sateista talvikautta melkein kev\u00e4\u00e4seen saakka.<\/p>\n<p style=\"text-align: center;\"><a href=\"\/blog\/wp-content\/uploads\/2012\/syyssateinen_paiva.jpg\"><img decoding=\"async\" style=\"border: 0px none; margin: 5px;\" src=\"\/blog\/wp-content\/uploads\/2012\/syyssateinen_paiva.jpg\" alt=\"\" \/><\/a><\/p>\n<p style=\"text-align: center;\"><em>Sateinen lauantaip\u00e4iv\u00e4<\/em><\/p>\n<p style=\"text-align: justify;\">N\u00e4in syksyn toisena p\u00e4iv\u00e4n\u00e4 ajatus ei viel\u00e4 haittaa, vaikka maisema asunnostamme onkin melkoisen harmaa t\u00e4\u00e4ll\u00e4 pilvien korkeudessa. L\u00e4mp\u00f6tilatkin ovat laskeneet syksyisiin lukemiin ja \u00f6isin on jo melko koleaa. Vuorilla on tietysti viel\u00e4kin kylmemp\u00e4\u00e4, jopa pakkasta, ja esimerkiksi Whistlerill\u00e4 saadaan todenn\u00e4k\u00f6isesti t\u00e4n\u00e4 viikonloppuna vuorilla ensilumi. Laskettelukauden <a title=\"Laskettelukausi alkoi Vancouverissa\" href=\"https:\/\/www.vuosiamaailmalla.fi\/?p=1308\">alkuun<\/a> on silti viel\u00e4 hetken matkaa, sill\u00e4 normaalisti Whistleriss\u00e4 p\u00e4\u00e4see rinteeseen marraskuun j\u00e4lkipuoliskolla. Viel\u00e4 kuukausi&#8230; \ud83d\ude44<\/p>\n","protected":false},"excerpt":{"rendered":"<p>Kaksi viikkoa sitten kirjoitin miten rutikuiva mennyt loppukes\u00e4 on ollut Vancouverissa. Tuolloin ei ollut tietoakaan sateiden paluusta, mutta lopulta t\u00e4ll\u00e4 viikolla, kahden ja puolen kuukauden melkein t\u00e4ydellisen kuivuuden j\u00e4lkeen, taivas muuttui lopulta alkuviikosta pilviseksi ja perjantaista alkaen on saatu viimeinkin sadetta. T\u00e4m\u00e4n vuoden kes\u00e4n voinee siis julistaa p\u00e4\u00e4ttyneeksi ja edess\u00e4 on nyt enemm\u00e4n tai v\u00e4hemm\u00e4n &hellip; <a href=\"https:\/\/www.vuosiamaailmalla.fi\/blog\/2012\/taivas-aukeni-viimeinkin\/\" class=\"more-link\">Jatka lukemista<span class=\"screen-reader-text\"> &#8221;Taivas aukeni viimeinkin&#8221;<\/span><\/a><\/p>\n","protected":false},"author":1,"featured_media":0,"comment_status":"open","ping_status":"open","sticky":false,"template":"","format":"standard","meta":{"_jetpack_memberships_contains_paid_content":false,"footnotes":""},"categories":[17,3],"tags":[25,34,935,299,270,939,218],"class_list":["post-818","post","type-post","status-publish","format-standard","hentry","category-arki-kanadassa","category-arki-ulkomailla","tag-ajankohtaista","tag-arki","tag-kanada","tag-syksy","tag-saa","tag-vancouver","tag-whistler"],"jetpack_featured_media_url":"","jetpack_sharing_enabled":true,"_links":{"self":[{"href":"https:\/\/www.vuosiamaailmalla.fi\/blog\/wp-json\/wp\/v2\/posts\/818","targetHints":{"allow":["GET"]}}],"collection":[{"href":"https:\/\/www.vuosiamaailmalla.fi\/blog\/wp-json\/wp\/v2\/posts"}],"about":[{"href":"https:\/\/www.vuosiamaailmalla.fi\/blog\/wp-json\/wp\/v2\/types\/post"}],"author":[{"embeddable":true,"href":"https:\/\/www.vuosiamaailmalla.fi\/blog\/wp-json\/wp\/v2\/users\/1"}],"replies":[{"embeddable":true,"href":"https:\/\/www.vuosiamaailmalla.fi\/blog\/wp-json\/wp\/v2\/comments?post=818"}],"version-history":[{"count":0,"href":"https:\/\/www.vuosiamaailmalla.fi\/blog\/wp-json\/wp\/v2\/posts\/818\/revisions"}],"wp:attachment":[{"href":"https:\/\/www.vuosiamaailmalla.fi\/blog\/wp-json\/wp\/v2\/media?parent=818"}],"wp:term":[{"taxonomy":"category","embeddable":true,"href":"https:\/\/www.vuosiamaailmalla.fi\/blog\/wp-json\/wp\/v2\/categories?post=818"},{"taxonomy":"post_tag","embeddable":true,"href":"https:\/\/www.vuosiamaailmalla.fi\/blog\/wp-json\/wp\/v2\/tags?post=818"}],"curies":[{"name":"wp","href":"https:\/\/api.w.org\/{rel}","templated":true}]}}