{"id":8181,"date":"2016-04-20T17:48:29","date_gmt":"2016-04-21T00:48:29","guid":{"rendered":"http:\/\/13.53.127.146\/?p=8181"},"modified":"2021-07-31T18:01:23","modified_gmt":"2021-08-01T01:01:23","slug":"maistiainen-kesasta","status":"publish","type":"post","link":"https:\/\/www.vuosiamaailmalla.fi\/blog\/2016\/maistiainen-kesasta\/","title":{"rendered":"Maistiainen kes\u00e4st\u00e4"},"content":{"rendered":"<p style=\"text-align: justify;\">Poikkeuksellinen <em>El Ni\u00f1<\/em>o talvi on merkinnyt kummallisia kelej\u00e4. Ensiksi tuli <a title=\"Maaliskuista laskettelua Whistleriss\u00e4\" href=\"https:\/\/www.vuosiamaailmalla.fi\/?p=8020\">eritt\u00e4in luminen talvi<\/a>, joka kuitenkin v\u00e4istyi <a title=\"Kev\u00e4isi\u00e4 polkuja\" href=\"https:\/\/www.vuosiamaailmalla.fi\/?p=8028\">kev\u00e4\u00e4n tielt\u00e4<\/a> hyvin aikaisessa vaiheessa. Nyt huhtikuun puolessa v\u00e4liss\u00e4 koko l\u00e4nsirannikkoa ovat hellineet viimeisten kolmen p\u00e4iv\u00e4n ajan <a title=\"Kaikkien aikojen enn\u00e4tyshelle\" href=\"https:\/\/www.vuosiamaailmalla.fi\/blog\/2021\/kaikkien-aikojen-ennatyshelle\/\">kes\u00e4iset hellelukemat<\/a>.<\/p>\n<p><!--more--><\/p>\n<p style=\"text-align: justify;\">Vancouverissa elohopea on kohonnut t\u00e4ll\u00e4 viikolla p\u00e4ivitt\u00e4in noin +22 asteen tienoille ja vuorten l\u00e4hettyvill\u00e4 on mitattu jopa +27 asteen l\u00e4mp\u00f6tiloja. Vuorten v\u00e4liss\u00e4 on puolestaan rikottu viime p\u00e4ivin\u00e4 useaan otteeseen maaginen +30 asteen raja, mik\u00e4 on t\u00e4h\u00e4n aikaan vuodesta ennenkuulumatonta.<\/p>\n<p style=\"text-align: center;\"><a href=\"\/blog\/wp-content\/uploads\/2016\/ashcroft_huhtikuu.jpg\"><img decoding=\"async\" style=\"border: 0px none; margin: 5px;\" src=\"\/blog\/wp-content\/uploads\/2016\/ashcroft_huhtikuu.jpg\" \/><\/a><\/p>\n<p style=\"text-align: center;\"><em>Uskomattomia lukemia<\/em><\/p>\n<p style=\"text-align: justify;\">L\u00e4mmin keli onkin saanut ihmiset ulos sankoin joukoin ja erityisesti hiekkarannoilla on ollut <a title=\"Spanish Banksin kuumat hiekkarannat\" href=\"https:\/\/www.vuosiamaailmalla.fi\/blog\/2021\/spanish-banksin-kuumat-hiekkarannat\/\">kes\u00e4isen vilkasta<\/a>. Vuosittaista <em>4\/20<\/em> nimell\u00e4 tunnettua <a title=\"Kannabiksesta tuli laillista\" href=\"https:\/\/www.vuosiamaailmalla.fi\/?p=9842\">marihuana-protestia<\/a> saatiin my\u00f6s juhlia t\u00e4n\u00e4\u00e4n upeassa keliss\u00e4. Ihmisi\u00e4 n\u00e4kyi jopa uimassa, joskin merivesi on varmasti viel\u00e4 &#8221;eritt\u00e4in virkist\u00e4v\u00e4n&#8221; l\u00e4mp\u00f6ist\u00e4.<\/p>\n<p style=\"text-align: center;\"><a href=\"\/blog\/wp-content\/uploads\/2016\/420_vancouver.jpg\"><img decoding=\"async\" style=\"border: 0px none; margin: 5px;\" src=\"\/blog\/wp-content\/uploads\/2016\/thumbs\/thumbs_420_vancouver.jpg\" \/><\/a><a href=\"\/blog\/wp-content\/uploads\/2016\/aikainen_kesa1.jpg\"><img decoding=\"async\" style=\"border: 0px none; margin: 5px;\" src=\"\/blog\/wp-content\/uploads\/2016\/thumbs\/thumbs_aikainen_kesa1.jpg\" \/><\/a><a href=\"\/blog\/wp-content\/uploads\/2016\/aikainen_kesa2.jpg\"><img decoding=\"async\" style=\"border: 0px none; margin: 5px;\" src=\"\/blog\/wp-content\/uploads\/2016\/thumbs\/thumbs_aikainen_kesa2.jpg\" \/><\/a><\/p>\n<p style=\"text-align: center;\"><em>Summer in the City<\/em><\/p>\n<p style=\"text-align: justify;\">Samaan aikaan Kanadan Atlantin puoleisella rannikolla on koettu usea per\u00e4kk\u00e4inen takatalvi ja esimerkiksi Kanadan it\u00e4isimm\u00e4ss\u00e4 kaupungissa St. John&#8217;sissa saatiin tiistaina 23 senttimetri\u00e4 tuoretta lunta. Siell\u00e4 vihreit\u00e4 puita sek\u00e4 kes\u00e4isi\u00e4 l\u00e4mp\u00f6j\u00e4 saadaankin odottaa viel\u00e4 pitk\u00e4 tovi&#8230;<\/p>\n<p style=\"text-align: center;\"><a href=\"\/blog\/wp-content\/uploads\/2016\/meanwhile_ita-kanadassa.jpg\"><img decoding=\"async\" style=\"border: 0px none; margin: 5px;\" src=\"\/blog\/wp-content\/uploads\/2016\/meanwhile_ita-kanadassa.jpg\" \/><\/a><\/p>\n<p style=\"text-align: center;\"><em>Tasan ei k\u00e4y s\u00e4\u00e4tilat<\/em><\/p>\n","protected":false},"excerpt":{"rendered":"<p>Poikkeuksellinen El Ni\u00f1o talvi on merkinnyt kummallisia kelej\u00e4. Ensiksi tuli eritt\u00e4in luminen talvi, joka kuitenkin v\u00e4istyi kev\u00e4\u00e4n tielt\u00e4 hyvin aikaisessa vaiheessa. Nyt huhtikuun puolessa v\u00e4liss\u00e4 koko l\u00e4nsirannikkoa ovat hellineet viimeisten kolmen p\u00e4iv\u00e4n ajan kes\u00e4iset hellelukemat.<\/p>\n","protected":false},"author":1,"featured_media":8436,"comment_status":"open","ping_status":"open","sticky":false,"template":"","format":"standard","meta":{"_jetpack_memberships_contains_paid_content":false,"footnotes":""},"categories":[17,3],"tags":[25,34,935,159,160,270,939],"class_list":["post-8181","post","type-post","status-publish","format-standard","has-post-thumbnail","hentry","category-arki-kanadassa","category-arki-ulkomailla","tag-ajankohtaista","tag-arki","tag-kanada","tag-kesa","tag-kevat","tag-saa","tag-vancouver"],"jetpack_featured_media_url":"https:\/\/www.vuosiamaailmalla.fi\/blog\/wp-content\/uploads\/aikainen_kesa_banner.jpg","jetpack_sharing_enabled":true,"_links":{"self":[{"href":"https:\/\/www.vuosiamaailmalla.fi\/blog\/wp-json\/wp\/v2\/posts\/8181","targetHints":{"allow":["GET"]}}],"collection":[{"href":"https:\/\/www.vuosiamaailmalla.fi\/blog\/wp-json\/wp\/v2\/posts"}],"about":[{"href":"https:\/\/www.vuosiamaailmalla.fi\/blog\/wp-json\/wp\/v2\/types\/post"}],"author":[{"embeddable":true,"href":"https:\/\/www.vuosiamaailmalla.fi\/blog\/wp-json\/wp\/v2\/users\/1"}],"replies":[{"embeddable":true,"href":"https:\/\/www.vuosiamaailmalla.fi\/blog\/wp-json\/wp\/v2\/comments?post=8181"}],"version-history":[{"count":3,"href":"https:\/\/www.vuosiamaailmalla.fi\/blog\/wp-json\/wp\/v2\/posts\/8181\/revisions"}],"predecessor-version":[{"id":12382,"href":"https:\/\/www.vuosiamaailmalla.fi\/blog\/wp-json\/wp\/v2\/posts\/8181\/revisions\/12382"}],"wp:featuredmedia":[{"embeddable":true,"href":"https:\/\/www.vuosiamaailmalla.fi\/blog\/wp-json\/wp\/v2\/media\/8436"}],"wp:attachment":[{"href":"https:\/\/www.vuosiamaailmalla.fi\/blog\/wp-json\/wp\/v2\/media?parent=8181"}],"wp:term":[{"taxonomy":"category","embeddable":true,"href":"https:\/\/www.vuosiamaailmalla.fi\/blog\/wp-json\/wp\/v2\/categories?post=8181"},{"taxonomy":"post_tag","embeddable":true,"href":"https:\/\/www.vuosiamaailmalla.fi\/blog\/wp-json\/wp\/v2\/tags?post=8181"}],"curies":[{"name":"wp","href":"https:\/\/api.w.org\/{rel}","templated":true}]}}