{"id":8186,"date":"2016-04-27T09:00:21","date_gmt":"2016-04-27T16:00:21","guid":{"rendered":"http:\/\/13.53.127.146\/?p=8186"},"modified":"2016-09-25T10:28:27","modified_gmt":"2016-09-25T17:28:27","slug":"sapatin-loppu","status":"publish","type":"post","link":"https:\/\/www.vuosiamaailmalla.fi\/blog\/2016\/sapatin-loppu\/","title":{"rendered":"Sapatin loppu"},"content":{"rendered":"<p style=\"text-align: justify;\">Moni blogini lukija on saattanut ihmetell\u00e4 viime kuukausien kirjoitusry\u00f6ppy\u00e4ni sek\u00e4 <a title=\"Lentojen ynn\u00e4ily\u00e4\" href=\"https:\/\/www.vuosiamaailmalla.fi\/?p=8121\">runsasta matkusteluani<\/a> ymp\u00e4ri maailmaa. Syyn\u00e4 t\u00e4h\u00e4n on ollut sapattikausi, jolla olen ollut menneen syksyn sek\u00e4 talven, keskitt\u00e4en aikani sek\u00e4 energiani n\u00e4ihin kahteen asiaan. Kaikki sai alkunsa viime kes\u00e4n\u00e4, kun pitk\u00e4n harkinnan p\u00e4\u00e4tteeksi irtisanouduin ty\u00f6paikastani. Vuosien yht\u00e4mittaisen ty\u00f6skentelyn j\u00e4lkeen minulle oli nimitt\u00e4in muodostunut palava halu ottaa pieni tauko ty\u00f6el\u00e4m\u00e4st\u00e4 ja keskitty\u00e4 hetkeksi asioihin joista todella tykk\u00e4\u00e4n. \ud83d\ude42<\/p>\n<p><!--more--><\/p>\n<p style=\"text-align: justify;\">Niinp\u00e4 nautinkin viime kes\u00e4n <a title=\"Nelj\u00e4n kuukauden kuivuus\" href=\"https:\/\/www.vuosiamaailmalla.fi\/?p=7141\">kauniista keleist\u00e4<\/a> t\u00e4ysin rinnoin ja muun muassa <a title=\"Py\u00f6r\u00e4ilyhulluus\" href=\"https:\/\/www.vuosiamaailmalla.fi\/?p=7222\">py\u00f6r\u00e4ilin runsaasti<\/a>. Matkasin my\u00f6s Niinan ty\u00f6matkojen ohessa <a title=\"Cokiksen alkul\u00e4hteell\u00e4 Atlantassa\" href=\"https:\/\/www.vuosiamaailmalla.fi\/?p=7187\">Atlantaan<\/a> sek\u00e4 vastik\u00e4\u00e4n <a title=\"Floridan l\u00e4mp\u00f6\u00f6n\" href=\"https:\/\/www.vuosiamaailmalla.fi\/?p=8031\">kes\u00e4iseen Floridaan<\/a>. Sapattini harmillinen puoli on ollut kuitenkin se, ett\u00e4 olen viett\u00e4nyt sit\u00e4 yksin, sill\u00e4 Niinan ty\u00f6tilanne ei mahdollistanut h\u00e4nen ottaa samanlaista taukoa. H\u00e4n saa kuitenkin itse matkustaa ty\u00f6n merkeiss\u00e4 runsaasti, eiv\u00e4tk\u00e4 h\u00e4nt\u00e4 edes suuremmin kiinnostaneet <a title=\"Matka Kiinan erityishallintoalueille\" href=\"https:\/\/www.vuosiamaailmalla.fi\/?p=7855\">Hong Kongin<\/a> kaltaiset kohteet, jossa itse lomallani vierailin.<\/p>\n<p style=\"text-align: center;\"><a href=\"\/blog\/wp-content\/uploads\/2015\/kesan_pyorailyt.jpg\"><img decoding=\"async\" style=\"border: 0px none; margin: 5px;\" src=\"\/blog\/wp-content\/uploads\/2015\/kesan_pyorailyt.jpg\" \/><\/a><\/p>\n<p style=\"text-align: center;\"><em>Viime kes\u00e4n\u00e4 tuli py\u00f6r\u00e4ilty\u00e4<\/em><\/p>\n<p style=\"text-align: center;\"><a href=\"\/blog\/wp-content\/uploads\/2016\/vuosiamaailmalla_pingxi.jpg\"><img decoding=\"async\" style=\"border: 0px none; margin: 5px;\" src=\"\/blog\/wp-content\/uploads\/2016\/thumbs\/thumbs_vuosiamaailmalla_pingxi.jpg\" \/><\/a><a href=\"\/blog\/wp-content\/uploads\/2015\/jackson_bridge_ryhma.jpg\"><img decoding=\"async\" style=\"border: 0px none; margin: 5px;\" src=\"\/blog\/wp-content\/uploads\/2015\/thumbs\/thumbs_jackson_bridge_ryhma.jpg\" \/><\/a><\/p>\n<p style=\"text-align: center;\"><em>Maailmaa tuli n\u00e4hty\u00e4 kerrakseen<\/em><\/p>\n<p style=\"text-align: justify;\">Vaati kuitenkin uskallusta irtisanoutua ty\u00f6st\u00e4 ja heitt\u00e4yty\u00e4 joksikin aikaa tyhj\u00e4n p\u00e4\u00e4lle. Osin asiaa kuitenkin helpotti samoihin aikoihin osunut muutos asumisj\u00e4rjestelyiss\u00e4mme ja se kun jouduimme muuttamaan <a title=\"V\u00e4liaikaista asumista\" href=\"https:\/\/www.vuosiamaailmalla.fi\/?p=6171\">v\u00e4liaikaiseen asuntoon<\/a>. Tilap\u00e4inen asunto on ollut kuitenkin tuntuvasti aiempaa edullisempi, mik\u00e4 teki tilaisuudesta houkuttelevamman.<\/p>\n<p style=\"text-align: center;\"><a href=\"\/blog\/wp-content\/uploads\/2015\/max_vuoret.jpg\"><img decoding=\"async\" style=\"border: 0px none; margin: 5px;\" src=\"\/blog\/wp-content\/uploads\/2015\/max_vuoret.jpg\" \/><\/a><\/p>\n<p style=\"text-align: center;\"><em>V\u00e4liaikainen k\u00e4mpp\u00e4 edesauttoi tilaisuutta<\/em><\/p>\n<p style=\"text-align: justify;\">Toinen syy uskalluksen l\u00f6ytymiseen oli my\u00f6s Kanadan sek\u00e4 erityisesti <a title=\"Kanadan ty\u00f6llisyystilanne (2015)\" href=\"https:\/\/www.vuosiamaailmalla.fi\/?p=7162\">Vancouverin eritt\u00e4in vahva ty\u00f6tilanne<\/a>. Varsinkin omalla ohjelmistoalallamme ty\u00f6paikkojen m\u00e4\u00e4r\u00e4 on lis\u00e4\u00e4ntynyt tuntuvasti uusien firmojen lis\u00e4tess\u00e4 toimintojaan Vancouverissa. My\u00f6s paikalliset <em>startupit<\/em> ovat onnistuneet turvaamaan runsaasti rahoitusta toimintojensa kasvattamiseksi ja hautumassa onkin useita menestystarinoita. Ty\u00f6markkinoille paluun yhteydess\u00e4 tutustuinkin moneen minulle aiemmin t\u00e4ysin tuntemattomaan paikalliseen yritykseen, jotka ovat eritt\u00e4in menestyvi\u00e4 omilla erikoisaloillaan. Markkinatilanne onkin ollut eritt\u00e4in rohkaiseva kaiken aikaa. \ud83d\ude42<\/p>\n<p style=\"text-align: center;\"><a href=\"\/blog\/wp-content\/uploads\/2016\/vancouverin_startuppeja.jpg\"><img decoding=\"async\" style=\"border: 0px none; margin: 5px;\" src=\"\/blog\/wp-content\/uploads\/2016\/vancouverin_startuppeja.jpg\" \/><\/a><\/p>\n<p style=\"text-align: center;\"><em>Vancouverin startup-piireiss\u00e4 on vipin\u00e4\u00e4<\/em><\/p>\n<p style=\"text-align: justify;\">Toki ty\u00f6nhaku vaatii aina my\u00f6s hieman tuuria ja suuri ty\u00f6paikkam\u00e4\u00e4r\u00e4 tarkoittaa my\u00f6s suurta hakijam\u00e4\u00e4r\u00e4\u00e4 varsinkin parhaisiin paikkoihin. Hakemuksia saakin tehtailla runsaasti ja haastattelut ovat eritt\u00e4in ty\u00f6l\u00e4it\u00e4. Monta kiintoisaa mahdollisuutta talven ja kev\u00e4\u00e4n aikana l\u00e4pi k\u00e4yty\u00e4ni, p\u00e4\u00e4dyin lopulta viime viikolla allekirjoittamaan ty\u00f6sopimuksen eritt\u00e4in kiintoisaan paikkaan, jossa aloitan ensi viikolla! \ud83d\ude1b<\/p>\n<p style=\"text-align: justify;\">N\u00e4in siis tulee p\u00e4\u00e4t\u00f6kseen sapattijaksoni, joka tarjosi aikaa rentoutua ja keskitty\u00e4 ty\u00f6n ulkopuolisiin asioihin. Haaveenani oli sapatin aikana purkaa jonkin verran my\u00f6s suurta kirjoitusjonoani ja olenkin kirjoittanut viime kuukausien aikana reilusti yli sata blogikirjoitusta. Erityisen tyytyv\u00e4inen olen muutaman vanhemman matkakertomuksen, kuten <a title=\"P\u00e4\u00e4si\u00e4isretki Hampuriin\" href=\"https:\/\/www.vuosiamaailmalla.fi\/?p=310\">Hampurin reissun<\/a> sek\u00e4 <a href=\"https:\/\/www.vuosiamaailmalla.fi\/?tag=matkakertomus-joulu-amerikassa\">joulumatkamme Amerikassa<\/a> saamisesta melkein valmiiksi, jotka ovat olleet suuria rutistuksia. Samaan aikaan kuitenkin viime kuukausien matkat ovat my\u00f6s lis\u00e4nneet kirjoitusjonooni ja <a title=\"Blogin kirjoittamisen ty\u00f6skentelyprosessi\" href=\"https:\/\/www.vuosiamaailmalla.fi\/?p=7496\">kuten aiemmin kirjoitin<\/a>, en usko ett\u00e4 blogini tulee olemaan koskaan valmis&#8230;<\/p>\n<p style=\"text-align: center;\"><a href=\"\/blog\/wp-content\/uploads\/2013\/dallas_panoraama.jpg\"><img decoding=\"async\" style=\"border: 0px none; margin: 5px;\" src=\"\/blog\/wp-content\/uploads\/2013\/dallas_panoraama_pieni.jpg\" \/><\/a><\/p>\n<p style=\"text-align: center;\"><em>Matkakertomuksiakin ehti kirjoittaa<\/em><\/p>\n<p style=\"text-align: justify;\">Aloittaessani uudessa ty\u00f6ss\u00e4 blogini p\u00e4ivitystahti varmasti hiljenee j\u00e4lleen hieman, sill\u00e4 en usko pystyv\u00e4ni tuottamaan kirjoitusta joka toinen tai kolmas p\u00e4iv\u00e4. Varsinkin suuremmat kirjoitukset sek\u00e4 kuvam\u00e4\u00e4r\u00e4t vaativat aikaa, joten tulen kirjoittamaan niit\u00e4 normaaliin tapaan viikonloppuisin. Kovaa vauhtia <a title=\"Maistiainen kes\u00e4st\u00e4\" href=\"https:\/\/www.vuosiamaailmalla.fi\/?p=8181\">l\u00e4hestyv\u00e4 kes\u00e4kin<\/a> varmaan j\u00e4lleen v\u00e4hent\u00e4\u00e4 haluja istua sis\u00e4tiloissa kirjoittamassa, mutta jotain kiintoisia kirjoituksia on varmasti tiedossa! \ud83d\ude1b<\/p>\n<p style=\"text-align: center;\"><a href=\"\/blog\/wp-content\/uploads\/2016\/taipei_pose.jpg\"><img decoding=\"async\" style=\"border: 0px none; margin: 5px;\" src=\"\/blog\/wp-content\/uploads\/2016\/thumbs\/thumbs_taipei_pose.jpg\" \/><\/a><\/p>\n<p style=\"text-align: center;\"><em>Helmikuussa viel\u00e4 kaukomailla &#8211; pian taas toimistossa<\/em><\/p>\n","protected":false},"excerpt":{"rendered":"<p>Moni blogini lukija on saattanut ihmetell\u00e4 viime kuukausien kirjoitusry\u00f6ppy\u00e4ni sek\u00e4 runsasta matkusteluani ymp\u00e4ri maailmaa. Syyn\u00e4 t\u00e4h\u00e4n on ollut sapattikausi, jolla olen ollut menneen syksyn sek\u00e4 talven, keskitt\u00e4en aikani sek\u00e4 energiani n\u00e4ihin kahteen asiaan. Kaikki sai alkunsa viime kes\u00e4n\u00e4, kun pitk\u00e4n harkinnan p\u00e4\u00e4tteeksi irtisanouduin ty\u00f6paikastani. Vuosien yht\u00e4mittaisen ty\u00f6skentelyn j\u00e4lkeen minulle oli nimitt\u00e4in muodostunut palava halu ottaa &hellip; <a href=\"https:\/\/www.vuosiamaailmalla.fi\/blog\/2016\/sapatin-loppu\/\" class=\"more-link\">Jatka lukemista<span class=\"screen-reader-text\"> &#8221;Sapatin loppu&#8221;<\/span><\/a><\/p>\n","protected":false},"author":1,"featured_media":8433,"comment_status":"open","ping_status":"open","sticky":false,"template":"","format":"standard","meta":{"_jetpack_memberships_contains_paid_content":false,"footnotes":""},"categories":[17,3,226,13],"tags":[25,34,935,207,965,939],"class_list":["post-8186","post","type-post","status-publish","format-standard","has-post-thumbnail","hentry","category-arki-kanadassa","category-arki-ulkomailla","category-blogista","category-tyoskentely-kanadassa","tag-ajankohtaista","tag-arki","tag-kanada","tag-tyo","tag-tyottomyys","tag-vancouver"],"jetpack_featured_media_url":"https:\/\/www.vuosiamaailmalla.fi\/blog\/wp-content\/uploads\/sapatin_loppu_banner.jpg","jetpack_sharing_enabled":true,"_links":{"self":[{"href":"https:\/\/www.vuosiamaailmalla.fi\/blog\/wp-json\/wp\/v2\/posts\/8186","targetHints":{"allow":["GET"]}}],"collection":[{"href":"https:\/\/www.vuosiamaailmalla.fi\/blog\/wp-json\/wp\/v2\/posts"}],"about":[{"href":"https:\/\/www.vuosiamaailmalla.fi\/blog\/wp-json\/wp\/v2\/types\/post"}],"author":[{"embeddable":true,"href":"https:\/\/www.vuosiamaailmalla.fi\/blog\/wp-json\/wp\/v2\/users\/1"}],"replies":[{"embeddable":true,"href":"https:\/\/www.vuosiamaailmalla.fi\/blog\/wp-json\/wp\/v2\/comments?post=8186"}],"version-history":[{"count":0,"href":"https:\/\/www.vuosiamaailmalla.fi\/blog\/wp-json\/wp\/v2\/posts\/8186\/revisions"}],"wp:featuredmedia":[{"embeddable":true,"href":"https:\/\/www.vuosiamaailmalla.fi\/blog\/wp-json\/wp\/v2\/media\/8433"}],"wp:attachment":[{"href":"https:\/\/www.vuosiamaailmalla.fi\/blog\/wp-json\/wp\/v2\/media?parent=8186"}],"wp:term":[{"taxonomy":"category","embeddable":true,"href":"https:\/\/www.vuosiamaailmalla.fi\/blog\/wp-json\/wp\/v2\/categories?post=8186"},{"taxonomy":"post_tag","embeddable":true,"href":"https:\/\/www.vuosiamaailmalla.fi\/blog\/wp-json\/wp\/v2\/tags?post=8186"}],"curies":[{"name":"wp","href":"https:\/\/api.w.org\/{rel}","templated":true}]}}