{"id":8202,"date":"2016-05-02T19:55:04","date_gmt":"2016-05-03T02:55:04","guid":{"rendered":"http:\/\/13.53.127.146\/?p=8202"},"modified":"2016-09-25T10:23:14","modified_gmt":"2016-09-25T17:23:14","slug":"muutto-uuteen-kotiin","status":"publish","type":"post","link":"https:\/\/www.vuosiamaailmalla.fi\/blog\/2016\/muutto-uuteen-kotiin\/","title":{"rendered":"Muutto Burnabyyn"},"content":{"rendered":"<p style=\"text-align: justify;\">Joskus kun yksi asia j\u00e4rjestyy, l\u00e4htee samalla my\u00f6s liuta muita asioita j\u00e4rjestym\u00e4\u00e4n. N\u00e4in k\u00e4vi meill\u00e4 sen j\u00e4lkeen kun allekirjoitin ty\u00f6sopimuksen <a title=\"Sapatin loppu\" href=\"https:\/\/www.vuosiamaailmalla.fi\/?p=8186\">uudesta ty\u00f6paikasta<\/a>. Samoihin aikoihin sopimusneuvotteluiden kanssa saimme nimitt\u00e4in vihi\u00e4 kiintoisasta asunnosta, jota k\u00e4vimmekin katsomassa ja kas vain, viikko sitten kirjoitimme samaan syssyyn ty\u00f6sopimuksen kanssa my\u00f6s vuokrasopimuksen uudesta kodista! \ud83d\ude1b<\/p>\n<p><!--more--><\/p>\n<p style=\"text-align: justify;\">Asunnon l\u00f6yt\u00e4minen ei ole helppoa Vancouverissa. Sen saimme havaita jo vuonna 2012, jolloin l\u00f6ysimme ensimm\u00e4isen kotimme <a title=\"Asunnonmets\u00e4styst\u00e4 Vancouverissa\" href=\"https:\/\/www.vuosiamaailmalla.fi\/?p=621\">vasta 16 erilaista vaihtoehtoa n\u00e4hty\u00e4mme<\/a>. P\u00e4\u00e4dyimme kuitenkin lopulta todella hulppeaan huoneistoon, jossa saimme asua kolme mahtavaa vuotta. Sitten k\u00e4vi k\u00f6pel\u00f6sti, kuten on valitettavasti sangen yleist\u00e4 t\u00e4m\u00e4n hetkisill\u00e4 asuntomarkkinoilla. Ulkomainen sijoittaja tuli ja osti asunnon ja nosti vuokraamme 31%. Emme olleet valmiita maksamaan asunnosta niin paljoa ja muutimme <a title=\"V\u00e4liaikaista asumista\" href=\"https:\/\/www.vuosiamaailmalla.fi\/?p=6171\">v\u00e4liaikaiseen asuntoon<\/a> sapattijaksoni ajaksi.<\/p>\n<p style=\"text-align: center;\"><a href=\"\/blog\/wp-content\/uploads\/2015\/ita-vancouver_panoraama.jpg\"><img decoding=\"async\" style=\"border: 0px none; margin: 5px;\" src=\"\/blog\/wp-content\/uploads\/2015\/ita-vancouver_panoraama_pieni.jpg\" \/><\/a><\/p>\n<p style=\"text-align: center;\"><em>Vancouver on kaunis mutta kallis metropolialue asua<\/em><\/p>\n<p style=\"text-align: justify;\">Yritimme viime kev\u00e4\u00e4n aikana <a title=\"Uutta asuntoa etsim\u00e4ss\u00e4 (osa1)\" href=\"https:\/\/www.vuosiamaailmalla.fi\/?p=4846\">etsi\u00e4 tilalle uutta asuntoa<\/a>, mutta etsint\u00e4 osoittautui ep\u00e4toivoiseksi. Vuokrat ovat nousseet <a title=\"Karannut kanadalainen unelma\" href=\"https:\/\/www.vuosiamaailmalla.fi\/?p=7518\">viime vuosina valtavasti<\/a> ja t\u00e4ysin keskinkertaisista sek\u00e4 pikkuruisista asunnoista saa maksaa huimia summia. Niinp\u00e4 aloimmekin katsella my\u00f6s naapurikaupunkien suuntaan, sill\u00e4 uusi ty\u00f6paikkani sijaitsee Downtownin sijaan naapurikaupunki Burnabyss\u00e4. Burnaby on t\u00e4\u00e4ll\u00e4 blogissanikin useasti esiintynyt paikkakunta, jossa <a title=\"Yhden aikakauden p\u00e4\u00e4t\u00f6s ja uuden alku\" href=\"https:\/\/www.vuosiamaailmalla.fi\/?p=1567\">Nokian toimisto<\/a> sijaitsi ja siell\u00e4 y\u00f6vyin <a title=\"Ensivaikutelma Vancouverista\" href=\"https:\/\/www.vuosiamaailmalla.fi\/?p=1451\">ensimm\u00e4isell\u00e4 Vancouverin matkallani<\/a>.<\/p>\n<p style=\"text-align: center;\"><iframe loading=\"lazy\" style=\"border: 0;\" src=\"https:\/\/www.google.com\/maps\/embed?pb=!1m18!1m12!1m3!1d156536.63704816694!2d-123.0686510305356!3d49.223097987195914!2m3!1f0!2f0!3f0!3m2!1i1024!2i768!4f13.1!3m3!1m2!1s0x5486765a145241a1%3A0x71176245ed5a206!2sMetrotown%2C+Burnaby%2C+Brittil%C3%A4inen+Kolumbia%2C+Kanada!5e1!3m2!1sfi!2sus!4v1461974589486\" width=\"600\" height=\"450\" frameborder=\"0\" allowfullscreen=\"allowfullscreen\"><\/iframe><\/p>\n<p style=\"text-align: center;\"><em>Metrotown on metropolin keskeisimpi\u00e4 sijainteja<\/em><\/p>\n<p style=\"text-align: justify;\">223 000 asukkaan Burnaby sijaitsee metropolialueen aivan keskell\u00e4 ja kaupunkia voisi luonnehtia Vancouverin Espooksi. Kaupungista on vain 15-20 minuutin matka SkyTrainilla Vancouverin keskustaan ja <a title=\"Korkeuksiin kurkottava Metrotown\" href=\"https:\/\/www.vuosiamaailmalla.fi\/?p=2242\">korkeuksiin kohoavat Metrotown<\/a> sek\u00e4 <a title=\"Uskomaton Brentwood\" href=\"https:\/\/www.vuosiamaailmalla.fi\/?p=4576\">uskomaton Brentwood<\/a> alkavat olla jo hyvin kaupunkimaisia aluekeskuksia.<\/p>\n<p style=\"text-align: center;\"><a href=\"\/blog\/wp-content\/uploads\/2015\/viimeinen_metrotown_panoraama.jpg\"><img decoding=\"async\" style=\"border: 0px none; margin: 5px;\" src=\"\/blog\/wp-content\/uploads\/2015\/viimeinen_metrotown_panoraama_pieni.jpg\" \/><\/a><\/p>\n<p style=\"text-align: center;\"><em>Metrotown on &#8221;hieman&#8221; urbaanimpi Espoo<\/em><\/p>\n<p style=\"text-align: justify;\">Uusi asuntomme sijaitsee n\u00e4ist\u00e4 ensimm\u00e4isess\u00e4 eli Metrotownin ydinkeskustassa. P\u00e4\u00e4t\u00f6s muutosta esikaupunkiin oli yll\u00e4tt\u00e4v\u00e4n vaikea, sill\u00e4 sik\u00e4l\u00e4inen el\u00e4m\u00e4ntyyli eroaa kaikesta kehityksest\u00e4\u00e4n huolimatta Downtownin tarjoamasta. L\u00f6yt\u00e4m\u00e4mme asunto on kuitenkin niin huikea ja se sijaitsee l\u00e4hell\u00e4 ty\u00f6t\u00e4ni, ettemme voineet sivuuttaa sit\u00e4. Keskustan nykyiseen hintatasoon verrattuna uusi asunto on my\u00f6s suorastaan edullinen ja kuitenkin aivan samaa tasoa kuin aiempi hulppea keskusta-asuntomme &#8211; vain eri tavalla. \ud83d\ude00<\/p>\n<p style=\"text-align: justify;\">Uudesta asunnostamme sek\u00e4 el\u00e4m\u00e4st\u00e4mme Burnabyss\u00e4 tuleekin varmasti kerrottua runsaasti tulevina aikoina, kunhan vaan saamme ensiksi suuren muuttourakan tehty\u00e4. Varsinainen muuttop\u00e4iv\u00e4 on t\u00e4m\u00e4n viikon torstaina, mutta sen j\u00e4lkeen meill\u00e4 on viel\u00e4 edess\u00e4 iso ulkoterassin varustelu. Kuvia ja juttuja kaikesta n\u00e4ist\u00e4 my\u00f6hemmin!<\/p>\n<p style=\"text-align: center;\"><a href=\"\/blog\/wp-content\/uploads\/2015\/metrotown_usvassa1.jpg\"><img decoding=\"async\" style=\"border: 0px none; margin: 5px;\" src=\"\/blog\/wp-content\/uploads\/2015\/thumbs\/thumbs_metrotown_usvassa1.jpg\" \/><\/a><a href=\"\/blog\/wp-content\/uploads\/2015\/metrotown_usvassa2.jpg\"><img decoding=\"async\" style=\"border: 0px none; margin: 5px;\" src=\"\/blog\/wp-content\/uploads\/2015\/thumbs\/thumbs_metrotown_usvassa2.jpg\" \/><\/a><a href=\"\/blog\/wp-content\/uploads\/2015\/metrotown_usvassa3.jpg\"><img decoding=\"async\" style=\"border: 0px none; margin: 5px;\" src=\"\/blog\/wp-content\/uploads\/2015\/thumbs\/thumbs_metrotown_usvassa3.jpg\" \/><\/a><\/p>\n<p style=\"text-align: center;\"><em>Urbaani uusi kotimme<\/em><\/p>\n<p style=\"text-align: justify;\">Ja vaikka muutammekin nyt naapurikaupungin puolelle, tulemme silti vierailemaan Vancouverin puolella jatkuvasti, joten em\u00e4kaupunki tulee n\u00e4ytt\u00e4ytym\u00e4\u00e4n blogini sivuilla aivan entiseen tapaansa. Jatkossa tarjolla on vain aivan uusi vinkkeli maisemiin. \ud83d\ude1b<\/p>\n","protected":false},"excerpt":{"rendered":"<p>Joskus kun yksi asia j\u00e4rjestyy, l\u00e4htee samalla my\u00f6s liuta muita asioita j\u00e4rjestym\u00e4\u00e4n. N\u00e4in k\u00e4vi meill\u00e4 sen j\u00e4lkeen kun allekirjoitin ty\u00f6sopimuksen uudesta ty\u00f6paikasta. Samoihin aikoihin sopimusneuvotteluiden kanssa saimme nimitt\u00e4in vihi\u00e4 kiintoisasta asunnosta, jota k\u00e4vimmekin katsomassa ja kas vain, viikko sitten kirjoitimme samaan syssyyn ty\u00f6sopimuksen kanssa my\u00f6s vuokrasopimuksen uudesta kodista! \ud83d\ude1b<\/p>\n","protected":false},"author":1,"featured_media":8431,"comment_status":"open","ping_status":"open","sticky":false,"template":"","format":"standard","meta":{"_jetpack_memberships_contains_paid_content":false,"footnotes":""},"categories":[17,3,4],"tags":[25,34,932,77,78,935,182,939],"class_list":["post-8202","post","type-post","status-publish","format-standard","has-post-thumbnail","hentry","category-arki-kanadassa","category-arki-ulkomailla","category-asuminen-kanadassa","tag-ajankohtaista","tag-arki","tag-asunto","tag-burnaby","tag-burnaby-metrotown","tag-kanada","tag-muuttaminen","tag-vancouver"],"jetpack_featured_media_url":"https:\/\/www.vuosiamaailmalla.fi\/blog\/wp-content\/uploads\/viimeinen_metrotown_panoraama_banner.jpg","jetpack_sharing_enabled":true,"_links":{"self":[{"href":"https:\/\/www.vuosiamaailmalla.fi\/blog\/wp-json\/wp\/v2\/posts\/8202","targetHints":{"allow":["GET"]}}],"collection":[{"href":"https:\/\/www.vuosiamaailmalla.fi\/blog\/wp-json\/wp\/v2\/posts"}],"about":[{"href":"https:\/\/www.vuosiamaailmalla.fi\/blog\/wp-json\/wp\/v2\/types\/post"}],"author":[{"embeddable":true,"href":"https:\/\/www.vuosiamaailmalla.fi\/blog\/wp-json\/wp\/v2\/users\/1"}],"replies":[{"embeddable":true,"href":"https:\/\/www.vuosiamaailmalla.fi\/blog\/wp-json\/wp\/v2\/comments?post=8202"}],"version-history":[{"count":0,"href":"https:\/\/www.vuosiamaailmalla.fi\/blog\/wp-json\/wp\/v2\/posts\/8202\/revisions"}],"wp:featuredmedia":[{"embeddable":true,"href":"https:\/\/www.vuosiamaailmalla.fi\/blog\/wp-json\/wp\/v2\/media\/8431"}],"wp:attachment":[{"href":"https:\/\/www.vuosiamaailmalla.fi\/blog\/wp-json\/wp\/v2\/media?parent=8202"}],"wp:term":[{"taxonomy":"category","embeddable":true,"href":"https:\/\/www.vuosiamaailmalla.fi\/blog\/wp-json\/wp\/v2\/categories?post=8202"},{"taxonomy":"post_tag","embeddable":true,"href":"https:\/\/www.vuosiamaailmalla.fi\/blog\/wp-json\/wp\/v2\/tags?post=8202"}],"curies":[{"name":"wp","href":"https:\/\/api.w.org\/{rel}","templated":true}]}}