{"id":8215,"date":"2016-05-11T21:27:52","date_gmt":"2016-05-12T04:27:52","guid":{"rendered":"http:\/\/13.53.127.146\/?p=8215"},"modified":"2020-03-02T18:30:21","modified_gmt":"2020-03-03T02:30:21","slug":"mount-rainier-omasta-ikkunasta","status":"publish","type":"post","link":"https:\/\/www.vuosiamaailmalla.fi\/blog\/2016\/mount-rainier-omasta-ikkunasta\/","title":{"rendered":"Mount Rainier omasta ikkunasta"},"content":{"rendered":"<p style=\"text-align: justify;\"><a title=\"Ensimm\u00e4ist\u00e4 kertaa Seattlessa\" href=\"https:\/\/www.vuosiamaailmalla.fi\/?p=7087\">Seattlessa<\/a> sijaitsevan asunnon yksi halutuimpia maisemia on (ikonisen <em>Space Needlen<\/em> lis\u00e4ksi) n\u00e4kym\u00e4 kaupungin taustalla kohoavasta 4392-metrisest\u00e4 Mount Rainierista. Vancouverissa t\u00e4llainen on n\u00e4kym\u00e4 kaupungista noin sadan kilometrin p\u00e4\u00e4ss\u00e4 Yhdysvaltojen puolella kohoavasta 3286-metrisest\u00e4 <a title=\"Uskomaton Mount Baker\" href=\"https:\/\/www.vuosiamaailmalla.fi\/?p=2213\">lumihuippuisesta Mount Bakerista<\/a>. Kummankin vuoren n\u00e4keminen on silti mahdotonta, sill\u00e4 Vancouverista on matkaa Mount Bakerille linnuntiet\u00e4kin l\u00e4hes 300 kilometri\u00e4. Vai onko mahdotonta sittenk\u00e4\u00e4n? \ud83d\ude2e<\/p>\n<p><!--more--><\/p>\n<p style=\"text-align: justify;\">Olemme viime p\u00e4ivin\u00e4 asettautuneet uuteen hulppeaan asuntoomme <a title=\"Muutto Burnabyyn\" href=\"https:\/\/www.vuosiamaailmalla.fi\/?p=8202\">naapurikaupunki Burnabyss\u00e4<\/a>. Muuttolaatikoiden purkamisen yhteydess\u00e4 olemme my\u00f6s ihastelleet tuntikausia uutta maisemaamme, joka on asuntomme p\u00e4\u00e4t\u00e4huimaavasta korkeudesta johtuen henke\u00e4salpaava. Esimerkiksi Mount Baker n\u00e4kyy helposti makuuhuoneidemme sek\u00e4 keitti\u00f6n ikkunasta ja on ylv\u00e4s n\u00e4ky.<\/p>\n<p style=\"text-align: center;\"><a href=\"\/blog\/wp-content\/uploads\/2016\/mount_baker_metrotownista.jpg\"><img decoding=\"async\" style=\"border: 0px none; margin: 5px;\" src=\"\/blog\/wp-content\/uploads\/2016\/mount_baker_metrotownista.jpg\" \/><\/a><\/p>\n<p style=\"text-align: center;\"><em>Mount Baker n\u00e4kyy kaikkialle<\/em><\/p>\n<p style=\"text-align: justify;\">Silti meillekin oli yll\u00e4tys n\u00e4hd\u00e4 t\u00e4ll\u00e4 viikolla kauniin kes\u00e4p\u00e4iv\u00e4n iltana et\u00e4\u00e4ll\u00e4 jotain erikoista. Keskip\u00e4iv\u00e4ll\u00e4 n\u00e4ky oli kuin kangastus, jonka olemassaoloa ei pystynyt oikein vahvistamaan, mutta kirkas ilta-aurinko vahvisti, ett\u00e4 horisontissa tosiaankin siint\u00e4\u00e4 Seattlen <em>takana<\/em> sijaitseva j\u00e4ttim\u00e4inen Mount Rainier. \ud83d\ude2f<\/p>\n<p style=\"text-align: center;\"><a href=\"\/blog\/wp-content\/uploads\/2016\/mount_rainier_metrotownista1.jpg\"><img decoding=\"async\" style=\"border: 0px none; margin: 5px;\" src=\"\/blog\/wp-content\/uploads\/2016\/mount_rainier_metrotownista1.jpg\" \/><\/a><\/p>\n<p style=\"text-align: center;\"><em>Lumihuippu 286 kilometrin p\u00e4\u00e4ss\u00e4<\/em><\/p>\n<p style=\"text-align: justify;\">Lumihuippuinen Rainier sijaitsee niin kaukana, ett\u00e4 <em>maapallon kaarevuus<\/em> piilottaa suurimman osan valtavasta vuoresta taakseen ja vain aivan huippu on n\u00e4ht\u00e4vill\u00e4 hyvill\u00e4 kiikareilla tai kameralla. V\u00e4liss\u00e4 ei tosiaan ole muita vuoria, vaan 286 kilometrin et\u00e4isyys saa horisontin nielem\u00e4\u00e4n melkein koko vuoren n\u00e4kyvist\u00e4.<\/p>\n<p style=\"text-align: center;\"><a href=\"\/blog\/wp-content\/uploads\/2016\/mount_rainier_metrotownista2.jpg\"><img decoding=\"async\" style=\"border: 0px none; margin: 5px;\" src=\"\/blog\/wp-content\/uploads\/2016\/mount_rainier_metrotownista2.jpg\" \/><\/a><\/p>\n<p style=\"text-align: center;\"><em>Maapallon kaarevuus piilottaa j\u00e4ttim\u00e4isenkin vuoren<\/em><\/p>\n<p style=\"text-align: justify;\">Kyseess\u00e4 on silti melkoinen tapaus ja ei ole olemassa montaa asuntoa, josta n\u00e4kee melkein 300 kilometrin p\u00e4\u00e4h\u00e4n! Kyse on samasta kun n\u00e4kisi <a title=\"Turistina Helsingiss\u00e4\" href=\"https:\/\/www.vuosiamaailmalla.fi\/?p=10528\">Helsingist\u00e4<\/a> Jyv\u00e4skyl\u00e4\u00e4n. Niin hullua edes ajatuksena. <img src=\"https:\/\/www.vuosiamaailmalla.fi\/blog\/wp-includes\/images\/smilies\/mrgreen.png\" alt=\":mrgreen:\" class=\"wp-smiley\" style=\"height: 1em; max-height: 1em;\" \/><\/p>\n","protected":false},"excerpt":{"rendered":"<p>Seattlessa sijaitsevan asunnon yksi halutuimpia maisemia on (ikonisen Space Needlen lis\u00e4ksi) n\u00e4kym\u00e4 kaupungin taustalla kohoavasta 4392-metrisest\u00e4 Mount Rainierista. Vancouverissa t\u00e4llainen on n\u00e4kym\u00e4 kaupungista noin sadan kilometrin p\u00e4\u00e4ss\u00e4 Yhdysvaltojen puolella kohoavasta 3286-metrisest\u00e4 lumihuippuisesta Mount Bakerista. Kummankin vuoren n\u00e4keminen on silti mahdotonta, sill\u00e4 Vancouverista on matkaa Mount Bakerille linnuntiet\u00e4kin l\u00e4hes 300 kilometri\u00e4. Vai onko mahdotonta sittenk\u00e4\u00e4n? \ud83d\ude2e<\/p>\n","protected":false},"author":1,"featured_media":8416,"comment_status":"open","ping_status":"open","sticky":false,"template":"","format":"standard","meta":{"_jetpack_memberships_contains_paid_content":false,"footnotes":""},"categories":[17,3],"tags":[34,77,133,935,587,1159,11],"class_list":["post-8215","post","type-post","status-publish","format-standard","has-post-thumbnail","hentry","category-arki-kanadassa","category-arki-ulkomailla","tag-arki","tag-burnaby","tag-hassua","tag-kanada","tag-mount-baker","tag-mount-rainier","tag-matkakertomukset-yhdysvallat"],"jetpack_featured_media_url":"https:\/\/www.vuosiamaailmalla.fi\/blog\/wp-content\/uploads\/mount_rainier_ikkunasta_banner.jpg","jetpack_sharing_enabled":true,"_links":{"self":[{"href":"https:\/\/www.vuosiamaailmalla.fi\/blog\/wp-json\/wp\/v2\/posts\/8215","targetHints":{"allow":["GET"]}}],"collection":[{"href":"https:\/\/www.vuosiamaailmalla.fi\/blog\/wp-json\/wp\/v2\/posts"}],"about":[{"href":"https:\/\/www.vuosiamaailmalla.fi\/blog\/wp-json\/wp\/v2\/types\/post"}],"author":[{"embeddable":true,"href":"https:\/\/www.vuosiamaailmalla.fi\/blog\/wp-json\/wp\/v2\/users\/1"}],"replies":[{"embeddable":true,"href":"https:\/\/www.vuosiamaailmalla.fi\/blog\/wp-json\/wp\/v2\/comments?post=8215"}],"version-history":[{"count":0,"href":"https:\/\/www.vuosiamaailmalla.fi\/blog\/wp-json\/wp\/v2\/posts\/8215\/revisions"}],"wp:featuredmedia":[{"embeddable":true,"href":"https:\/\/www.vuosiamaailmalla.fi\/blog\/wp-json\/wp\/v2\/media\/8416"}],"wp:attachment":[{"href":"https:\/\/www.vuosiamaailmalla.fi\/blog\/wp-json\/wp\/v2\/media?parent=8215"}],"wp:term":[{"taxonomy":"category","embeddable":true,"href":"https:\/\/www.vuosiamaailmalla.fi\/blog\/wp-json\/wp\/v2\/categories?post=8215"},{"taxonomy":"post_tag","embeddable":true,"href":"https:\/\/www.vuosiamaailmalla.fi\/blog\/wp-json\/wp\/v2\/tags?post=8215"}],"curies":[{"name":"wp","href":"https:\/\/api.w.org\/{rel}","templated":true}]}}