{"id":8246,"date":"2016-06-18T14:42:09","date_gmt":"2016-06-18T21:42:09","guid":{"rendered":"http:\/\/13.53.127.146\/?p=8246"},"modified":"2016-09-25T10:15:56","modified_gmt":"2016-09-25T17:15:56","slug":"whistlerin-jattimaiset-lumiseinamat","status":"publish","type":"post","link":"https:\/\/www.vuosiamaailmalla.fi\/blog\/2016\/whistlerin-jattimaiset-lumiseinamat\/","title":{"rendered":"Whistlerin j\u00e4ttim\u00e4iset lumisein\u00e4m\u00e4t"},"content":{"rendered":"<p style=\"text-align: justify;\">Menneen talven <a title=\"Kaunis pakkasp\u00e4iv\u00e4 Whistlerill\u00e4\" href=\"https:\/\/www.vuosiamaailmalla.fi\/?p=7600\">mahtava laskettelukausi<\/a> p\u00e4\u00e4ttyi Whistleriss\u00e4 toukokuun lopussa. Kautta pidennettiin talven hyv\u00e4n lumentulon vuoksi\u00a0reilulla viikolla, mutta itse pakkasimme suksemme kes\u00e4teloille jo <a title=\"Maaliskuista laskettelua Whistleriss\u00e4\" href=\"https:\/\/www.vuosiamaailmalla.fi\/?p=8020\">p\u00e4\u00e4si\u00e4isen tienoilla<\/a>, jolloin kaikkein paras osa kaudesta tulee yleens\u00e4 p\u00e4\u00e4t\u00f6kseen. Talvikauden p\u00e4\u00e4ttyminen tarkoittaa Whistleriss\u00e4 kes\u00e4kauden alkua ja muun muassa suositun maastopy\u00f6r\u00e4ilykauden alkua. Vuorille ei kuitenkaan p\u00e4\u00e4se viel\u00e4 alkukes\u00e4st\u00e4 vaeltamaan, sill\u00e4 huipulla on viel\u00e4 niin paljon lunta. T\u00e4n\u00e4 siirtym\u00e4aikana on kuitenkin mahdollisuus kokea yksi Whistlerin v\u00e4hiten tunnetuimmista n\u00e4ht\u00e4vyyksist\u00e4: j\u00e4ttim\u00e4iset lumisein\u00e4m\u00e4t. \ud83d\ude2e<\/p>\n<p><!--more--><\/p>\n<p style=\"text-align: justify;\">Olin lukenut sein\u00e4mist\u00e4 aiemmin, mutta emme olleet koskaan k\u00e4yneet Whistlerin huipulla n\u00e4in kes\u00e4n korvilla, joten olimme innoissamme ajelessamme Whistleriin kes\u00e4kuun ensimm\u00e4isen\u00e4 lauantaina. Keli oli kes\u00e4isen kaunis ja Whistleriin ennustettiin viikonlopuksi jopa +34 asteen helteit\u00e4. Mielt\u00e4mme askarruttikin, ett\u00e4 voisiko n\u00e4in kuumalla viel\u00e4 n\u00e4hd\u00e4 korkeita lumikinoksia?<\/p>\n<p style=\"text-align: center;\"><a href=\"\/blog\/wp-content\/uploads\/2016\/kesa_whistlerin_kylassa2.jpg\"><img decoding=\"async\" style=\"border: 0px none; margin: 5px;\" src=\"\/blog\/wp-content\/uploads\/2016\/thumbs\/thumbs_kesa_whistlerin_kylassa2.jpg\" \/><\/a><a href=\"\/blog\/wp-content\/uploads\/2016\/kesa_whistlerin_kylassa1.jpg\"><img decoding=\"async\" style=\"border: 0px none; margin: 5px;\" src=\"\/blog\/wp-content\/uploads\/2016\/thumbs\/thumbs_kesa_whistlerin_kylassa1.jpg\" \/><\/a><a href=\"\/blog\/wp-content\/uploads\/2016\/kesa_whistlerin_kylassa3.jpg\"><img decoding=\"async\" style=\"border: 0px none; margin: 5px;\" src=\"\/blog\/wp-content\/uploads\/2016\/thumbs\/thumbs_kesa_whistlerin_kylassa3.jpg\" \/><\/a><\/p>\n<p style=\"text-align: center;\"><em>Helteinen kes\u00e4p\u00e4iv\u00e4 alhaalla laaksossa<\/em><\/p>\n<p style=\"text-align: justify;\">Perill\u00e4 Whistlerin kyl\u00e4ss\u00e4 oli jo aamup\u00e4iv\u00e4st\u00e4 tukahduttavan kuuma ja ihmiset nauttivat kes\u00e4p\u00e4iv\u00e4st\u00e4 ravintoloiden terasseilla. Kyl\u00e4st\u00e4 l\u00e4htev\u00e4 gondolahissi huipulle vei kuitenkin hyvin erilaisiin tunnelmiin. Ylh\u00e4\u00e4ll\u00e4 kahden kilometrin korkeudessa kev\u00e4t oli nimitt\u00e4in vasta tulossa ja lumikinokset edelleen paksut. Yl\u00e4aseman luokse on ker\u00e4tty kes\u00e4ksi laskettelukeskuksen talvikalustoa ihmisten n\u00e4ht\u00e4v\u00e4ksi ja olikin istahtaa suuren latukoneen puikkoihin. \ud83d\ude00<\/p>\n<p style=\"text-align: center;\"><a href=\"\/blog\/wp-content\/uploads\/2016\/kevainen_peak2peak2.jpg\"><img decoding=\"async\" style=\"border: 0px none; margin: 5px;\" src=\"\/blog\/wp-content\/uploads\/2016\/thumbs\/thumbs_kevainen_peak2peak2.jpg\" \/><\/a><a href=\"\/blog\/wp-content\/uploads\/2016\/kevat_whistlerin_huipulla6.jpg\"><img decoding=\"async\" style=\"border: 0px none; margin: 5px;\" src=\"\/blog\/wp-content\/uploads\/2016\/thumbs\/thumbs_kevat_whistlerin_huipulla6.jpg\" \/><\/a><a href=\"\/blog\/wp-content\/uploads\/2016\/kevat_whistlerin_huipulla5.jpg\"><img decoding=\"async\" style=\"border: 0px none; margin: 5px;\" src=\"\/blog\/wp-content\/uploads\/2016\/thumbs\/thumbs_kevat_whistlerin_huipulla5.jpg\" \/><\/a><\/p>\n<p style=\"text-align: center;\"><em>Ylh\u00e4\u00e4ll\u00e4 kuitenkin kev\u00e4t on vasta tuloillaan<\/em><\/p>\n<p style=\"text-align: center;\"><a href=\"\/blog\/wp-content\/uploads\/2016\/lumikissa1.jpg\"><img decoding=\"async\" style=\"border: 0px none; margin: 5px;\" src=\"\/blog\/wp-content\/uploads\/2016\/thumbs\/thumbs_lumikissa1.jpg\" \/><\/a><a href=\"\/blog\/wp-content\/uploads\/2016\/lumikissa2.jpg\"><img decoding=\"async\" style=\"border: 0px none; margin: 5px;\" src=\"\/blog\/wp-content\/uploads\/2016\/thumbs\/thumbs_lumikissa2.jpg\" \/><\/a><a href=\"\/blog\/wp-content\/uploads\/2016\/lumikissa3.jpg\"><img decoding=\"async\" style=\"border: 0px none; margin: 5px;\" src=\"\/blog\/wp-content\/uploads\/2016\/thumbs\/thumbs_lumikissa3.jpg\" \/><\/a><\/p>\n<p style=\"text-align: center;\"><em>Latukoneen puikoissa<\/em><\/p>\n<p style=\"text-align: justify;\">Itse lumisein\u00e4m\u00e4t sijaitsevat hieman yl\u00e4aseman ulkopuolella ja niiden l\u00f6yt\u00e4minen vaatii niist\u00e4 tiet\u00e4mist\u00e4, sill\u00e4 reitti\u00e4 niille ei ole viitoitettu kovin n\u00e4kyv\u00e4sti. Sein\u00e4m\u00e4t sijaitsevat Whistler-vuoren huipulle johtavan <em>Pika&#8217;s Traverse<\/em> nimisen laskettelurinteen varrelta, joka on kes\u00e4aikaan huipulle johtava huoltotie. T\u00e4m\u00e4 on my\u00f6s varsinainen syy kapean tien kaivamiseksi kinosten halki, sill\u00e4 lyhyt kes\u00e4kausi on aikaa jolloin henkil\u00f6kunta huoltaa keskuksen tiloja tulevaa kautta varten.<\/p>\n<p style=\"text-align: center;\"><a href=\"\/blog\/wp-content\/uploads\/2016\/whistlerin_lumiseinamat2.jpg\"><img decoding=\"async\" style=\"border: 0px none; margin: 5px;\" src=\"\/blog\/wp-content\/uploads\/2016\/whistlerin_lumiseinamat2.jpg\" \/><\/a><\/p>\n<p style=\"text-align: center;\"><em>Kartta huipun vaelluspoluista<\/em><\/p>\n<p style=\"text-align: center;\"><a href=\"\/blog\/wp-content\/uploads\/2016\/whistlerin_lumiseinamat22.jpg\"><img decoding=\"async\" style=\"border: 0px none; margin: 5px;\" src=\"\/blog\/wp-content\/uploads\/2016\/thumbs\/thumbs_whistlerin_lumiseinamat22.jpg\" \/><\/a><a href=\"\/blog\/wp-content\/uploads\/2016\/whistlerin_lumiseinamat16.jpg\"><img decoding=\"async\" style=\"border: 0px none; margin: 5px;\" src=\"\/blog\/wp-content\/uploads\/2016\/thumbs\/thumbs_whistlerin_lumiseinamat16.jpg\" \/><\/a><a href=\"\/blog\/wp-content\/uploads\/2016\/whistlerin_lumiseinamat9.jpg\"><img decoding=\"async\" style=\"border: 0px none; margin: 5px;\" src=\"\/blog\/wp-content\/uploads\/2016\/thumbs\/thumbs_whistlerin_lumiseinamat9.jpg\" \/><\/a><\/p>\n<p style=\"text-align: center;\"><em>Alkumatkan lumisein\u00e4m\u00e4t eiv\u00e4t viel\u00e4 huimaa&#8230;<\/em><\/p>\n<p style=\"text-align: center;\"><a href=\"\/blog\/wp-content\/uploads\/2016\/whistlerin_lumiseinamat7.jpg\"><img decoding=\"async\" style=\"border: 0px none; margin: 5px;\" src=\"\/blog\/wp-content\/uploads\/2016\/whistlerin_lumiseinamat7.jpg\" \/><\/a><\/p>\n<p style=\"text-align: center;\"><em>&#8230;mutta maisemat muuttuvat nopeasti jylhemmiksi<\/em><\/p>\n<p style=\"text-align: justify;\">Jo heti alkumatkasta kinosten keskelle aurattu kapea tie on n\u00e4ytt\u00e4v\u00e4. On uskomatonta n\u00e4hd\u00e4 miten syv\u00e4 talvella joskus kapoiselta tuntuva lumim\u00e4\u00e4r\u00e4 oikeasti onkaan. Whistlerill\u00e4 saatiin viime kauden aikana lunta hieman yli normaalin keskiarvon, yhteens\u00e4 <strong>12,34 metri\u00e4<\/strong>. Viimeisimm\u00e4t lumisateet saatiin toukokuun p\u00e4\u00e4tt\u00e4j\u00e4isviikonloppuna, eik\u00e4 lumisade ole ennenkuulumatonta <a title=\"Keskikes\u00e4n lumisade\" href=\"https:\/\/www.vuosiamaailmalla.fi\/?p=3047\">keskikes\u00e4ll\u00e4k\u00e4\u00e4n<\/a>. T\u00e4n\u00e4 talvena lumen keskisyvyys oli parhaana kautena yli kolme metri\u00e4, mik\u00e4 sekin on melkoinen n\u00e4ky. Kuitenkin tuulisissa paikoissa lumi kinostuu usein viel\u00e4 huomattavasti paksummaksi vaipaksi&#8230;<\/p>\n<p style=\"text-align: center;\"><a href=\"\/blog\/wp-content\/uploads\/2016\/whistlerin_lumiseinamat14.jpg\"><img decoding=\"async\" style=\"border: 0px none; margin: 5px;\" src=\"\/blog\/wp-content\/uploads\/2016\/thumbs\/thumbs_whistlerin_lumiseinamat14.jpg\" \/><\/a><a href=\"\/blog\/wp-content\/uploads\/2016\/whistlerin_lumiseinamat15.jpg\"><img decoding=\"async\" style=\"border: 0px none; margin: 5px;\" src=\"\/blog\/wp-content\/uploads\/2016\/thumbs\/thumbs_whistlerin_lumiseinamat15.jpg\" \/><\/a><a href=\"\/blog\/wp-content\/uploads\/2016\/whistlerin_lumiseinamat17.jpg\"><img decoding=\"async\" style=\"border: 0px none; margin: 5px;\" src=\"\/blog\/wp-content\/uploads\/2016\/thumbs\/thumbs_whistlerin_lumiseinamat17.jpg\" \/><\/a><br \/>\n<a href=\"\/blog\/wp-content\/uploads\/2016\/whistlerin_lumiseinamat12.jpg\"><img decoding=\"async\" style=\"border: 0px none; margin: 5px;\" src=\"\/blog\/wp-content\/uploads\/2016\/thumbs\/thumbs_whistlerin_lumiseinamat12.jpg\" \/><\/a><a href=\"\/blog\/wp-content\/uploads\/2016\/whistlerin_lumiseinamat23.jpg\"><img decoding=\"async\" style=\"border: 0px none; margin: 5px;\" src=\"\/blog\/wp-content\/uploads\/2016\/thumbs\/thumbs_whistlerin_lumiseinamat23.jpg\" \/><\/a><a href=\"\/blog\/wp-content\/uploads\/2016\/whistlerin_lumiseinamat3.jpg\"><img decoding=\"async\" style=\"border: 0px none; margin: 5px;\" src=\"\/blog\/wp-content\/uploads\/2016\/thumbs\/thumbs_whistlerin_lumiseinamat3.jpg\" \/><\/a><\/p>\n<p style=\"text-align: center;\"><em>Uuvuttava k\u00e4vely halki hankien<\/em><\/p>\n<p style=\"text-align: center;\"><a href=\"\/blog\/wp-content\/uploads\/2016\/whistlerin_lumiseinamat6.jpg\"><img decoding=\"async\" style=\"border: 0px none; margin: 5px;\" src=\"\/blog\/wp-content\/uploads\/2016\/whistlerin_lumiseinamat6.jpg\" \/><\/a><\/p>\n<p style=\"text-align: center;\"><em>Reitti yl\u00f6s vuorenrinnett\u00e4<\/em><\/p>\n<p style=\"text-align: justify;\">On j\u00e4nn\u00e4 todeta miten talvella \u00e4\u00e4rimm\u00e4isen helppo ja nopea laskettelurinne onkin melkoinen urakka kiivet\u00e4 yl\u00f6s. Huoltotie kulkee yl\u00f6s vuorenrinnett\u00e4 ja silt\u00e4 aukeaa useilta paikoilta hienot maisemat rakastamiemme <em>Harmony Bowlin<\/em> sek\u00e4 <em>Symphony Bowlin<\/em> lasketteluparatiisien suurille aukeille sek\u00e4 ymp\u00e4r\u00f6iville lumisille vuorille.<\/p>\n<p style=\"text-align: center;\"><a href=\"\/blog\/wp-content\/uploads\/2016\/kevat_whistlerilla_panoraama1.jpg\"><img decoding=\"async\" style=\"border: 0px none; margin: 5px;\" src=\"\/blog\/wp-content\/uploads\/2016\/kevat_whistlerilla_panoraama1_pieni.jpg\" \/><\/a><\/p>\n<p style=\"text-align: center;\"><em>Harmony Bowl sek\u00e4 vastapuolella sijaitseva Blackcomb<\/em><\/p>\n<p style=\"text-align: center;\"><a href=\"\/blog\/wp-content\/uploads\/2016\/kevat_whistlerin_huipulla2.jpg\"><img decoding=\"async\" style=\"border: 0px none; margin: 5px;\" src=\"\/blog\/wp-content\/uploads\/2016\/thumbs\/thumbs_kevat_whistlerin_huipulla2.jpg\" \/><\/a><a href=\"\/blog\/wp-content\/uploads\/2016\/kevat_whistlerin_huipulla4.jpg\"><img decoding=\"async\" style=\"border: 0px none; margin: 5px;\" src=\"\/blog\/wp-content\/uploads\/2016\/thumbs\/thumbs_kevat_whistlerin_huipulla4.jpg\" \/><\/a><a href=\"\/blog\/wp-content\/uploads\/2016\/whistlerin_lumiseinamat13.jpg\"><img decoding=\"async\" style=\"border: 0px none; margin: 5px;\" src=\"\/blog\/wp-content\/uploads\/2016\/thumbs\/thumbs_whistlerin_lumiseinamat13.jpg\" \/><\/a><\/p>\n<p style=\"text-align: center;\"><em>Puolimatkan maisemia<\/em><\/p>\n<p style=\"text-align: center;\"><a href=\"\/blog\/wp-content\/uploads\/2016\/kevat_whistlerilla_panoraama2.jpg\"><img decoding=\"async\" style=\"border: 0px none; margin: 5px;\" src=\"\/blog\/wp-content\/uploads\/2016\/kevat_whistlerilla_panoraama2_pieni.jpg\" \/><\/a><\/p>\n<p style=\"text-align: center;\"><em>Symphony Bowl on lasketteluparatiisi<\/em><\/p>\n<p style=\"text-align: justify;\">L\u00e4hell\u00e4 huippua lumisein\u00e4m\u00e4t tien ymp\u00e4rill\u00e4 kohoavat kaikkein korkeimmilleen ja niiden korkeus ylt\u00e4\u00e4 kohoaa yli kymmeneen metriin! Jylhien lumisein\u00e4mien keskell\u00e4 on todella hurja tunne k\u00e4vell\u00e4, sill\u00e4 romahtaessaan sein\u00e4m\u00e4t hautaisivat kulkijan alleen. Onneksi lumi on kuitenkin niin m\u00e4rk\u00e4\u00e4 ja kovaksi pakkautunutta, ett\u00e4 romahtamisen vaara on minimaalinen, joskaan ei kuitenkaan olematon. Sein\u00e4mien vierell\u00e4 uskaltaa kuitenkin poseerata valokuvia varten, mutta niiden p\u00e4\u00e4lle kiipe\u00e4mist\u00e4 olisi vaarallista.<\/p>\n<p style=\"text-align: center;\"><a href=\"\/blog\/wp-content\/uploads\/2016\/whistlerin_lumiseinamat21.jpg\"><img decoding=\"async\" style=\"border: 0px none; margin: 5px;\" src=\"\/blog\/wp-content\/uploads\/2016\/thumbs\/thumbs_whistlerin_lumiseinamat21.jpg\" \/><\/a><a href=\"\/blog\/wp-content\/uploads\/2016\/whistlerin_lumiseinamat18.jpg\"><img decoding=\"async\" style=\"border: 0px none; margin: 5px;\" src=\"\/blog\/wp-content\/uploads\/2016\/thumbs\/thumbs_whistlerin_lumiseinamat18.jpg\" \/><\/a><a href=\"\/blog\/wp-content\/uploads\/2016\/whistlerin_lumiseinamat20.jpg\"><img decoding=\"async\" style=\"border: 0px none; margin: 5px;\" src=\"\/blog\/wp-content\/uploads\/2016\/thumbs\/thumbs_whistlerin_lumiseinamat20.jpg\" \/><\/a><\/p>\n<p style=\"text-align: center;\"><em>K\u00e4yt\u00e4v\u00e4 halki uskomattoman kymmenmetrisen hangen<\/em><\/p>\n<p style=\"text-align: center;\"><a href=\"\/blog\/wp-content\/uploads\/2016\/whistlerin_lumiseinamat10.jpg\"><img decoding=\"async\" style=\"border: 0px none; margin: 5px;\" src=\"\/blog\/wp-content\/uploads\/2016\/thumbs\/thumbs_whistlerin_lumiseinamat10.jpg\" \/><\/a><a href=\"\/blog\/wp-content\/uploads\/2016\/whistlerin_lumiseinamat11.jpg\"><img decoding=\"async\" style=\"border: 0px none; margin: 5px;\" src=\"\/blog\/wp-content\/uploads\/2016\/thumbs\/thumbs_whistlerin_lumiseinamat11.jpg\" \/><\/a><a href=\"\/blog\/wp-content\/uploads\/2016\/whistlerin_lumiseinamat8.jpg\"><img decoding=\"async\" style=\"border: 0px none; margin: 5px;\" src=\"\/blog\/wp-content\/uploads\/2016\/thumbs\/thumbs_whistlerin_lumiseinamat8.jpg\" \/><\/a><\/p>\n<p style=\"text-align: center;\"><em>Romahdusvaara ei voi sulkea kokonaan pois<\/em><\/p>\n<p style=\"text-align: justify;\">Korkeimmat sein\u00e4m\u00e4t ovat viel\u00e4kin huikeampi kuin viel\u00e4kin <a title=\"Mount Bakerin syv\u00e4ss\u00e4 lumihangessa\" href=\"https:\/\/www.vuosiamaailmalla.fi\/?p=7716\">lumisemmalla Mount Bakerilla<\/a>, tosin siell\u00e4 korkeita hankia p\u00e4\u00e4see ihmettelem\u00e4\u00e4n vasta loppukes\u00e4st\u00e4 ja viel\u00e4 elokuussa sielt\u00e4 voi l\u00f6yt\u00e4\u00e4 <a title=\"Uskomaton Mount Baker\" href=\"https:\/\/www.vuosiamaailmalla.fi\/?p=2213\">seitsem\u00e4nmetrisi\u00e4 kinoksia<\/a>. Tuolloin Whistlerin kinokset ovat jo poissa, sill\u00e4 kaikki kuvissa n\u00e4kyv\u00e4 lumi sulaa kes\u00e4n aikana ja on siten yhden talven aikana kertynytt\u00e4. Elokuussa n\u00e4it\u00e4kin maisemia hallitsevat <a title=\"High Note Trail\" href=\"https:\/\/www.vuosiamaailmalla.fi\/?p=7065\">kauniit alppikukkaniityt<\/a>.<\/p>\n<p style=\"text-align: center;\"><a href=\"\/blog\/wp-content\/uploads\/2016\/whistlerin_lumiseinamat4.jpg\"><img decoding=\"async\" style=\"border: 0px none; margin: 5px;\" src=\"\/blog\/wp-content\/uploads\/2016\/thumbs\/thumbs_whistlerin_lumiseinamat4.jpg\" \/><\/a><a href=\"\/blog\/wp-content\/uploads\/2016\/whistlerin_lumiseinamat5.jpg\"><img decoding=\"async\" style=\"border: 0px none; margin: 5px;\" src=\"\/blog\/wp-content\/uploads\/2016\/thumbs\/thumbs_whistlerin_lumiseinamat5.jpg\" \/><\/a><a href=\"\/blog\/wp-content\/uploads\/2016\/whistlerin_lumiseinamat19.jpg\"><img decoding=\"async\" style=\"border: 0px none; margin: 5px;\" src=\"\/blog\/wp-content\/uploads\/2016\/thumbs\/thumbs_whistlerin_lumiseinamat19.jpg\" \/><\/a><\/p>\n<p style=\"text-align: center;\"><em>Hanget korkeat nietokset&#8230;<\/em><\/p>\n<p style=\"text-align: center;\"><a href=\"\/blog\/wp-content\/uploads\/2016\/whistlerin_lumiseinamat1.jpg\"><img decoding=\"async\" style=\"border: 0px none; margin: 5px;\" src=\"\/blog\/wp-content\/uploads\/2016\/whistlerin_lumiseinamat1.jpg\" \/><\/a><\/p>\n<p style=\"text-align: center;\"><em>Aiemman kulkijan k\u00e4denj\u00e4ljet<\/em><\/p>\n<p style=\"text-align: justify;\">Whistlerin huipulla ihailimme hetken aikaa ymp\u00e4r\u00f6ivi\u00e4 maisemia l\u00e4mpim\u00e4ss\u00e4 auringonpaisteessa. Vaikka alhaalla laaksossa olikin +30 astetta, on l\u00e4mp\u00f6tila ylh\u00e4\u00e4ll\u00e4 noin kymmeness\u00e4 asteessa. Lumimassat kuitenkin huokuvat kylm\u00e4\u00e4n, joten on syyt\u00e4 pukeutua l\u00e4mpim\u00e4sti. Lumisein\u00e4mill\u00e4 voikin helposti polttaa itsens\u00e4, sill\u00e4 aurinko paistaa tuimasti, mutta viile\u00e4 ilma saattaa tuudittaa virheelliseen k\u00e4sitykseen siit\u00e4 ettei p\u00e4iv\u00e4 olisi niin l\u00e4mmin kuin se oikeasti on.<\/p>\n<p style=\"text-align: center;\"><a href=\"\/blog\/wp-content\/uploads\/2016\/kevat_whistlerin_huipulla3.jpg\"><img decoding=\"async\" style=\"border: 0px none; margin: 5px;\" src=\"\/blog\/wp-content\/uploads\/2016\/thumbs\/thumbs_kevat_whistlerin_huipulla3.jpg\" \/><\/a><a href=\"\/blog\/wp-content\/uploads\/2016\/kevat_whistlerin_huipulla1.jpg\"><img decoding=\"async\" style=\"border: 0px none; margin: 5px;\" src=\"\/blog\/wp-content\/uploads\/2016\/thumbs\/thumbs_kevat_whistlerin_huipulla1.jpg\" \/><\/a><a href=\"\/blog\/wp-content\/uploads\/2016\/kevat_whistlerin_huipulla7.jpg\"><img decoding=\"async\" style=\"border: 0px none; margin: 5px;\" src=\"\/blog\/wp-content\/uploads\/2016\/thumbs\/thumbs_kevat_whistlerin_huipulla7.jpg\" \/><\/a><\/p>\n<p style=\"text-align: center;\"><em>Huipulla kelpaa ihailla takamaiden maisemia<\/em><\/p>\n<p style=\"text-align: center;\"><a href=\"\/blog\/wp-content\/uploads\/2016\/kevat_whistlerilla_panoraama3.jpg\"><img decoding=\"async\" style=\"border: 0px none; margin: 5px;\" src=\"\/blog\/wp-content\/uploads\/2016\/kevat_whistlerilla_panoraama3_pieni.jpg\" \/><\/a><\/p>\n<p style=\"text-align: justify;\">Takaisin yl\u00e4asemalla p\u00e4\u00e4timme k\u00e4v\u00e4ist\u00e4 my\u00f6s Blackcombin puolelle. Vuorten v\u00e4lill\u00e4 kulkeva <a title=\"Enn\u00e4tysten Peak 2 Peak\" href=\"https:\/\/www.vuosiamaailmalla.fi\/?p=7000\">huikea <em>Peak 2 Peak<\/em><\/a> on meille tuttu kyyti, mutta kaunis p\u00e4iv\u00e4 tarjosi mahdollisuuden uusiin valokuviin. My\u00f6s Blackcombin puolella voi vaeltaa kes\u00e4isin, mutta kaikki polut olivat viel\u00e4 n\u00e4in aikaisessa vaiheessa lumen peitossa, sill\u00e4 vuorella lasketeltiin viel\u00e4 viikkoa aiemmin! Tarkoituksemme on kuitenkin palata Blackcombille my\u00f6hemmin kes\u00e4ll\u00e4 kokeilemaan n\u00e4it\u00e4 polkuja. \ud83d\ude1b<\/p>\n<p style=\"text-align: center;\"><a href=\"\/blog\/wp-content\/uploads\/2016\/kevainen_peak2peak1.jpg\"><img decoding=\"async\" style=\"border: 0px none; margin: 5px;\" src=\"\/blog\/wp-content\/uploads\/2016\/thumbs\/thumbs_kevainen_peak2peak1.jpg\" \/><\/a><a href=\"\/blog\/wp-content\/uploads\/2016\/kevainen_peak2peak6.jpg\"><img decoding=\"async\" style=\"border: 0px none; margin: 5px;\" src=\"\/blog\/wp-content\/uploads\/2016\/thumbs\/thumbs_kevainen_peak2peak6.jpg\" \/><\/a><a href=\"\/blog\/wp-content\/uploads\/2016\/kevainen_peak2peak5.jpg\"><img decoding=\"async\" style=\"border: 0px none; margin: 5px;\" src=\"\/blog\/wp-content\/uploads\/2016\/thumbs\/thumbs_kevainen_peak2peak5.jpg\" \/><\/a><br \/>\n<a href=\"\/blog\/wp-content\/uploads\/2016\/kevainen_peak2peak9.jpg\"><img decoding=\"async\" style=\"border: 0px none; margin: 5px;\" src=\"\/blog\/wp-content\/uploads\/2016\/thumbs\/thumbs_kevainen_peak2peak9.jpg\" \/><\/a><a href=\"\/blog\/wp-content\/uploads\/2016\/kevainen_peak2peak10.jpg\"><img decoding=\"async\" style=\"border: 0px none; margin: 5px;\" src=\"\/blog\/wp-content\/uploads\/2016\/thumbs\/thumbs_kevainen_peak2peak10.jpg\" \/><\/a><a href=\"\/blog\/wp-content\/uploads\/2016\/kevainen_peak2peak7.jpg\"><img decoding=\"async\" style=\"border: 0px none; margin: 5px;\" src=\"\/blog\/wp-content\/uploads\/2016\/thumbs\/thumbs_kevainen_peak2peak7.jpg\" \/><\/a><br \/>\n<a href=\"\/blog\/wp-content\/uploads\/2016\/kevainen_peak2peak8.jpg\"><img decoding=\"async\" style=\"border: 0px none; margin: 5px;\" src=\"\/blog\/wp-content\/uploads\/2016\/thumbs\/thumbs_kevainen_peak2peak8.jpg\" \/><\/a><a href=\"\/blog\/wp-content\/uploads\/2016\/kevainen_peak2peak4.jpg\"><img decoding=\"async\" style=\"border: 0px none; margin: 5px;\" src=\"\/blog\/wp-content\/uploads\/2016\/thumbs\/thumbs_kevainen_peak2peak4.jpg\" \/><\/a><a href=\"\/blog\/wp-content\/uploads\/2016\/kevainen_peak2peak3.jpg\"><img decoding=\"async\" style=\"border: 0px none; margin: 5px;\" src=\"\/blog\/wp-content\/uploads\/2016\/thumbs\/thumbs_kevainen_peak2peak3.jpg\" \/><\/a><\/p>\n<p style=\"text-align: center;\"><em>Aina yht\u00e4 huikea kyyti Peak 2 Peakilla<\/em><\/p>\n<p style=\"text-align: justify;\">Olimme hyvin tyytyv\u00e4isi\u00e4 Whistlerin retkeemme ja lumisein\u00e4mien n\u00e4keminen oli tosiaankin vaivan arvoista. Vastaavia kinoksia ei voi n\u00e4hd\u00e4 miss\u00e4\u00e4n muualla ja ne kuvastavat hyvin miten valtavasti enemm\u00e4n vuorilla sataa lunta talvessa. Vierailimme paikalla my\u00f6s hyv\u00e4\u00e4n aikaan upean kelin vallitessa ja kahtena seuraavana viikonloppuna keli on ollut sateinen, mik\u00e4 varmasti sy\u00f6 nopeasti sein\u00e4mi\u00e4.<\/p>\n<p style=\"text-align: center;\"><a href=\"\/blog\/wp-content\/uploads\/2016\/kevainen_blackcomb_panoraama.jpg\"><img decoding=\"async\" style=\"border: 0px none; margin: 5px;\" src=\"\/blog\/wp-content\/uploads\/2016\/kevainen_blackcomb_panoraama_pieni.jpg\" \/><\/a><\/p>\n<p style=\"text-align: center;\"><em>N\u00e4iss\u00e4 maisemissa lasketeltiin viel\u00e4 viikkoa aiemmin<\/em><\/p>\n<p style=\"text-align: justify;\">Lumisein\u00e4mist\u00e4 kiinnostuneen on hyv\u00e4 huomioida ett\u00e4 niiden n\u00e4keminen edellytt\u00e4\u00e4 p\u00e4iv\u00e4lipun ostamista, mik\u00e4 on Whistleriss\u00e4 sangen kallista. Me vierailimme ostamamme ensi kauden laskettelukorttin piikkiin, sill\u00e4 viiden p\u00e4iv\u00e4n <em>Edge Cardiin<\/em> sis\u00e4ltyy kaksi ilmaista p\u00e4iv\u00e4lippua huipulle kes\u00e4kaudella. Toisen p\u00e4iv\u00e4n k\u00e4yt\u00e4mme my\u00f6hemmin kes\u00e4ll\u00e4 vaellusp\u00e4iv\u00e4\u00e4n alppimaisemissa. \ud83d\ude42<\/p>\n","protected":false},"excerpt":{"rendered":"<p>Menneen talven mahtava laskettelukausi p\u00e4\u00e4ttyi Whistleriss\u00e4 toukokuun lopussa. Kautta pidennettiin talven hyv\u00e4n lumentulon vuoksi\u00a0reilulla viikolla, mutta itse pakkasimme suksemme kes\u00e4teloille jo p\u00e4\u00e4si\u00e4isen tienoilla, jolloin kaikkein paras osa kaudesta tulee yleens\u00e4 p\u00e4\u00e4t\u00f6kseen. Talvikauden p\u00e4\u00e4ttyminen tarkoittaa Whistleriss\u00e4 kes\u00e4kauden alkua ja muun muassa suositun maastopy\u00f6r\u00e4ilykauden alkua. Vuorille ei kuitenkaan p\u00e4\u00e4se viel\u00e4 alkukes\u00e4st\u00e4 vaeltamaan, sill\u00e4 huipulla on viel\u00e4 niin &hellip; <a href=\"https:\/\/www.vuosiamaailmalla.fi\/blog\/2016\/whistlerin-jattimaiset-lumiseinamat\/\" class=\"more-link\">Jatka lukemista<span class=\"screen-reader-text\"> &#8221;Whistlerin j\u00e4ttim\u00e4iset lumisein\u00e4m\u00e4t&#8221;<\/span><\/a><\/p>\n","protected":false},"author":1,"featured_media":8430,"comment_status":"open","ping_status":"open","sticky":false,"template":"","format":"standard","meta":{"_jetpack_memberships_contains_paid_content":false,"footnotes":""},"categories":[17,3,774,775],"tags":[25,34,133,935,159,160,924,202,218],"class_list":["post-8246","post","type-post","status-publish","format-standard","has-post-thumbnail","hentry","category-arki-kanadassa","category-arki-ulkomailla","category-ulkoilu","category-vaellus-ulkoilu","tag-ajankohtaista","tag-arki","tag-hassua","tag-kanada","tag-kesa","tag-kevat","tag-peak-2-peak","tag-talvi","tag-whistler"],"jetpack_featured_media_url":"https:\/\/www.vuosiamaailmalla.fi\/blog\/wp-content\/uploads\/whistlerin_lumiseinamat_banner.jpg","jetpack_sharing_enabled":true,"_links":{"self":[{"href":"https:\/\/www.vuosiamaailmalla.fi\/blog\/wp-json\/wp\/v2\/posts\/8246","targetHints":{"allow":["GET"]}}],"collection":[{"href":"https:\/\/www.vuosiamaailmalla.fi\/blog\/wp-json\/wp\/v2\/posts"}],"about":[{"href":"https:\/\/www.vuosiamaailmalla.fi\/blog\/wp-json\/wp\/v2\/types\/post"}],"author":[{"embeddable":true,"href":"https:\/\/www.vuosiamaailmalla.fi\/blog\/wp-json\/wp\/v2\/users\/1"}],"replies":[{"embeddable":true,"href":"https:\/\/www.vuosiamaailmalla.fi\/blog\/wp-json\/wp\/v2\/comments?post=8246"}],"version-history":[{"count":0,"href":"https:\/\/www.vuosiamaailmalla.fi\/blog\/wp-json\/wp\/v2\/posts\/8246\/revisions"}],"wp:featuredmedia":[{"embeddable":true,"href":"https:\/\/www.vuosiamaailmalla.fi\/blog\/wp-json\/wp\/v2\/media\/8430"}],"wp:attachment":[{"href":"https:\/\/www.vuosiamaailmalla.fi\/blog\/wp-json\/wp\/v2\/media?parent=8246"}],"wp:term":[{"taxonomy":"category","embeddable":true,"href":"https:\/\/www.vuosiamaailmalla.fi\/blog\/wp-json\/wp\/v2\/categories?post=8246"},{"taxonomy":"post_tag","embeddable":true,"href":"https:\/\/www.vuosiamaailmalla.fi\/blog\/wp-json\/wp\/v2\/tags?post=8246"}],"curies":[{"name":"wp","href":"https:\/\/api.w.org\/{rel}","templated":true}]}}