{"id":8253,"date":"2016-06-19T19:33:04","date_gmt":"2016-06-20T02:33:04","guid":{"rendered":"http:\/\/13.53.127.146\/?p=8253"},"modified":"2024-03-29T22:04:08","modified_gmt":"2024-03-30T05:04:08","slug":"el-nino-talven-lopputulema","status":"publish","type":"post","link":"https:\/\/www.vuosiamaailmalla.fi\/blog\/2016\/el-nino-talven-lopputulema\/","title":{"rendered":"El Ni\u00f1o talven lopputulos"},"content":{"rendered":"<p style=\"text-align: justify;\">Menneen talven aikana meill\u00e4 kertyi enn\u00e4tysm\u00e4\u00e4r\u00e4 laskettelup\u00e4ivi\u00e4, kun k\u00e4vimme m\u00e4ess\u00e4 yhteens\u00e4 yhdeks\u00e4n kertaa. Se on meille monta p\u00e4iv\u00e4\u00e4 yli normaalin m\u00e4\u00e4r\u00e4n, varsinkin kun ehdimme yleens\u00e4 laskettelemaan l\u00e4hinn\u00e4 viikonloppuisi ja aivan kehnolla s\u00e4\u00e4ll\u00e4 m\u00e4keen ei tule l\u00e4hdetty\u00e4. Mennyt talvi oli kuitenkin lumentuloltaan hyv\u00e4 tai ainakin tulin moneen otteeseen sanoneeksi n\u00e4in, mutta milt\u00e4p\u00e4 tilanne n\u00e4ytt\u00e4\u00e4 nyt kauden j\u00e4lkeen yhteen ynn\u00e4ttyn\u00e4?<\/p>\n<p><!--more--><\/p>\n<p style=\"text-align: justify;\">Suosituin laskettelukeskuksemme oli eeppinen <em>Whistler Blackcomb<\/em>, jossa k\u00e4vimme yhteens\u00e4 nelj\u00e4 kertaa. <a title=\"Sukset ensilumilla\" href=\"https:\/\/www.vuosiamaailmalla.fi\/?p=7499\">Jokainen<\/a> <a title=\"Kaunis pakkasp\u00e4iv\u00e4 Whistlerill\u00e4\" href=\"https:\/\/www.vuosiamaailmalla.fi\/?p=7600\">reissumme<\/a> <a title=\"Tuoreita latuja\" href=\"https:\/\/www.vuosiamaailmalla.fi\/?p=7830\">oli<\/a> <a title=\"Maaliskuista laskettelua Whistleriss\u00e4\" href=\"https:\/\/www.vuosiamaailmalla.fi\/?p=8020\">mahtava<\/a> ja Whistler ylittikin normaalin lumim\u00e4\u00e4r\u00e4ns\u00e4 ylt\u00e4en per\u00e4ti 1234 senttimetriin. Toinen tilastonsa ylitt\u00e4nyt keskus on <em>Big White<\/em>, joka ylsi melkein kaksi metri\u00e4 yli normaalin m\u00e4\u00e4r\u00e4n lukemaan 926 cm. Vietimmekin Big Whitessa <a title=\"Viikonloppu Okanagan rinteiss\u00e4\" href=\"https:\/\/www.vuosiamaailmalla.fi\/?p=7873\">mukavan talvip\u00e4iv\u00e4n<\/a> helmikuun pitk\u00e4n\u00e4 viikonloppuna.<\/p>\n<p style=\"text-align: center;\"><a href=\"\/blog\/wp-content\/uploads\/2016\/7th_heaven_panoraama.jpg\"><img decoding=\"async\" style=\"border: 0px none; margin: 5px;\" src=\"\/blog\/wp-content\/uploads\/2016\/7th_heaven_panoraama.jpg\" \/><\/a><\/p>\n<p style=\"text-align: center;\"><em>Whistlerin talvi oli eeppinen<\/em><\/p>\n<p style=\"text-align: justify;\">Keskim\u00e4\u00e4r\u00e4iseen lumentuloon ylsiv\u00e4t <a title=\"Lunta etsim\u00e4ss\u00e4 Sun Peaksilla\" href=\"https:\/\/www.vuosiamaailmalla.fi\/?p=4269\"><em>Sun Peaks<\/em><\/a> (548 cm), <em>Silver Star<\/em> (641 cm) sek\u00e4 Mount Baker, joista k\u00e4vimme talven aikana kaikissa paitsi ensiksi mainitussa. Mount Baker on lumentulossa aina omilla lukemillaan, vaikka majesteettisen kuuloiset 1580 senttimetri\u00e4 onkin hieman alle normaalin m\u00e4\u00e4r\u00e4n. Bakerilla oli kiva k\u00e4yd\u00e4 <a title=\"Mount Bakerin syv\u00e4ss\u00e4 lumihangessa\" href=\"https:\/\/www.vuosiamaailmalla.fi\/?p=7716\">ensimm\u00e4ist\u00e4 kertaa<\/a>, vaikka turvakaiteettomat tuolihissit hirvittiv\u00e4tkin meit\u00e4 molempia.<\/p>\n<p style=\"text-align: center;\"><a href=\"\/blog\/wp-content\/uploads\/2016\/silver_star_panoraama1.jpg\"><img decoding=\"async\" style=\"border: 0px none; margin: 5px;\" src=\"\/blog\/wp-content\/uploads\/2016\/silver_star_panoraama1.jpg\" \/><\/a><\/p>\n<p style=\"text-align: center;\"><em>Okanagan Valley oli varma valinta t\u00e4n\u00e4 vuonna<\/em><\/p>\n<p style=\"text-align: center;\"><a href=\"\/blog\/wp-content\/uploads\/2016\/baker_laskettelu_panoraama2.jpg\"><img decoding=\"async\" style=\"border: 0px none; margin: 5px;\" src=\"\/blog\/wp-content\/uploads\/2016\/baker_laskettelu_panoraama2.jpg\" \/><\/a><\/p>\n<p style=\"text-align: center;\"><em>Bakerilla ei tarvitse koskaan k\u00e4rsi\u00e4 lumettomuudesta<\/em><\/p>\n<p style=\"text-align: justify;\">Paikallisilla North Shore Mountainsilla talvi oli huomattavasti <a title=\"It\u00e4rannikon Snowmageddon\" href=\"https:\/\/www.vuosiamaailmalla.fi\/?p=4259\">edellisvuoden katastrofitalvea<\/a> parempi, mutta jokainen keskus j\u00e4i silti normaaleista lukemista. <a title=\"Y\u00f6ky\u00f6pelin\u00e4 Cypress Mountainilla\" href=\"https:\/\/www.vuosiamaailmalla.fi\/?p=7591\"><em>Cypress Mountain<\/em><\/a> ylsi 804 senttimetriin ja <a title=\"Kompurointia ja hauskaa Grouse Mountainin illassa\" href=\"https:\/\/www.vuosiamaailmalla.fi\/?p=7653\"><em>Grouse Mountain<\/em><\/a> v\u00e4h\u00e4n yli kuuteen metriin (606 cm), mutta kolmikon pienen <em>Mount Seymour<\/em> j\u00e4i 542 senttimetriin, mik\u00e4 on vain hitusen yli puolet keskim\u00e4\u00e4r\u00e4isest\u00e4 talvesta. K\u00e4vimme kuitenkin kaksi kertaa iltam\u00e4ess\u00e4 Cypressill\u00e4 sek\u00e4 Grousella, mitk\u00e4 olivat molemmat hauskoja iltoja.<\/p>\n<p style=\"text-align: center;\"><a href=\"\/blog\/wp-content\/uploads\/2016\/iltamaessa_grousella2.jpg\"><img decoding=\"async\" style=\"border: 0px none; margin: 5px;\" src=\"\/blog\/wp-content\/uploads\/2016\/thumbs\/thumbs_iltamaessa_grousella2.jpg\" \/><\/a><a href=\"\/blog\/wp-content\/uploads\/2015\/ilta_cypressilla3.jpg\"><img decoding=\"async\" style=\"border: 0px none; margin: 5px;\" src=\"\/blog\/wp-content\/uploads\/2015\/thumbs\/thumbs_ilta_cypressilla3.jpg\" \/><\/a><\/p>\n<p style=\"text-align: center;\"><em>Paikallisvuoretkin olivat hyvi\u00e4 valintoja alkukaudesta<\/em><\/p>\n<p style=\"text-align: justify;\">Parhaimpia laskettelukuukausia olivat heti alkukausi ennen joulua sek\u00e4 maaliskuu, jolloin saatiin kaikkein suurimmat dumpit lunta. Sykli on sangen normaali ja yleens\u00e4 tammi- ja helmikuu ovat poutaisia keskitalven kuukausia jolloin keli on hyv\u00e4, mutta uutta lunta tulee nihke\u00e4sti.<\/p>\n<p style=\"text-align: center;\"><a href=\"\/blog\/wp-content\/uploads\/2016\/lumitilasto.jpg\"><img decoding=\"async\" style=\"border: 0px none; margin: 5px;\" src=\"\/blog\/wp-content\/uploads\/2016\/lumitilasto.jpg\" \/><\/a><\/p>\n<p style=\"text-align: center;\"><em>Talven lopulliset lumim\u00e4\u00e4r\u00e4t<\/em><\/p>\n<p style=\"text-align: justify;\">Kun otetaan huomioon ett\u00e4 kyseess\u00e4 oli yleens\u00e4 poikkeuksellisen l\u00e4mmin <a title=\"Aikainen El Ni\u00f1o kev\u00e4t\" href=\"https:\/\/www.vuosiamaailmalla.fi\/blog\/2024\/aikainen-el-nino-kevat\/\"><em>El Ni\u00f1o<\/em> talvi<\/a>, selviytyiv\u00e4t keskukset sangen hyvin. Kiintoisaa onkin n\u00e4hd\u00e4 seuraako El Ni\u00f1oa ensi talvena <em>La Ni\u00f1a<\/em>, joka saattaa tuoda mukanaan <a title=\"La Ni\u00f1a talven lopputulos\" href=\"https:\/\/www.vuosiamaailmalla.fi\/?p=9062\">enn\u00e4tykselliset lumisateet<\/a> kylmemm\u00e4n kelin muodossa. Sit\u00e4 tietysti toivomme ja aika n\u00e4ytt\u00e4\u00e4 miten k\u00e4y.<\/p>\n","protected":false},"excerpt":{"rendered":"<p>Menneen talven aikana meill\u00e4 kertyi enn\u00e4tysm\u00e4\u00e4r\u00e4 laskettelup\u00e4ivi\u00e4, kun k\u00e4vimme m\u00e4ess\u00e4 yhteens\u00e4 yhdeks\u00e4n kertaa. Se on meille monta p\u00e4iv\u00e4\u00e4 yli normaalin m\u00e4\u00e4r\u00e4n, varsinkin kun ehdimme yleens\u00e4 laskettelemaan l\u00e4hinn\u00e4 viikonloppuisi ja aivan kehnolla s\u00e4\u00e4ll\u00e4 m\u00e4keen ei tule l\u00e4hdetty\u00e4. Mennyt talvi oli kuitenkin lumentuloltaan hyv\u00e4 tai ainakin tulin moneen otteeseen sanoneeksi n\u00e4in, mutta milt\u00e4p\u00e4 tilanne n\u00e4ytt\u00e4\u00e4 nyt kauden &hellip; <a href=\"https:\/\/www.vuosiamaailmalla.fi\/blog\/2016\/el-nino-talven-lopputulema\/\" class=\"more-link\">Jatka lukemista<span class=\"screen-reader-text\"> &#8221;El Ni\u00f1o talven lopputulos&#8221;<\/span><\/a><\/p>\n","protected":false},"author":1,"featured_media":8429,"comment_status":"open","ping_status":"open","sticky":false,"template":"","format":"standard","meta":{"_jetpack_memberships_contains_paid_content":false,"footnotes":""},"categories":[17,3,778],"tags":[700,933,1835,129,935,587,181,1113,841,202,218,11],"class_list":["post-8253","post","type-post","status-publish","format-standard","has-post-thumbnail","hentry","category-arki-kanadassa","category-arki-ulkomailla","category-laskettelu-ulkoilu","tag-big-white","tag-cypress-mountain","tag-el-nino","tag-grouse-mountain","tag-kanada","tag-mount-baker","tag-mount-seymour","tag-silver-star","tag-sun-peaks","tag-talvi","tag-whistler","tag-matkakertomukset-yhdysvallat"],"jetpack_featured_media_url":"https:\/\/www.vuosiamaailmalla.fi\/blog\/wp-content\/uploads\/7th_heaven_panoraama_banner.jpg","jetpack_sharing_enabled":true,"_links":{"self":[{"href":"https:\/\/www.vuosiamaailmalla.fi\/blog\/wp-json\/wp\/v2\/posts\/8253","targetHints":{"allow":["GET"]}}],"collection":[{"href":"https:\/\/www.vuosiamaailmalla.fi\/blog\/wp-json\/wp\/v2\/posts"}],"about":[{"href":"https:\/\/www.vuosiamaailmalla.fi\/blog\/wp-json\/wp\/v2\/types\/post"}],"author":[{"embeddable":true,"href":"https:\/\/www.vuosiamaailmalla.fi\/blog\/wp-json\/wp\/v2\/users\/1"}],"replies":[{"embeddable":true,"href":"https:\/\/www.vuosiamaailmalla.fi\/blog\/wp-json\/wp\/v2\/comments?post=8253"}],"version-history":[{"count":2,"href":"https:\/\/www.vuosiamaailmalla.fi\/blog\/wp-json\/wp\/v2\/posts\/8253\/revisions"}],"predecessor-version":[{"id":13565,"href":"https:\/\/www.vuosiamaailmalla.fi\/blog\/wp-json\/wp\/v2\/posts\/8253\/revisions\/13565"}],"wp:featuredmedia":[{"embeddable":true,"href":"https:\/\/www.vuosiamaailmalla.fi\/blog\/wp-json\/wp\/v2\/media\/8429"}],"wp:attachment":[{"href":"https:\/\/www.vuosiamaailmalla.fi\/blog\/wp-json\/wp\/v2\/media?parent=8253"}],"wp:term":[{"taxonomy":"category","embeddable":true,"href":"https:\/\/www.vuosiamaailmalla.fi\/blog\/wp-json\/wp\/v2\/categories?post=8253"},{"taxonomy":"post_tag","embeddable":true,"href":"https:\/\/www.vuosiamaailmalla.fi\/blog\/wp-json\/wp\/v2\/tags?post=8253"}],"curies":[{"name":"wp","href":"https:\/\/api.w.org\/{rel}","templated":true}]}}