{"id":8257,"date":"2016-06-21T12:13:45","date_gmt":"2016-06-21T19:13:45","guid":{"rendered":"http:\/\/13.53.127.146\/?p=8257"},"modified":"2021-07-01T17:22:18","modified_gmt":"2021-07-02T00:22:18","slug":"juhannus-ilman-heilaa","status":"publish","type":"post","link":"https:\/\/www.vuosiamaailmalla.fi\/blog\/2016\/juhannus-ilman-heilaa\/","title":{"rendered":"Juhannus ilman heilaa"},"content":{"rendered":"<p style=\"text-align: justify;\">Vuodenajat vaihtuvat nopeaan ja on uskomatonta ett\u00e4 t\u00e4ll\u00e4 viikolla on jo juhannus. Suomen tapaan my\u00f6s t\u00e4\u00e4ll\u00e4 Vancouverissa paras kes\u00e4kausi alkaa yleens\u00e4 juhannuksen j\u00e4lkeen ja itse kes\u00e4kuu on monesti <a title=\"Juneary sek\u00e4 keskikes\u00e4 Kanadassa\" href=\"https:\/\/www.vuosiamaailmalla.fi\/?p=119\">sateinen ja kolea<\/a> (poikkeuksena ehk\u00e4 <a title=\"Nelj\u00e4n kuukauden kuivuus\" href=\"https:\/\/www.vuosiamaailmalla.fi\/?p=7141\">viime vuosi<\/a>, jolloin <a title=\"Kaikkien aikojen enn\u00e4tyshelle\" href=\"https:\/\/www.vuosiamaailmalla.fi\/blog\/2021\/kaikkien-aikojen-ennatyshelle\/\">hellekausi<\/a> alkoi jo toukokuussa). Eli edess\u00e4 on varmasti mukavia l\u00e4mpimi\u00e4 kes\u00e4p\u00e4ivi\u00e4 <a title=\"Uuden Weberin sis\u00e4\u00e4najo\" href=\"https:\/\/www.vuosiamaailmalla.fi\/?p=8219\">grillata<\/a> omaa ja kaupan lihaa kattoterassilla.<\/p>\n<p><!--more--><\/p>\n<p style=\"text-align: center;\"><a href=\"\/blog\/wp-content\/uploads\/2016\/grilliherkkuja6.jpg\"><img decoding=\"async\" style=\"border: 0px none; margin: 5px;\" src=\"\/blog\/wp-content\/uploads\/2016\/grilliherkkuja6.jpg\" \/><\/a><\/p>\n<p style=\"text-align: center;\"><em>Grillaus kuuluu juhannukseen<\/em><\/p>\n<p style=\"text-align: justify;\">T\u00e4m\u00e4nvuotinen juhannus on meill\u00e4 poikkeuksellinen, sill\u00e4 se kuluu eri mantereilla. Niina matkusti viime viikon keskiviikkona Suomeen kahden ja puolen viikon kes\u00e4lomalle ja min\u00e4 j\u00e4in yksin t\u00e4nne Vancouveriin. Menness\u00e4 Niina lensi <em>British Airwaysin<\/em> <a title=\"Iso lintu saapuu Vancouveriin\" href=\"https:\/\/www.vuosiamaailmalla.fi\/?p=6957\">uudella <em>Airbus A380:lla<\/em><\/a>, mist\u00e4 olen erityiskateellinen! Emme ole viett\u00e4neet kes\u00e4\u00e4 Suomessa <a title=\"Halki Ruotsin sek\u00e4 kes\u00e4loma roadsterilla\" href=\"https:\/\/www.vuosiamaailmalla.fi\/?p=1001\">sitten vuoden 2011<\/a>, kun ajoimme <a title=\"Kes\u00e4lomatka kohti Suomea ja sateinen p\u00e4iv\u00e4 K\u00f6\u00f6penhaminassa\" href=\"https:\/\/www.vuosiamaailmalla.fi\/?p=995\">avoautolla Saksasta Suomeen<\/a>. Kes\u00e4 Suomessa on ollut kuitenkin mieless\u00e4mme jo jonkin aikaa ja t\u00e4n\u00e4 vuonna Niinalla oli riitt\u00e4v\u00e4sti lomap\u00e4ivi\u00e4 ottaa ja matkustaa Suomeen.<\/p>\n<p style=\"text-align: center;\"><a href=\"\/blog\/wp-content\/uploads\/2011\/kesa2011_1.jpg\"><img decoding=\"async\" style=\"border: 0px none; margin: 5px;\" src=\"\/blog\/wp-content\/uploads\/2011\/kesa2011_1.jpg\" \/><\/a><\/p>\n<p style=\"text-align: center;\"><em>Suomen suvi on kaunis<\/em><\/p>\n<p style=\"text-align: justify;\">Valitettavasti itsell\u00e4ni tilanne ei ole n\u00e4in hyv\u00e4, sill\u00e4 <a title=\"Sapatin loppu\" href=\"https:\/\/www.vuosiamaailmalla.fi\/?p=8186\">kuten kerrottua<\/a>, aloitin toukokuun alussa uudessa ty\u00f6ss\u00e4 ja siin\u00e4 ei ole ehtinyt kerty\u00e4 lomap\u00e4ivi\u00e4 viel\u00e4 kovinkaan paljon. Itse asiassa n\u00e4ytt\u00e4\u00e4 silt\u00e4, ett\u00e4 seuraava lomani on vasta jouluna, johon menness\u00e4 onnistun kerrytt\u00e4m\u00e4\u00e4n sen normaalin kaksi viikkoa, jotka yleens\u00e4 viet\u00e4mme Suomessa.<\/p>\n<p style=\"text-align: justify;\">Niinp\u00e4 viet\u00e4nkin t\u00e4m\u00e4n juhannuksen yksin ilman heilaa t\u00e4\u00e4ll\u00e4 Vancouverissa. Juhannus ei edes n\u00e4y t\u00e4\u00e4ll\u00e4 oikein mitenk\u00e4\u00e4n, mit\u00e4 nyt Burnabyn <a title=\"Suomalaisilla joulumyyj\u00e4isill\u00e4\" href=\"https:\/\/www.vuosiamaailmalla.fi\/blog\/2019\/suomalaisilla-joulumyyjaisilla\/\">Skandinaviakeskuksella<\/a> j\u00e4rjestet\u00e4\u00e4n perhetapahtuma. Oma jussini kuluukin varmaan ulkoillessa ja bloggaillessa, mik\u00e4 on valitettavasti j\u00e4\u00e4nyt hieman v\u00e4h\u00e4lle viime aikojen ty\u00f6kiireiden vuoksi, mutta tulee j\u00e4lleen vilkastumaan.<\/p>\n<p style=\"text-align: center;\"><a href=\"\/blog\/wp-content\/uploads\/2016\/lekottelua_kattoparvekkeella1.jpg\"><img decoding=\"async\" style=\"border: 0px none; margin: 5px;\" src=\"\/blog\/wp-content\/uploads\/2016\/thumbs\/thumbs_lekottelua_kattoparvekkeella1.jpg\" \/><\/a><\/p>\n<p style=\"text-align: center;\"><em>Allekirjoittaneen suunnitelma t\u00e4lle juhannukselle<\/em><\/p>\n<p style=\"text-align: justify;\">Kaikesta huolimatta toivotan lukijoilleni hyv\u00e4\u00e4 juhannusta ja kauniita kes\u00e4kelej\u00e4 miss\u00e4 sitten olettekin!<\/p>\n","protected":false},"excerpt":{"rendered":"<p>Vuodenajat vaihtuvat nopeaan ja on uskomatonta ett\u00e4 t\u00e4ll\u00e4 viikolla on jo juhannus. Suomen tapaan my\u00f6s t\u00e4\u00e4ll\u00e4 Vancouverissa paras kes\u00e4kausi alkaa yleens\u00e4 juhannuksen j\u00e4lkeen ja itse kes\u00e4kuu on monesti sateinen ja kolea (poikkeuksena ehk\u00e4 viime vuosi, jolloin hellekausi alkoi jo toukokuussa). Eli edess\u00e4 on varmasti mukavia l\u00e4mpimi\u00e4 kes\u00e4p\u00e4ivi\u00e4 grillata omaa ja kaupan lihaa kattoterassilla.<\/p>\n","protected":false},"author":1,"featured_media":10884,"comment_status":"open","ping_status":"open","sticky":false,"template":"","format":"standard","meta":{"_jetpack_memberships_contains_paid_content":false,"footnotes":""},"categories":[17,3],"tags":[25,34,149,935,159,198,939],"class_list":["post-8257","post","type-post","status-publish","format-standard","has-post-thumbnail","hentry","category-arki-kanadassa","category-arki-ulkomailla","tag-ajankohtaista","tag-arki","tag-juhannus","tag-kanada","tag-kesa","tag-suomi","tag-vancouver"],"jetpack_featured_media_url":"https:\/\/www.vuosiamaailmalla.fi\/blog\/wp-content\/uploads\/suomen_suvi_banner-2.jpg","jetpack_sharing_enabled":true,"_links":{"self":[{"href":"https:\/\/www.vuosiamaailmalla.fi\/blog\/wp-json\/wp\/v2\/posts\/8257","targetHints":{"allow":["GET"]}}],"collection":[{"href":"https:\/\/www.vuosiamaailmalla.fi\/blog\/wp-json\/wp\/v2\/posts"}],"about":[{"href":"https:\/\/www.vuosiamaailmalla.fi\/blog\/wp-json\/wp\/v2\/types\/post"}],"author":[{"embeddable":true,"href":"https:\/\/www.vuosiamaailmalla.fi\/blog\/wp-json\/wp\/v2\/users\/1"}],"replies":[{"embeddable":true,"href":"https:\/\/www.vuosiamaailmalla.fi\/blog\/wp-json\/wp\/v2\/comments?post=8257"}],"version-history":[{"count":2,"href":"https:\/\/www.vuosiamaailmalla.fi\/blog\/wp-json\/wp\/v2\/posts\/8257\/revisions"}],"predecessor-version":[{"id":12314,"href":"https:\/\/www.vuosiamaailmalla.fi\/blog\/wp-json\/wp\/v2\/posts\/8257\/revisions\/12314"}],"wp:featuredmedia":[{"embeddable":true,"href":"https:\/\/www.vuosiamaailmalla.fi\/blog\/wp-json\/wp\/v2\/media\/10884"}],"wp:attachment":[{"href":"https:\/\/www.vuosiamaailmalla.fi\/blog\/wp-json\/wp\/v2\/media?parent=8257"}],"wp:term":[{"taxonomy":"category","embeddable":true,"href":"https:\/\/www.vuosiamaailmalla.fi\/blog\/wp-json\/wp\/v2\/categories?post=8257"},{"taxonomy":"post_tag","embeddable":true,"href":"https:\/\/www.vuosiamaailmalla.fi\/blog\/wp-json\/wp\/v2\/tags?post=8257"}],"curies":[{"name":"wp","href":"https:\/\/api.w.org\/{rel}","templated":true}]}}