{"id":8270,"date":"2012-06-26T18:26:50","date_gmt":"2012-06-27T01:26:50","guid":{"rendered":"http:\/\/13.53.127.146\/?p=8270"},"modified":"2021-02-01T20:38:42","modified_gmt":"2021-02-02T04:38:42","slug":"viimeisilla-nokian-kesajuhlilla","status":"publish","type":"post","link":"https:\/\/www.vuosiamaailmalla.fi\/blog\/2012\/viimeisilla-nokian-kesajuhlilla\/","title":{"rendered":"Viimeisill\u00e4 Nokian kes\u00e4juhlilla"},"content":{"rendered":"<p style=\"text-align: justify;\">Viime viikot ovat olleet aikamoisten mullistusten viikkoja. Kes\u00e4kuun 14. p\u00e4iv\u00e4n aamuna altamme vedettiin matto <em>Nokian<\/em> ilmoittaessa sulkevansa <a title=\"Yhden aikakauden p\u00e4\u00e4t\u00f6s ja uuden alku\" href=\"https:\/\/www.vuosiamaailmalla.fi\/?p=1567\">koko Vancouverin toimistonsa<\/a> osana suuria rakennemuutoksia yhti\u00f6ss\u00e4 ja irtisanovansa kaikki sen yli 300 ty\u00f6ntekij\u00e4\u00e4. Raskaasta uutisesta ylip\u00e4\u00e4seminen on ottanut aikansa ja ottaa edelleen, mutta se ei silti est\u00e4nyt meit\u00e4 ottamasta osaa n\u00e4ill\u00e4 n\u00e4kymin viimeisille Nokian kes\u00e4juhlillemme.<\/p>\n<p><!--more--><\/p>\n<p style=\"text-align: center;\"><a href=\"\/blog\/wp-content\/uploads\/2012\/nokian_viimeiset_kesajuhlat8.jpg\"><img decoding=\"async\" style=\"border: 0px none; margin: 5px;\" src=\"\/blog\/wp-content\/uploads\/2012\/thumbs\/thumbs_nokian_viimeiset_kesajuhlat8.jpg\" \/><\/a><a href=\"\/blog\/wp-content\/uploads\/2012\/nokian_viimeiset_kesajuhlat1.jpg\"><img decoding=\"async\" style=\"border: 0px none; margin: 5px;\" src=\"\/blog\/wp-content\/uploads\/2012\/thumbs\/thumbs_nokian_viimeiset_kesajuhlat1.jpg\" \/><\/a><a href=\"\/blog\/wp-content\/uploads\/2012\/nokian_viimeiset_kesajuhlat9.jpg\"><img decoding=\"async\" style=\"border: 0px none; margin: 5px;\" src=\"\/blog\/wp-content\/uploads\/2012\/thumbs\/thumbs_nokian_viimeiset_kesajuhlat9.jpg\" \/><\/a><\/p>\n<p style=\"text-align: center;\"><em>Nokian viimeisill\u00e4 kes\u00e4juhlilla<\/em><\/p>\n<p style=\"text-align: justify;\">Vaikka ihmisten juhlatuuli olikin ymm\u00e4rrett\u00e4v\u00e4sti kadoksissa, saapui juhlapaikalle Burnabyn skandinaviakeskukselle kuitenkin runsaasti v\u00e4ke\u00e4. Juhlan teemana oli villi l\u00e4nsi ja monet olivatkin pukeutuneet teeman mukaisesti. Ohjelmassa oli muun muassa mekaanisen h\u00e4r\u00e4n sel\u00e4ss\u00e4 ratsastamista, rosvojen etsint\u00e4\u00e4 sek\u00e4 hevosenkenkien heittoa. Paikalle oli my\u00f6s rakennettu simppeli rata laser-aseilla paukuttelemiseksi sek\u00e4 paljon muuta hauskaa.<\/p>\n<p style=\"text-align: center;\"><a href=\"\/blog\/wp-content\/uploads\/2012\/nokian_viimeiset_kesajuhlat2.jpg\"><img decoding=\"async\" style=\"border: 0px none; margin: 5px;\" src=\"\/blog\/wp-content\/uploads\/2012\/thumbs\/thumbs_nokian_viimeiset_kesajuhlat2.jpg\" \/><\/a><a href=\"\/blog\/wp-content\/uploads\/2012\/nokian_viimeiset_kesajuhlat3.jpg\"><img decoding=\"async\" style=\"border: 0px none; margin: 5px;\" src=\"\/blog\/wp-content\/uploads\/2012\/thumbs\/thumbs_nokian_viimeiset_kesajuhlat3.jpg\" \/><\/a><a href=\"\/blog\/wp-content\/uploads\/2012\/nokian_viimeiset_kesajuhlat5.jpg\"><img decoding=\"async\" style=\"border: 0px none; margin: 5px;\" src=\"\/blog\/wp-content\/uploads\/2012\/thumbs\/thumbs_nokian_viimeiset_kesajuhlat5.jpg\" \/><\/a><br \/>\n<a href=\"\/blog\/wp-content\/uploads\/2012\/nokian_viimeiset_kesajuhlat6.jpg\"><img decoding=\"async\" style=\"border: 0px none; margin: 5px;\" src=\"\/blog\/wp-content\/uploads\/2012\/thumbs\/thumbs_nokian_viimeiset_kesajuhlat6.jpg\" \/><\/a><a href=\"\/blog\/wp-content\/uploads\/2012\/nokian_viimeiset_kesajuhlat4.jpg\"><img decoding=\"async\" style=\"border: 0px none; margin: 5px;\" src=\"\/blog\/wp-content\/uploads\/2012\/thumbs\/thumbs_nokian_viimeiset_kesajuhlat4.jpg\" \/><\/a><\/p>\n<p style=\"text-align: center;\"><em>Monenlaista tekemist\u00e4 kurjan tilanteenkin keskell\u00e4<\/em><\/p>\n<p style=\"text-align: justify;\">Koska kurja tilanne on kaikille yhteinen oli juhlan henki kuitenkin sangen hyv\u00e4 ja iltaa my\u00f6den ihmisi\u00e4 my\u00f6s nauratti. Kukaan ei oikein viel\u00e4 tied\u00e4 mit\u00e4 on edess\u00e4, mutta tuleva syksy tulee olemaan varmaan t\u00e4ynn\u00e4 monenlaisia kuvioita itse kullakin. Toivottavasti voimme itse j\u00e4\u00e4d\u00e4 t\u00e4nne Kanadaan, kun vasta v\u00e4h\u00e4n aikaa sitten <a title=\"Maahanmuutto bisnesluokassa\" href=\"https:\/\/www.vuosiamaailmalla.fi\/?p=230\">muutimme t\u00e4nne<\/a> ja vuokrasimme juuri <a title=\"Toinen aamu uudessa kodissa\" href=\"https:\/\/www.vuosiamaailmalla.fi\/?p=174\">uuden asunnonkin<\/a> vuodeksi.<\/p>\n<p style=\"text-align: center;\"><a href=\"\/blog\/wp-content\/uploads\/2012\/nokian_viimeiset_kesajuhlat7.jpg\"><img decoding=\"async\" style=\"border: 0px none; margin: 5px;\" src=\"\/blog\/wp-content\/uploads\/2012\/nokian_viimeiset_kesajuhlat7.jpg\" \/><\/a><\/p>\n<p style=\"text-align: center;\"><em>Toivottavasti t\u00e4m\u00e4 ei ole enne&#8230;<\/em><\/p>\n<p style=\"text-align: justify;\">Niin se el\u00e4m\u00e4 yll\u00e4tt\u00e4\u00e4 ja joskus onni heittelee. Toivottavasti t\u00e4st\u00e4 kuitenkin selvit\u00e4\u00e4n, eik\u00e4 tarvitse ryhty\u00e4 ihan oikeaksi lainsuojattomaksi.<\/p>\n<p style=\"text-align: justify;\">\n","protected":false},"excerpt":{"rendered":"<p>Viime viikot ovat olleet aikamoisten mullistusten viikkoja. Kes\u00e4kuun 14. p\u00e4iv\u00e4n aamuna altamme vedettiin matto Nokian ilmoittaessa sulkevansa koko Vancouverin toimistonsa osana suuria rakennemuutoksia yhti\u00f6ss\u00e4 ja irtisanovansa kaikki sen yli 300 ty\u00f6ntekij\u00e4\u00e4. Raskaasta uutisesta ylip\u00e4\u00e4seminen on ottanut aikansa ja ottaa edelleen, mutta se ei silti est\u00e4nyt meit\u00e4 ottamasta osaa n\u00e4ill\u00e4 n\u00e4kymin viimeisille Nokian kes\u00e4juhlillemme.<\/p>\n","protected":false},"author":1,"featured_media":11559,"comment_status":"open","ping_status":"open","sticky":false,"template":"","format":"standard","meta":{"_jetpack_memberships_contains_paid_content":false,"footnotes":""},"categories":[3,13],"tags":[25,34,77,935,159,453,207],"class_list":["post-8270","post","type-post","status-publish","format-standard","has-post-thumbnail","hentry","category-arki-ulkomailla","category-tyoskentely-kanadassa","tag-ajankohtaista","tag-arki","tag-burnaby","tag-kanada","tag-kesa","tag-nokia","tag-tyo"],"jetpack_featured_media_url":"https:\/\/www.vuosiamaailmalla.fi\/blog\/wp-content\/uploads\/nokian_viimeiset_kesajuhlat1_banner.jpg","jetpack_sharing_enabled":true,"_links":{"self":[{"href":"https:\/\/www.vuosiamaailmalla.fi\/blog\/wp-json\/wp\/v2\/posts\/8270","targetHints":{"allow":["GET"]}}],"collection":[{"href":"https:\/\/www.vuosiamaailmalla.fi\/blog\/wp-json\/wp\/v2\/posts"}],"about":[{"href":"https:\/\/www.vuosiamaailmalla.fi\/blog\/wp-json\/wp\/v2\/types\/post"}],"author":[{"embeddable":true,"href":"https:\/\/www.vuosiamaailmalla.fi\/blog\/wp-json\/wp\/v2\/users\/1"}],"replies":[{"embeddable":true,"href":"https:\/\/www.vuosiamaailmalla.fi\/blog\/wp-json\/wp\/v2\/comments?post=8270"}],"version-history":[{"count":2,"href":"https:\/\/www.vuosiamaailmalla.fi\/blog\/wp-json\/wp\/v2\/posts\/8270\/revisions"}],"predecessor-version":[{"id":11558,"href":"https:\/\/www.vuosiamaailmalla.fi\/blog\/wp-json\/wp\/v2\/posts\/8270\/revisions\/11558"}],"wp:featuredmedia":[{"embeddable":true,"href":"https:\/\/www.vuosiamaailmalla.fi\/blog\/wp-json\/wp\/v2\/media\/11559"}],"wp:attachment":[{"href":"https:\/\/www.vuosiamaailmalla.fi\/blog\/wp-json\/wp\/v2\/media?parent=8270"}],"wp:term":[{"taxonomy":"category","embeddable":true,"href":"https:\/\/www.vuosiamaailmalla.fi\/blog\/wp-json\/wp\/v2\/categories?post=8270"},{"taxonomy":"post_tag","embeddable":true,"href":"https:\/\/www.vuosiamaailmalla.fi\/blog\/wp-json\/wp\/v2\/tags?post=8270"}],"curies":[{"name":"wp","href":"https:\/\/api.w.org\/{rel}","templated":true}]}}