{"id":8277,"date":"2016-07-01T11:40:18","date_gmt":"2016-07-01T18:40:18","guid":{"rendered":"http:\/\/13.53.127.146\/?p=8277"},"modified":"2019-06-02T19:44:26","modified_gmt":"2019-06-03T02:44:26","slug":"itsenaisyyspaiva-canada-day","status":"publish","type":"post","link":"https:\/\/www.vuosiamaailmalla.fi\/blog\/2016\/itsenaisyyspaiva-canada-day\/","title":{"rendered":"Itsen\u00e4isyysp\u00e4iv\u00e4 Canada Day"},"content":{"rendered":"<p style=\"text-align: justify;\">Hein\u00e4kuun ensimm\u00e4isen\u00e4 p\u00e4iv\u00e4n\u00e4 juhlitaan Kanadan itsen\u00e4isyysp\u00e4iv\u00e4\u00e4 <em>Canada Dayta<\/em>. T\u00e4n\u00e4 vuonna tulee kuluneeksi 149 vuotta siit\u00e4, kun Kanadan liittovaltion ensimm\u00e4inen osa muodostettiin kolmen brittil\u00e4isen siirtomaaterritorion liittyess\u00e4 yhteen. N\u00e4m\u00e4 kolme olivat Nova Scotia, New Brunswick sek\u00e4 Province of Canada, johon kuuluivat nykyisten Ontarion ja Quebecin alueilla sijainneet Yl\u00e4- ja Ala-Kanadan territoriot.<\/p>\n<p><!--more--><\/p>\n<p style=\"text-align: justify;\">Hein\u00e4kuun 1. p\u00e4iv\u00e4 1867 oli t\u00e4ten <a title=\"Kanadan kansalaisuuskokeessa\" href=\"https:\/\/www.vuosiamaailmalla.fi\/?p=9897\">synnyinhetki<\/a> sek\u00e4 l\u00e4ht\u00f6laukaus nykyisen liittovaltion muodostumiselle ja siihen liittyi tulevina vuosina uusia alueita. Viimeinen Kanadan liittovaltioon liittynyt provinssi oli vasta vuonna 1949 mukaan liittynyt Newfoundland ja Labrador, joka on Kanadan kymmenes provinssi. Pohjoisessa kolmen erillisen territorion viimeisin muutos tapahtui vasta \u00e4skett\u00e4in vuonna 1999, kun Nunavutin territorio lohkaistiin valtavasta Northwest Territoriesista omaksi alueekseen, muodostaen n\u00e4in nykyisin tunnetun Kanadan.<\/p>\n<p style=\"text-align: center;\"><a href=\"\/blog\/wp-content\/uploads\/2016\/kanadan_kartta.png\"><img decoding=\"async\" style=\"border: 0px none; margin: 5px;\" src=\"\/blog\/wp-content\/uploads\/2016\/kanadan_kartta.png\" \/><\/a><\/p>\n<p style=\"text-align: justify;\">Canada Dayta juhlittiin nuoressa liittovaltiossa aluksi pienimuotoisesti ja p\u00e4iv\u00e4\u00e4 kutsuttiin virallisesti nimell\u00e4 <em>Dominion Day<\/em>, heijastaen nuoren maan asemaa Brittil\u00e4isest\u00e4 imperiumista erillisen\u00e4 itsehallinnollisena alueena. Nimitys jo aiemmin ep\u00e4virallisesti laajasti k\u00e4ytetyst\u00e4 Canada Daysta vahvistettiin kuitenkin niinkin my\u00f6h\u00e4\u00e4n kuin vasta vuonna 1982.<\/p>\n<p style=\"text-align: justify;\">Juhlap\u00e4iv\u00e4 kokoaa <a title=\"34 miljoonaa kanadalaista\" href=\"https:\/\/www.vuosiamaailmalla.fi\/?p=1525\">miljoonat kanadalaiset<\/a> yhteen kaupunkien kaduille, joilla j\u00e4rjestet\u00e4\u00e4n paraateja sek\u00e4 erilaisia yleis\u00f6tapahtumia. Suurimmat juhlallisuudet pidet\u00e4\u00e4n joka vuosi p\u00e4\u00e4kaupunki Ottawassa, jonka juhlallisuudet televisioidaan kaikkialle Kanadaan. Illan kohokohta ymp\u00e4ri maata ovat <a title=\"Canada Dayn ilotulituksia\" href=\"https:\/\/www.vuosiamaailmalla.fi\/?p=8295\">vuoden suurimmat ilotulitukset<\/a>, joita j\u00e4rjestet\u00e4\u00e4n pelk\u00e4st\u00e4\u00e4n t\u00e4\u00e4ll\u00e4 Vancouverin metropolialueella yhteens\u00e4 yhdeks\u00e4ll\u00e4 eri paikkakunnalla. Vancouverin kaupungin j\u00e4rjest\u00e4m\u00e4n ilotulituksen pitopaikka on Coal Harbour, jonne ennakoidaan ker\u00e4\u00e4ntyv\u00e4n illalla kymmeni\u00e4tuhansia ihmisi\u00e4.<\/p>\n<p style=\"text-align: justify;\">Juhlallisuuksiin liittyy oleellisena osana my\u00f6s Kanadan kansallishymnin <em>&#8221;O Canadan&#8221;<\/em> laulaminen (t\u00e4ss\u00e4 ylpe\u00e4n kanadalaisen <a href=\"https:\/\/www.youtube.com\/watch?v=tRTwPyIzY4A\">William Shatnerin versio<\/a>). Laajasti tunnettu hymni on kiinte\u00e4 osa kanadalaisuutta ja sit\u00e4 lauletaan urheilutapahtumissa sek\u00e4 muissa ihmisten joukkoker\u00e4\u00e4ntymisiss\u00e4. Hymnin sanoituksesta on kuitenkin k\u00e4yty viime vuosina kiivasta keskustelua, jonka ytimess\u00e4 on ollut vaatimus hymnin sanoituksen muuttamisesta takaisin alkuper\u00e4iseen sukupuolineutraaliin muotoonsa ja poistaa siin\u00e4 esiintyv\u00e4 uskonnollinen viittaus Jumalaan, jotka molemmat lis\u00e4ttiin 1900-luvun alussa.<\/p>\n<blockquote>\n<p style=\"text-align: center;\">O Canada!<br \/>\nOur home and native land!<br \/>\nTrue patriot love in all thy sons command.<br \/>\nWith glowing hearts we see thee rise,<br \/>\nThe True North strong and free!<br \/>\nFrom far and wide,<br \/>\nO Canada, we stand on guard for thee.<br \/>\nGod keep our land glorious and free!<br \/>\nO Canada, we stand on guard for thee.<br \/>\nO Canada, we stand on guard for thee.<\/p>\n<\/blockquote>\n<p style=\"text-align: center;\"><iframe loading=\"lazy\" src=\"https:\/\/www.youtube-nocookie.com\/embed\/kRPGPAnPNa8?rel=0\" width=\"560\" height=\"315\" frameborder=\"0\" allowfullscreen=\"allowfullscreen\"><\/iframe><\/p>\n<p style=\"text-align: justify;\">Keskustelu kuvastaa hyvin kanadalaista mentaliteettia, johon kuuluvat vahvasti monikulttuurisuus sek\u00e4 niin ihmisten kuin eri uskontokuntienkin v\u00e4linen tasa-arvo. Muutosta vaativien tahojen mukaan alkuper\u00e4isen sanoituksen palauttamisella olisi suuri symbolinen lis\u00e4arvo Kanadalle n\u00e4iden asioiden puolustajana maailmalla ja niinp\u00e4 Kanadan <a title=\"Kanada \u00e4\u00e4nesti muutoksen puolesta\" href=\"https:\/\/www.vuosiamaailmalla.fi\/?p=7290\">liberaalijohtoinen edustajainhuone<\/a> hyv\u00e4ksyikin ehdotuksen viemisen senaatin hyv\u00e4ksytt\u00e4v\u00e4ksi. Siit\u00e4kin huolimatta, ett\u00e4 viel\u00e4 muutama vuosi sitten muutoksen kannatus kansan keskuudessa oli vain noin nelj\u00e4nneksen luokkaa.<\/p>\n<p style=\"text-align: justify;\">T\u00e4n\u00e4inen juhlap\u00e4iv\u00e4 on siis t\u00e4rke\u00e4 tapahtuma kaikille kanadalaisille, jotka ovat hyvin ylpeit\u00e4 upeasta maastaan. Ensi vuonna juhlallisuudet tulevat olemaan viel\u00e4 normaaliakin suuremmat, kun maa juhlistaa 150. vuottaan itsen\u00e4isen\u00e4 maana. Harmi vain, ett\u00e4 meid\u00e4n <a title=\"Hakemus Kanadan kansalaisuudesta\" href=\"https:\/\/www.vuosiamaailmalla.fi\/?p=9718\">kansalaisuusprosessimme<\/a> vie viel\u00e4 hieman pidemp\u00e4\u00e4n, sill\u00e4 mik\u00e4p\u00e4 olisi ollut sen hienompaa kuin saada <a title=\"Uunituoreet Kanadan kansalaiset\" href=\"https:\/\/www.vuosiamaailmalla.fi\/?p=10088\">Kanadan kansalaisuus<\/a> juhlavuotena. \ud83d\ude42<\/p>\n","protected":false},"excerpt":{"rendered":"<p>Hein\u00e4kuun ensimm\u00e4isen\u00e4 p\u00e4iv\u00e4n\u00e4 juhlitaan Kanadan itsen\u00e4isyysp\u00e4iv\u00e4\u00e4 Canada Dayta. T\u00e4n\u00e4 vuonna tulee kuluneeksi 149 vuotta siit\u00e4, kun Kanadan liittovaltion ensimm\u00e4inen osa muodostettiin kolmen brittil\u00e4isen siirtomaaterritorion liittyess\u00e4 yhteen. N\u00e4m\u00e4 kolme olivat Nova Scotia, New Brunswick sek\u00e4 Province of Canada, johon kuuluivat nykyisten Ontarion ja Quebecin alueilla sijainneet Yl\u00e4- ja Ala-Kanadan territoriot.<\/p>\n","protected":false},"author":1,"featured_media":8415,"comment_status":"open","ping_status":"open","sticky":false,"template":"","format":"standard","meta":{"_jetpack_memberships_contains_paid_content":false,"footnotes":""},"categories":[17,3],"tags":[25,80,139,935,155,1166],"class_list":["post-8277","post","type-post","status-publish","format-standard","has-post-thumbnail","hentry","category-arki-kanadassa","category-arki-ulkomailla","tag-ajankohtaista","tag-canada-day","tag-historiaa-2","tag-kanada","tag-kanadalainen-juttu","tag-o-canada"],"jetpack_featured_media_url":"https:\/\/www.vuosiamaailmalla.fi\/blog\/wp-content\/uploads\/kanadan_lippu_hahmoja_banner-1.jpg","jetpack_sharing_enabled":true,"_links":{"self":[{"href":"https:\/\/www.vuosiamaailmalla.fi\/blog\/wp-json\/wp\/v2\/posts\/8277","targetHints":{"allow":["GET"]}}],"collection":[{"href":"https:\/\/www.vuosiamaailmalla.fi\/blog\/wp-json\/wp\/v2\/posts"}],"about":[{"href":"https:\/\/www.vuosiamaailmalla.fi\/blog\/wp-json\/wp\/v2\/types\/post"}],"author":[{"embeddable":true,"href":"https:\/\/www.vuosiamaailmalla.fi\/blog\/wp-json\/wp\/v2\/users\/1"}],"replies":[{"embeddable":true,"href":"https:\/\/www.vuosiamaailmalla.fi\/blog\/wp-json\/wp\/v2\/comments?post=8277"}],"version-history":[{"count":0,"href":"https:\/\/www.vuosiamaailmalla.fi\/blog\/wp-json\/wp\/v2\/posts\/8277\/revisions"}],"wp:featuredmedia":[{"embeddable":true,"href":"https:\/\/www.vuosiamaailmalla.fi\/blog\/wp-json\/wp\/v2\/media\/8415"}],"wp:attachment":[{"href":"https:\/\/www.vuosiamaailmalla.fi\/blog\/wp-json\/wp\/v2\/media?parent=8277"}],"wp:term":[{"taxonomy":"category","embeddable":true,"href":"https:\/\/www.vuosiamaailmalla.fi\/blog\/wp-json\/wp\/v2\/categories?post=8277"},{"taxonomy":"post_tag","embeddable":true,"href":"https:\/\/www.vuosiamaailmalla.fi\/blog\/wp-json\/wp\/v2\/tags?post=8277"}],"curies":[{"name":"wp","href":"https:\/\/api.w.org\/{rel}","templated":true}]}}