{"id":8285,"date":"2016-07-04T14:52:00","date_gmt":"2016-07-04T21:52:00","guid":{"rendered":"http:\/\/13.53.127.146\/?p=8285"},"modified":"2018-07-01T10:58:09","modified_gmt":"2018-07-01T17:58:09","slug":"kuinka-olla-kanadalainen","status":"publish","type":"post","link":"https:\/\/www.vuosiamaailmalla.fi\/blog\/2016\/kuinka-olla-kanadalainen\/","title":{"rendered":"Kuinka olla kanadalainen"},"content":{"rendered":"<p style=\"text-align: justify;\"><a title=\"Itsen\u00e4isyysp\u00e4iv\u00e4 Canada Day\" href=\"https:\/\/www.vuosiamaailmalla.fi\/?p=8277\"><em>Canada Dayn<\/em><\/a> j\u00e4lkimainingeissa on hyv\u00e4 rentoutua naureskelemalla vancouverilaisen komediaryhm\u00e4 <em>IFHT:n<\/em> uusimmalle ja samalla my\u00f6s hyvin ajankohtaiselle videolle siit\u00e4 mit\u00e4 kaikkea onkaan <a title=\"Hakemus Kanadan kansalaisuudesta\" href=\"https:\/\/www.vuosiamaailmalla.fi\/?p=9718\">kanadalaisuus<\/a>. Kuten aina, ryhm\u00e4n video on j\u00e4lleen aiheensa ytimess\u00e4 ja mukana on kirjava joukko hauskoja ja toisinaan hyvin paikkansapit\u00e4vi\u00e4 stereotypioita kanadalaisista. Samaa laadukasta tuotantoa kuin ryhm\u00e4n aiempi opas <a title=\"Kuinka olla vancouverilainen\" href=\"https:\/\/www.vuosiamaailmalla.fi\/?p=2334\">kuinka olla vancouverilainen<\/a>. <img src=\"https:\/\/www.vuosiamaailmalla.fi\/blog\/wp-includes\/images\/smilies\/mrgreen.png\" alt=\":mrgreen:\" class=\"wp-smiley\" style=\"height: 1em; max-height: 1em;\" \/><\/p>\n<p style=\"text-align: center;\"><iframe loading=\"lazy\" src=\"https:\/\/www.youtube-nocookie.com\/embed\/cPX3lEIS4bo?rel=0\" width=\"560\" height=\"315\" frameborder=\"0\" allowfullscreen=\"allowfullscreen\"><\/iframe><\/p>\n","protected":false},"excerpt":{"rendered":"<p>Canada Dayn j\u00e4lkimainingeissa on hyv\u00e4 rentoutua naureskelemalla vancouverilaisen komediaryhm\u00e4 IFHT:n uusimmalle ja samalla my\u00f6s hyvin ajankohtaiselle videolle siit\u00e4 mit\u00e4 kaikkea onkaan kanadalaisuus. Kuten aina, ryhm\u00e4n video on j\u00e4lleen aiheensa ytimess\u00e4 ja mukana on kirjava joukko hauskoja ja toisinaan hyvin paikkansapit\u00e4vi\u00e4 stereotypioita kanadalaisista. Samaa laadukasta tuotantoa kuin ryhm\u00e4n aiempi opas kuinka olla vancouverilainen.<\/p>\n","protected":false},"author":1,"featured_media":9740,"comment_status":"open","ping_status":"open","sticky":false,"template":"","format":"standard","meta":{"_jetpack_memberships_contains_paid_content":false,"footnotes":""},"categories":[17,3,4],"tags":[34,133,935,155],"class_list":["post-8285","post","type-post","status-publish","format-standard","has-post-thumbnail","hentry","category-arki-kanadassa","category-arki-ulkomailla","category-asuminen-kanadassa","tag-arki","tag-hassua","tag-kanada","tag-kanadalainen-juttu"],"jetpack_featured_media_url":"https:\/\/www.vuosiamaailmalla.fi\/blog\/wp-content\/uploads\/kuinka_olla_kanadalainen_banner.jpg","jetpack_sharing_enabled":true,"_links":{"self":[{"href":"https:\/\/www.vuosiamaailmalla.fi\/blog\/wp-json\/wp\/v2\/posts\/8285","targetHints":{"allow":["GET"]}}],"collection":[{"href":"https:\/\/www.vuosiamaailmalla.fi\/blog\/wp-json\/wp\/v2\/posts"}],"about":[{"href":"https:\/\/www.vuosiamaailmalla.fi\/blog\/wp-json\/wp\/v2\/types\/post"}],"author":[{"embeddable":true,"href":"https:\/\/www.vuosiamaailmalla.fi\/blog\/wp-json\/wp\/v2\/users\/1"}],"replies":[{"embeddable":true,"href":"https:\/\/www.vuosiamaailmalla.fi\/blog\/wp-json\/wp\/v2\/comments?post=8285"}],"version-history":[{"count":0,"href":"https:\/\/www.vuosiamaailmalla.fi\/blog\/wp-json\/wp\/v2\/posts\/8285\/revisions"}],"wp:featuredmedia":[{"embeddable":true,"href":"https:\/\/www.vuosiamaailmalla.fi\/blog\/wp-json\/wp\/v2\/media\/9740"}],"wp:attachment":[{"href":"https:\/\/www.vuosiamaailmalla.fi\/blog\/wp-json\/wp\/v2\/media?parent=8285"}],"wp:term":[{"taxonomy":"category","embeddable":true,"href":"https:\/\/www.vuosiamaailmalla.fi\/blog\/wp-json\/wp\/v2\/categories?post=8285"},{"taxonomy":"post_tag","embeddable":true,"href":"https:\/\/www.vuosiamaailmalla.fi\/blog\/wp-json\/wp\/v2\/tags?post=8285"}],"curies":[{"name":"wp","href":"https:\/\/api.w.org\/{rel}","templated":true}]}}