{"id":8319,"date":"2016-08-06T16:30:18","date_gmt":"2016-08-06T23:30:18","guid":{"rendered":"http:\/\/13.53.127.146\/?p=8319"},"modified":"2020-10-18T13:58:22","modified_gmt":"2020-10-18T20:58:22","slug":"tulipalon-jalkia-seka-uusi-puisto-surreyssa","status":"publish","type":"post","link":"https:\/\/www.vuosiamaailmalla.fi\/blog\/2016\/tulipalon-jalkia-seka-uusi-puisto-surreyssa\/","title":{"rendered":"Tulipalon j\u00e4lki\u00e4 sek\u00e4 uusi puisto Surreyss\u00e4"},"content":{"rendered":"<p style=\"text-align: justify;\">Viimeisen kuukauden aikana on pit\u00e4nyt hiljaista t\u00e4\u00e4ll\u00e4 blogin puolella, sill\u00e4 olemme Niinan kanssa nauttineet kes\u00e4st\u00e4 ulkona liikkuen ja aikaa viett\u00e4en. Paljon kiintoisaa on kuitenkin tapahtunut ja hein\u00e4kuun alussa suuri puheenaihe oli Burns Bogin <a title=\"Burns Bog tulessa!\" href=\"https:\/\/www.vuosiamaailmalla.fi\/?p=8299\">turvesuon valtava tulipalo<\/a>, jonka savu peitti ison osan metropolialueesta vuorokauden ajan. Voimakkaiden tuulten levitt\u00e4m\u00e4 palo levisi nopeasti laajalle ja hypp\u00e4si yli nelikaistaisen valtatien, uhaten l\u00e4hist\u00f6ll\u00e4 sijaitsevaa teollisuusaluetta. Palomiesten onnistui kuitenkin pys\u00e4ytt\u00e4\u00e4 tuli aivan teollisuusalueen kupeeseen ja est\u00e4\u00e4 n\u00e4in kalliiden tuhojen syntyminen.<\/p>\n<p><!--more--><\/p>\n<p style=\"text-align: center;\"><a href=\"\/blog\/wp-content\/uploads\/2016\/burns_bog_tulessa13.jpg\"><img decoding=\"async\" style=\"border: 0px none; margin: 5px;\" src=\"\/blog\/wp-content\/uploads\/2016\/burns_bog_tulessa13.jpg\" \/><\/a><\/p>\n<p style=\"text-align: center;\"><em>Savun peitt\u00e4m\u00e4 metropolialue<\/em><\/p>\n<p style=\"text-align: center;\"><a href=\"\/blog\/wp-content\/uploads\/2016\/burns_bog_palon_jalkeen5.jpg\"><img decoding=\"async\" style=\"border: 0px none; margin: 5px;\" src=\"\/blog\/wp-content\/uploads\/2016\/thumbs\/thumbs_burns_bog_palon_jalkeen5.jpg\" \/><\/a><a href=\"\/blog\/wp-content\/uploads\/2016\/burns_bog_palon_jalkeen4.jpg\"><img decoding=\"async\" style=\"border: 0px none; margin: 5px;\" src=\"\/blog\/wp-content\/uploads\/2016\/thumbs\/thumbs_burns_bog_palon_jalkeen4.jpg\" \/><\/a><\/p>\n<p style=\"text-align: center;\"><em>Tulipalo tuli hyvin l\u00e4helle teollisuusaluetta<\/em><\/p>\n<p style=\"text-align: justify;\">Tulipalo ehti kuitenkin laajentua noin 80 hehtaarin alueelle ennen kuin se saatiin sateisen s\u00e4\u00e4n avustamana sammumaan noin viisi p\u00e4iv\u00e4\u00e4 my\u00f6hemmin. Tulipalo j\u00e4tti silti j\u00e4lkens\u00e4 alueen maastoon ja <em><a title=\"South Fraser Perimeter Road\" href=\"https:\/\/www.vuosiamaailmalla.fi\/?p=2645\">South Fraser Perimeter Roadilta<\/a><\/em> (jonka yli tuli siis hypp\u00e4si) avautuu hyv\u00e4 n\u00e4kym\u00e4 paloalueelle. Ajoimmekin alueen l\u00e4pi pian tulipaloa seuranneena sunnuntaina kun tie avattiin liikenteelle uudelleen.<\/p>\n<p style=\"text-align: center;\"><a href=\"\/blog\/wp-content\/uploads\/2016\/burns_bog_palon_jalkeen2.jpg\"><img decoding=\"async\" style=\"border: 0px none; margin: 5px;\" src=\"\/blog\/wp-content\/uploads\/2016\/thumbs\/thumbs_burns_bog_palon_jalkeen2.jpg\" \/><\/a><a href=\"\/blog\/wp-content\/uploads\/2016\/burns_bog_palon_jalkeen1.jpg\"><img decoding=\"async\" style=\"border: 0px none; margin: 5px;\" src=\"\/blog\/wp-content\/uploads\/2016\/thumbs\/thumbs_burns_bog_palon_jalkeen1.jpg\" \/><\/a><a href=\"\/blog\/wp-content\/uploads\/2016\/burns_bog_palon_jalkeen3.jpg\"><img decoding=\"async\" style=\"border: 0px none; margin: 5px;\" src=\"\/blog\/wp-content\/uploads\/2016\/thumbs\/thumbs_burns_bog_palon_jalkeen3.jpg\" \/><\/a><\/p>\n<p style=\"text-align: center;\"><em>Paloj\u00e4lki\u00e4 valtatien vierustoilla<\/em><\/p>\n<p style=\"text-align: justify;\">Tulipalon syttymiseen johtanutta syyt\u00e4 ei ole saatu t\u00e4h\u00e4n menness\u00e4 selvitetty\u00e4, mutta se sai todenn\u00e4k\u00f6isesti alkunsa alueella sijaitsevilta radiomastoilta ja lienee t\u00e4ten johtunut jonkinlaisesta teknisest\u00e4 viasta. Kuumana roihunnut tulipalo my\u00f6s romahdutti yhden korkeista mastoista, mik\u00e4 katkaisi er\u00e4\u00e4n paikallisen radiokanavan l\u00e4hetyksen vuorokauden ajaksi.<\/p>\n<p style=\"text-align: center;\"><a href=\"\/blog\/wp-content\/uploads\/2016\/burns_bog_palon_jalkeen7.jpg\"><img decoding=\"async\" style=\"border: 0px none; margin: 5px;\" src=\"\/blog\/wp-content\/uploads\/2016\/thumbs\/thumbs_burns_bog_palon_jalkeen7.jpg\" \/><\/a><a href=\"\/blog\/wp-content\/uploads\/2016\/burns_bog_palon_jalkeen6.jpg\"><img decoding=\"async\" style=\"border: 0px none; margin: 5px;\" src=\"\/blog\/wp-content\/uploads\/2016\/thumbs\/thumbs_burns_bog_palon_jalkeen6.jpg\" \/><\/a><a href=\"\/blog\/wp-content\/uploads\/2016\/burns_bog_palon_jalkeen8.jpg\"><img decoding=\"async\" style=\"border: 0px none; margin: 5px;\" src=\"\/blog\/wp-content\/uploads\/2016\/thumbs\/thumbs_burns_bog_palon_jalkeen8.jpg\" \/><\/a><\/p>\n<p style=\"text-align: center;\"><em>Palo sai alkunsa radiomastojen luota<\/em><\/p>\n<p style=\"text-align: justify;\">Alueen poikki ajaminen sopi hyvin sunnuntaiseen retkeemme, jolla k\u00e4vimme tutustumassa Surreyhin \u00e4skett\u00e4in avautuneeseen aivan uuteen <em>Surrey Bend Regional Parkiin<\/em>. T\u00e4m\u00e4 suuri luonnontilainen puisto sijaitsee aivan <em><a title=\"South Fraser Perimeter Road\" href=\"https:\/\/www.vuosiamaailmalla.fi\/?p=2645\">South Fraser Perimeter Roadin<\/a><\/em> it\u00e4p\u00e4\u00e4ss\u00e4 kohdassa, jossa Fraser River tekee mutkan ennen yhtymist\u00e4\u00e4n Pitt Riverin kanssa ja <a title=\"Py\u00f6r\u00e4illen yli Port Mann Bridgen\" href=\"https:\/\/www.vuosiamaailmalla.fi\/?p=6866\"><em>Port Mann Bridgen<\/em><\/a> suursillan alitusta.<\/p>\n<p style=\"text-align: center;\"><a href=\"\/blog\/wp-content\/uploads\/2016\/surrey_bend_regional_park2.jpg\"><img decoding=\"async\" style=\"border: 0px none; margin: 5px;\" src=\"\/blog\/wp-content\/uploads\/2016\/surrey_bend_regional_park2.jpg\" \/><\/a><\/p>\n<p style=\"text-align: center;\"><em>Puisto sijaitsee Fraser rannalla<\/em><\/p>\n<p style=\"text-align: center;\"><a href=\"\/blog\/wp-content\/uploads\/2016\/surrey_bend_regional_park1.jpg\"><img decoding=\"async\" style=\"border: 0px none; margin: 5px;\" src=\"\/blog\/wp-content\/uploads\/2016\/thumbs\/thumbs_surrey_bend_regional_park1.jpg\" \/><\/a><a href=\"\/blog\/wp-content\/uploads\/2016\/surrey_bend_regional_park6.jpg\"><img decoding=\"async\" style=\"border: 0px none; margin: 5px;\" src=\"\/blog\/wp-content\/uploads\/2016\/thumbs\/thumbs_surrey_bend_regional_park6.jpg\" \/><\/a><\/p>\n<p style=\"text-align: center;\"><em>Lapsiperheit\u00e4 sunnuntairetkell\u00e4<\/em><\/p>\n<p style=\"text-align: justify;\">Puistoon on rakennettu ulkoilijoiden iloksi muutamia k\u00e4velyreittej\u00e4 sek\u00e4 nurmialueita ja paikalla olikin paljon paikallisia lapsiperheit\u00e4 nauttimassa kes\u00e4isest\u00e4 sunnuntaista. Kiersimme Niinan kanssa parin kilometrin mittaisen lyhyemm\u00e4n kierroksen, joka on kiva pieni k\u00e4vely ulkoilmassa. Mukavia ovat erityisesti Fraserin rantamaisemat sek\u00e4 joen keskell\u00e4 sijaitseva <a title=\"Kes\u00e4retki Barnston Islandille\" href=\"https:\/\/www.vuosiamaailmalla.fi\/?p=10886\">Barnston Islandin saari<\/a>, jonne on my\u00f6s p\u00e4\u00e4sy ulkoilemaan.<\/p>\n<p style=\"text-align: center;\"><a href=\"\/blog\/wp-content\/uploads\/2016\/surrey_bend_regional_park4.jpg\"><img decoding=\"async\" style=\"border: 0px none; margin: 5px;\" src=\"\/blog\/wp-content\/uploads\/2016\/thumbs\/thumbs_surrey_bend_regional_park4.jpg\" \/><\/a><a href=\"\/blog\/wp-content\/uploads\/2016\/surrey_bend_regional_park3.jpg\"><img decoding=\"async\" style=\"border: 0px none; margin: 5px;\" src=\"\/blog\/wp-content\/uploads\/2016\/thumbs\/thumbs_surrey_bend_regional_park3.jpg\" \/><\/a><a href=\"\/blog\/wp-content\/uploads\/2016\/surrey_bend_regional_park5.jpg\"><img decoding=\"async\" style=\"border: 0px none; margin: 5px;\" src=\"\/blog\/wp-content\/uploads\/2016\/thumbs\/thumbs_surrey_bend_regional_park5.jpg\" \/><br \/>\n<\/a><a href=\"\/blog\/wp-content\/uploads\/2016\/surrey_bend_regional_park8.jpg\"><img decoding=\"async\" style=\"border: 0px none; margin: 5px;\" src=\"\/blog\/wp-content\/uploads\/2016\/thumbs\/thumbs_surrey_bend_regional_park8.jpg\" \/><\/a><a href=\"\/blog\/wp-content\/uploads\/2016\/surrey_bend_regional_park7.jpg\"><img decoding=\"async\" style=\"border: 0px none; margin: 5px;\" src=\"\/blog\/wp-content\/uploads\/2016\/thumbs\/thumbs_surrey_bend_regional_park7.jpg\" \/><\/a><\/p>\n<p style=\"text-align: center;\"><em>Virkist\u00e4vi\u00e4 k\u00e4velypolkuja<\/em><\/p>\n<p style=\"text-align: justify;\">Parin tunnin retkemme oli mukavan virkist\u00e4v\u00e4 ja alueelle tuleekin varmaan palattua joskus tulevaisuudessa py\u00f6rien kanssa, sill\u00e4 alueen tasaiset hiekkapolut soveltuvat hyvin py\u00f6r\u00e4ilyyn. \ud83d\udca1<\/p>\n","protected":false},"excerpt":{"rendered":"<p>Viimeisen kuukauden aikana on pit\u00e4nyt hiljaista t\u00e4\u00e4ll\u00e4 blogin puolella, sill\u00e4 olemme Niinan kanssa nauttineet kes\u00e4st\u00e4 ulkona liikkuen ja aikaa viett\u00e4en. Paljon kiintoisaa on kuitenkin tapahtunut ja hein\u00e4kuun alussa suuri puheenaihe oli Burns Bogin turvesuon valtava tulipalo, jonka savu peitti ison osan metropolialueesta vuorokauden ajan. Voimakkaiden tuulten levitt\u00e4m\u00e4 palo levisi nopeasti laajalle ja hypp\u00e4si yli nelikaistaisen &hellip; <a href=\"https:\/\/www.vuosiamaailmalla.fi\/blog\/2016\/tulipalon-jalkia-seka-uusi-puisto-surreyssa\/\" class=\"more-link\">Jatka lukemista<span class=\"screen-reader-text\"> &#8221;Tulipalon j\u00e4lki\u00e4 sek\u00e4 uusi puisto Surreyss\u00e4&#8221;<\/span><\/a><\/p>\n","protected":false},"author":1,"featured_media":10883,"comment_status":"open","ping_status":"open","sticky":false,"template":"","format":"standard","meta":{"_jetpack_memberships_contains_paid_content":false,"footnotes":""},"categories":[17,3,777,774],"tags":[34,1168,609,935,1172,201,1171,1160],"class_list":["post-8319","post","type-post","status-publish","format-standard","has-post-thumbnail","hentry","category-arki-kanadassa","category-arki-ulkomailla","category-kavely","category-ulkoilu","tag-arki","tag-burns-bog","tag-delta","tag-kanada","tag-south-fraser-perimeter-road","tag-surrey","tag-surrey-bend-regional-park","tag-tulipalo"],"jetpack_featured_media_url":"https:\/\/www.vuosiamaailmalla.fi\/blog\/wp-content\/uploads\/surrey_bend_regional_park_banner-1.jpg","jetpack_sharing_enabled":true,"_links":{"self":[{"href":"https:\/\/www.vuosiamaailmalla.fi\/blog\/wp-json\/wp\/v2\/posts\/8319","targetHints":{"allow":["GET"]}}],"collection":[{"href":"https:\/\/www.vuosiamaailmalla.fi\/blog\/wp-json\/wp\/v2\/posts"}],"about":[{"href":"https:\/\/www.vuosiamaailmalla.fi\/blog\/wp-json\/wp\/v2\/types\/post"}],"author":[{"embeddable":true,"href":"https:\/\/www.vuosiamaailmalla.fi\/blog\/wp-json\/wp\/v2\/users\/1"}],"replies":[{"embeddable":true,"href":"https:\/\/www.vuosiamaailmalla.fi\/blog\/wp-json\/wp\/v2\/comments?post=8319"}],"version-history":[{"count":0,"href":"https:\/\/www.vuosiamaailmalla.fi\/blog\/wp-json\/wp\/v2\/posts\/8319\/revisions"}],"wp:featuredmedia":[{"embeddable":true,"href":"https:\/\/www.vuosiamaailmalla.fi\/blog\/wp-json\/wp\/v2\/media\/10883"}],"wp:attachment":[{"href":"https:\/\/www.vuosiamaailmalla.fi\/blog\/wp-json\/wp\/v2\/media?parent=8319"}],"wp:term":[{"taxonomy":"category","embeddable":true,"href":"https:\/\/www.vuosiamaailmalla.fi\/blog\/wp-json\/wp\/v2\/categories?post=8319"},{"taxonomy":"post_tag","embeddable":true,"href":"https:\/\/www.vuosiamaailmalla.fi\/blog\/wp-json\/wp\/v2\/tags?post=8319"}],"curies":[{"name":"wp","href":"https:\/\/api.w.org\/{rel}","templated":true}]}}