{"id":8337,"date":"2016-08-30T20:58:13","date_gmt":"2016-08-31T03:58:13","guid":{"rendered":"http:\/\/13.53.127.146\/?p=8337"},"modified":"2023-02-11T20:25:05","modified_gmt":"2023-02-12T04:25:05","slug":"elamamme-seikkailu-10-vuotta-maailmalla","status":"publish","type":"post","link":"https:\/\/www.vuosiamaailmalla.fi\/blog\/2016\/elamamme-seikkailu-10-vuotta-maailmalla\/","title":{"rendered":"El\u00e4m\u00e4mme seikkailu \u2013 10 vuotta maailmalla"},"content":{"rendered":"<p style=\"text-align: justify;\">Elokuun 31. p\u00e4iv\u00e4 2006\u00a0\u2013 p\u00e4iv\u00e4lleen kymmenen vuotta sitten. Se on minulle ja Niinalle merkitt\u00e4v\u00e4 p\u00e4iv\u00e4m\u00e4\u00e4r\u00e4, sill\u00e4 se on hetki jolloin j\u00e4timme Suomen taaksemme ja <a title=\"Perill\u00e4 Dortmundissa!\" href=\"https:\/\/www.vuosiamaailmalla.fi\/blog\/2006\/perilla-dortmundissa\/\">l\u00e4hdimme maailmalle<\/a>. Matkaan l\u00e4hdettiin vain kaksi matkalaukkua mukana, ajatuksena palata jouluksi kotiin. Kumpikaan ei olisi voinut tuolloin edes aavistaa, ett\u00e4 matkasta muodostuisikin yli vuosikymmenen mittainen <strong>el\u00e4m\u00e4mme seikkailu!<\/strong><\/p>\n<p><!--more--><\/p>\n<p style=\"text-align: center;\"><a href=\"\/blog\/wp-content\/uploads\/2006\/lahdon_hetki_maailmalle.jpg\"><img decoding=\"async\" style=\"border: 0px none; margin: 5px;\" src=\"\/blog\/wp-content\/uploads\/2006\/lahdon_hetki_maailmalle.jpg\" \/><\/a><\/p>\n<p style=\"text-align: center;\"><em>L\u00e4hd\u00f6n hetki maailmalle<\/em><\/p>\n<p style=\"text-align: justify;\">Juhlavuoden kunniaksi onkin paikallaan kerrata pitk\u00e4n ja monivaiheisen seikkailun p\u00e4\u00e4tapahtumat. Sen ilot ja murheet, sek\u00e4 erin\u00e4isiin p\u00e4\u00e4t\u00f6ksiimme vaikuttaneet tekij\u00e4t ja niiden taustat. Vaikka olenkin kirjoittanut seikkailustamme t\u00e4nne blogiini koko sen ajan (jo 1157 kirjoituksen verran), on my\u00f6s hyv\u00e4 suorittaa yhteenveto siit\u00e4 miten oikein p\u00e4\u00e4dyimmek\u00e4\u00e4n Dortmundin, sielt\u00e4 Berliiniin ja lopulta t\u00e4nne upeaan Vancouveriin.<\/p>\n<p style=\"text-align: justify;\"><strong>VAIHTO-OPISKELEMAAN!<\/strong><\/p>\n<p style=\"text-align: justify;\">Ajatus ulkomaille l\u00e4hd\u00f6st\u00e4 alkoi hautua talvella 2005, kun valmistumisemme <em>Joensuun Yliopistosta<\/em> alkoi h\u00e4\u00e4m\u00f6tt\u00e4\u00e4 noin puolentoistavuoden p\u00e4\u00e4ss\u00e4. Olimme keskustelleet ajatuksesta t\u00e4t\u00e4 aiemmin vain hajanaisesti, mutta yleens\u00e4 noiden keskusteluiden johtop\u00e4\u00e4t\u00f6ksen\u00e4 oli ollut, ett\u00e4 olisihan se kiehtovaa ja ainutlaatuinen tilaisuus asua hetken aikaa ulkomailla. On hyv\u00e4 muistaa, ett\u00e4 olin t\u00e4ss\u00e4 vaiheessa k\u00e4ynyt itse ulkomailla vain nelj\u00e4 kertaa ja lent\u00e4nyt ainoastaan <a title=\"101 lentoa\" href=\"https:\/\/www.vuosiamaailmalla.fi\/blog\/2014\/101-lentoa\/\">kaksi kertaa<\/a>. K\u00e4vin lapsena kerran <a title=\"Halki Ruotsin sek\u00e4 kes\u00e4loma roadsterilla\" href=\"https:\/\/www.vuosiamaailmalla.fi\/blog\/2011\/halki-ruotsin-seka-kesaloma-roadsterilla\/\">Ruotsissa<\/a> ja <a title=\"P\u00e4iv\u00e4 Tallinnassa\" href=\"https:\/\/www.vuosiamaailmalla.fi\/blog\/2022\/paiva-tallinnassa\/\">Virossa<\/a>, sek\u00e4 vuonna 2004 Niinan kanssa Pietarissa ja lopulta kes\u00e4ll\u00e4 2005 <em>interrailaamassa<\/em> Pohjois-Italiassa. Varsinkin parin viikon mittainen interrailimme j\u00e4tti meihin molempiin innostuksen sek\u00e4 vahvan uskon omaan p\u00e4rj\u00e4\u00e4miseen vieraassakin ymp\u00e4rist\u00f6ss\u00e4, mik\u00e4 toimikin varmasti yhten\u00e4 katalyyttin\u00e4 t\u00e4llaisten ajatusten syntymiseen.<\/p>\n<p style=\"text-align: justify;\">Mit\u00e4 enemm\u00e4n asiasta keskustelimme ja sit\u00e4 selvittelimme, sit\u00e4 houkuttelevammalta ajatus vaihto-opiskelusta alkoi tuntua. Vaihtoon l\u00e4ht\u00f6 vaikutti sangen helpolta ja turvalliselta ratkaisulta ja Joensuun Yliopistolta l\u00e4hti vuosittain ulkomaille huomattavasti v\u00e4hemm\u00e4n opiskelijoita kuin sielt\u00e4 saapui Suomeen. T\u00e4m\u00e4 tarkoitti, ett\u00e4 vaihtopaikan saaminen olisi helppoa. Erasmus-ohjelman kautta vaihtoon saisi my\u00f6s sangen hyvin opintotukea, joten miksei siis hy\u00f6dynt\u00e4\u00e4 mahdollisuutta?<\/p>\n<p style=\"text-align: justify;\">Vaikka halusimmekin vaihdoltamme kansainv\u00e4list\u00e4 kokemusta sek\u00e4 parantaa kielitaitoamme, emme kuitenkaan halunneet tehd\u00e4 siit\u00e4 huvimatkaa ilman konkreettista hy\u00f6ty\u00e4. Niinp\u00e4 valitsimmekin kohdemaaksemme Saksan, jotta p\u00e4\u00e4sisimme petraamaan perustasoista koulusaksaamme, josta saattaisi olla tulevaisuudessa jotain hy\u00f6ty\u00e4. Saksa oli my\u00f6s mieliss\u00e4mme j\u00e4mpti sek\u00e4 toimiva yhteiskunta, mik\u00e4 tekisi sopeutumisesta helppoa joihinkin muihin maihin verrattuna.<\/p>\n<p style=\"text-align: justify;\">Vaihtokaupungiksi olisimme halunneet mieluusti jonkin tunnetun kaupungin, mutta Erasmus-vaihtoon l\u00e4hdett\u00e4ess\u00e4 valinta rajoittuu yleens\u00e4 oman yliopiston solmimiin vaihtosopimuksiin, joita tietotekniikanlaitoksellamme oli tuolloin Dortmundin teknillisen yliopiston kanssa. Sittemmin sopimus on purettu ja uutena vaihtoehtoina on nykyisin muun muassa Berliini! Emme olleet kuulleet Dortmundista aiemmin, mutta <a title=\"Turistina Helsingiss\u00e4\" href=\"https:\/\/www.vuosiamaailmalla.fi\/blog\/2020\/turistina-helsingissa\/\">Helsingin<\/a> kokoinen kaupunki keskell\u00e4 L\u00e4nsi-Euroopan suurinta metropolialuetta vaikutti meist\u00e4 silti kiehtovalta ja lukitsimme kohteen.<\/p>\n<p style=\"text-align: justify;\">Paperity\u00f6t eiv\u00e4t olleet vaikeita ja saimme helposti my\u00f6nt\u00e4v\u00e4t luvat l\u00e4hte\u00e4 3,5 kuukauden mittaiselle ja aina jouluun kest\u00e4v\u00e4lle syysjaksolle. Asian varmistuttua kerroimme asiasta l\u00e4heisillemme, jotka olivat yll\u00e4ttyneit\u00e4 p\u00e4\u00e4t\u00f6ksest\u00e4mme l\u00e4hte\u00e4 ulkomaille, mutta tukivat silti p\u00e4\u00e4t\u00f6st\u00e4mme tiet\u00e4en, ett\u00e4 olisimme poissa vain lyhyen aikaa&#8230;<\/p>\n<p style=\"text-align: justify;\">Vuoden 2006 kev\u00e4t ja kes\u00e4 kuluivat tulevaan valmistautuen ja kes\u00e4n aikana kirjoitimme <em>pro gradu<\/em> -lopputy\u00f6mme. T\u00e4m\u00e4 tarkoitti, ett\u00e4 valmistumisemme filosofian maistereiksi olisi kiinni en\u00e4\u00e4 puolen vuoden ty\u00f6harjoittelusta, jonka suunnittelimme suorittavamme takaisin Suomeen palattuamme. Gradujen kirjoittamisella varmistimme my\u00f6s, etteiv\u00e4t opinnot j\u00e4isi kesken siin\u00e4k\u00e4\u00e4n tapauksessa, ett\u00e4 ajatukset muuttuisivat matkan aikana.<\/p>\n<p style=\"text-align: justify;\"><strong>KIELIOPINTOJA SEK\u00c4 TY\u00d6HARJOITTELU DORTMUNDISSA<\/strong><\/p>\n<p style=\"text-align: justify;\">Lopulta koitti\u00a0 se kuukausia odotettu l\u00e4hd\u00f6n hetki ja tasan kymmenen vuotta sitten <a title=\"Perill\u00e4 Dortmundissa!\" href=\"https:\/\/www.vuosiamaailmalla.fi\/blog\/2006\/perilla-dortmundissa\/\">saavuimme Dortmundiin<\/a>. Asettauduimme alivuokralle paikallisen opiskelijatyt\u00f6n k\u00e4mpp\u00e4\u00e4n, h\u00e4nen suunnatessa loppuvuodeksi opiskelijavaihtoon Irlantiin. Kaupunki tuli meille nopeasti tutuksi ja vaihto-opiskelu alkoi kuukauden mittaisella saksankielen intensiivikurssilla. Kurssilla tutustuimme kymmeniin muihin vaihto-oppilaisiin ymp\u00e4ri maailmaa, joiden kanssa vietimme runsaasti aikaa eri kulttuureista ja maista oppien. Joukossa oli my\u00f6s nelj\u00e4 muuta suomalaista vaihtaria toisaalta Suomesta, joiden kanssa vertailimme kokemuksia opiskelijavaihdosta.<\/p>\n<p style=\"text-align: center;\"><a href=\"\/blog\/wp-content\/uploads\/2006\/vaihtareita1.jpg\"><img decoding=\"async\" style=\"border: 0px none; margin: 5px;\" src=\"\/blog\/wp-content\/uploads\/2006\/vaihtareita1.jpg\" \/><\/a><\/p>\n<p style=\"text-align: center;\"><em>Vaihtareiden kesken tuli vietetty\u00e4 aikaa<\/em><\/p>\n<p style=\"text-align: justify;\">Syksy eteni nopeasti ja kielitaitomme alkoi hiljalleen petraantua. Otimme heti ensimm\u00e4isest\u00e4 p\u00e4iv\u00e4st\u00e4 alkaen asenteeksemme, ett\u00e4 yritt\u00e4isimme selvit\u00e4 kaikkialla saksalla ja turvautuisimme englantiin ainoastaan viimeisen\u00e4 keinona. Toki muiden vaihtareiden kanssa keskustelimme p\u00e4\u00e4asiassa englanniksi, mutta kaiken asioinnin ja opetuksen suoritimme saksaksi. J\u00e4lkimm\u00e4isen kohdalla vaihtoehtoa ei edes ollut, sill\u00e4 <a title=\"Vaihtarin arkea\" href=\"https:\/\/www.vuosiamaailmalla.fi\/blog\/2006\/vaihtarin-arkea-seka-erikoinen-h-bahn\/\">Dortmundin yliopistolla<\/a> oli opetus ainakin tuolloin melkein pelk\u00e4st\u00e4\u00e4n saksaksi.<\/p>\n<p style=\"text-align: center;\"><a href=\"\/blog\/wp-content\/uploads\/2006\/dortmundin_yliopisto1.jpg\"><img decoding=\"async\" style=\"border: 0px none; margin: 5px;\" src=\"\/blog\/wp-content\/uploads\/2006\/dortmundin_yliopisto1.jpg\" \/><\/a><\/p>\n<p style=\"text-align: center;\"><em>Dortmundin yliopistolla<\/em><\/p>\n<p style=\"text-align: justify;\">Koska olimme jo suorittaneet vaadittavat opinnot Suomessa ennen vaihtoon l\u00e4ht\u00f6\u00e4, ei meill\u00e4 ollut velvoitetta suorittaa tietotekniikan opintoja vaihtomme aikana. T\u00e4m\u00e4 aiheutti kummastusta muissa vaihtareissa, mutta mahdollisti meid\u00e4n panostaa kaikki aikamme kielikursseihin. N\u00e4pp\u00e4r\u00e4sti valitsimme kurssit niin, ett\u00e4 meill\u00e4 oli opintoja vain tiistaista torstaihin ja siten joka viikko nelip\u00e4iv\u00e4inen viikonloppu. Kyseess\u00e4 oli todellinen <em>win-win <\/em>tilanne, jota olemme muistelleet sittemmin kaiholla!<\/p>\n<p style=\"text-align: justify;\">Emme kuitenkaan v\u00e4tystelleet opintojemme kanssa, vaan saimme vaihtomme aikana kasaan ison m\u00e4\u00e4r\u00e4n opintoviikkoja, jotka luettiin kaikki hyv\u00e4ksi tutkintoomme. Pitk\u00e4n viikonlopun johdosta ehdimme kuitenkin kestitt\u00e4m\u00e4\u00e4n my\u00f6s lukuisia Suomen vieraita sek\u00e4 <a title=\"Ensimm\u00e4ist\u00e4 kertaa K\u00f6lniss\u00e4\" href=\"https:\/\/www.vuosiamaailmalla.fi\/blog\/2006\/ensimmaista-kertaa-kolnissa\/\">matkustelemaan<\/a> <a title=\"P\u00e4iv\u00e4 D\u00fcsseldorfissa\" href=\"https:\/\/www.vuosiamaailmalla.fi\/blog\/2006\/paiva-dusseldorfissa\/\">runsaasti<\/a> Dortmundin <a title=\"Yliopistokaupunki M\u00fcnster\" href=\"https:\/\/www.vuosiamaailmalla.fi\/blog\/2006\/yliopistokaupunki-munster\/\">l\u00e4hialueilla<\/a>. Teimme syksyn aikana jopa mittavan L\u00e4nsi-Euroopan interrailin halki per\u00e4ti kuuden maan!<\/p>\n<p style=\"text-align: justify;\">Joulun l\u00e4hestyminen sai meid\u00e4t kuitenkin mietteli\u00e4\u00e4ksi, sill\u00e4 alun perin pitk\u00e4ksi ajateltu 3,5 kuukauden jakso olikin mennyt hujauksessa. Meille my\u00f6s selvisi, ett\u00e4 emme saisi osasta kursseistamme merkint\u00f6j\u00e4, sill\u00e4 ne jatkuisivat vuodenvaihteen ylitse helmikuulle ylt\u00e4v\u00e4n lukukauden loppuun saakka. T\u00e4st\u00e4 viisastuneena p\u00e4\u00e4timme jatkaa vaihtoaikaamme helmikuun loppuun, mik\u00e4 j\u00e4rjestyi helposti.<\/p>\n<p style=\"text-align: justify;\">Helmikuu saapui kuitenkin nopeasti sekin ja vaihto-opiskeluaika oli tulossa p\u00e4\u00e4t\u00f6kseen. Aloimmekin mietti\u00e4 mahdollisuutta suorittaa my\u00f6s mainitsemani tutkintoomme kuuluva ty\u00f6harjoittelu Saksassa. L\u00e4hetimme runsaasti ty\u00f6hakemuksia ja k\u00e4vimme muutamissa haastatteluissa, kunnes saimme lopulta melkein samoihin aikoihin harjoittelupaikat <a title=\"P\u00e4iv\u00e4matka Bochumin kaivosmuseoon\" href=\"https:\/\/www.vuosiamaailmalla.fi\/blog\/2006\/paivamatka-bochumin-kaivosmuseoon\/\">naapurikaupunki Bochumissa<\/a> sijaitsevalta <em>Nokian<\/em> tuotekehityskeskukselta. Harjoitteluun j\u00e4\u00e4minen vaati, ett\u00e4 meid\u00e4n piti muuttaa Dortmundissa <a title=\"Simppeli\u00e4 opiskelijael\u00e4m\u00e4\u00e4\" href=\"https:\/\/www.vuosiamaailmalla.fi\/blog\/2007\/simppelia-opiskelijaelamaa\/\">uuteen asuntoon<\/a>, jonka l\u00f6ysimme l\u00e4hist\u00f6lt\u00e4 er\u00e4\u00e4n toisen naisen l\u00e4htiess\u00e4 Espanjaan vaihtoon.<\/p>\n<p style=\"text-align: center;\"><a href=\"\/blog\/wp-content\/uploads\/2007\/essenerstrassen_asunto3.jpg\"><img decoding=\"async\" style=\"border: 0px none; margin: 5px;\" src=\"\/blog\/wp-content\/uploads\/2007\/essenerstrassen_asunto3.jpg\" \/><\/a><\/p>\n<p style=\"text-align: center;\"><em>Toinen Dortmundin osoitteemme<\/em><\/p>\n<p style=\"text-align: justify;\">Harjoittelu Nokian leiviss\u00e4 oli mielenkiintoisaa aikaa, sill\u00e4 yritys eli tuolloin huippuvuosiaan. Bochumissa ty\u00f6skenteli yli 3000 ihmist\u00e4, joista suurin osa samassa yhteydess\u00e4 sijaitsevalla matkapuhelintehtaalla. Saamamme ty\u00f6kokemus oli pian valmistuvalle opiskelijalle kullanarvoista ja tapasimme monia suomalaisia, joista er\u00e4s Vancouverin toimistolta. T\u00e4m\u00e4 oli ensimm\u00e4inen kerta kun kuulin koko kaupungista ja jokin siin\u00e4 j\u00e4i mieleeni&#8230;<\/p>\n<p style=\"text-align: center;\"><a href=\"\/blog\/wp-content\/uploads\/2007\/nokia_bochum.jpg\"><img decoding=\"async\" style=\"border: 0px none; margin: 5px;\" src=\"\/blog\/wp-content\/uploads\/2007\/nokia_bochum.jpg\" \/><\/a><\/p>\n<p style=\"text-align: center;\"><em>Ty\u00f6harjoittelu suoritettiin Bochumin Nokialla<\/em><\/p>\n<p style=\"text-align: justify;\">Puolen vuoden harjoittelu l\u00e4heni loppuaan ja meille oli tulossa t\u00e4yteen vuosi Saksassa. Matkamme oli ven\u00e4ht\u00e4nyt jo kolme kertaa aiottua pidemm\u00e4ksi, mutta viihdyimme hyvin ja olimme juuri p\u00e4\u00e4sseet kiinni ty\u00f6el\u00e4m\u00e4st\u00e4. Niinp\u00e4 halusimmekin tutkia mahdollisuutta t\u00f6iden jatkamisesta, mutta valitettavasti Bochumissa ei palkattu tuolloin ket\u00e4\u00e4n. Syykin paljastui my\u00f6hemmin syksyll\u00e4 2007, kun Nokia siirsi tehtaan tuotannon Unkariin, saksalaisten suuresta vastustuksesta huolimatta.<\/p>\n<p style=\"text-align: justify;\">Saimme kuitenkin vihi\u00e4 Berliiniin vastik\u00e4\u00e4n avautuneesta Nokian uudesta tuotekehityskeskuksesta, jonne oli avautunut uusia ty\u00f6paikkoja. Ajatus Berliinist\u00e4 tuntui aluksi puistattavalta, sill\u00e4 mielikuvissamme <a title=\"Autoretki It\u00e4-Brandenburgissa\" href=\"https:\/\/www.vuosiamaailmalla.fi\/blog\/2011\/autoretki-ita-brandenburgissa\/\">It\u00e4-Saksa<\/a> oli ankeaa ja mik\u00e4 pahinta, Berliini huomattavasti l\u00e4hemp\u00e4n\u00e4 Suomea. Niin hassulta kuin se nyt tuntuukin, ajattelin ett\u00e4 muutto Berliiniin olisi puoliksi sama kuin palaisi Suomeen!<\/p>\n<p style=\"text-align: justify;\">Saimme kuitenkin haastattelukutsut Berliiniin samaan ty\u00f6paikkaan ja k\u00e4vimme loppukes\u00e4st\u00e4 kaupungissa vierailulla. Suurkaupunki teki meihin suuren vaikutuksen ja iloiseksi yll\u00e4tykseksi Nokia halusi palkata meid\u00e4t molemmat vakituisiin ty\u00f6paikkoihin uudelle toimistolle! Ty\u00f6sopimukset allekirjoitettuamme matkasimme Berliiniin viel\u00e4 toisen kerran etsim\u00e4\u00e4n asuntoa ja onnistuimme l\u00f6yt\u00e4m\u00e4\u00e4n ihanan pienen kattohuoneiston. P\u00e4\u00e4t\u00f6s ei lopulta aiheuttanutkaan p\u00e4\u00e4nvaivaa ja elokuun lopussa ajoimme pienen muuttokuormamme yhden y\u00f6n aikana halki Saksan.<\/p>\n<p style=\"text-align: center;\"><a href=\"\/blog\/wp-content\/uploads\/2011\/parveke_panoraama.jpg\"><img decoding=\"async\" style=\"border: 0px none; margin: 5px;\" src=\"\/blog\/wp-content\/uploads\/2011\/parveke_panoraama_pieni.jpg\" \/><\/a><\/p>\n<p style=\"text-align: center;\"><em>Berliinin ajasta tuli upea<\/em><\/p>\n<p style=\"text-align: justify;\"><strong>NELJ\u00c4 UPEAA VUOTTA BERLIINISS\u00c4<\/strong><\/p>\n<p style=\"text-align: justify;\">Emme tienneet sit\u00e4 viel\u00e4 tuolloin, mutta seuraavat nelj\u00e4 vuotta tulisivat olemaan upeat. Meill\u00e4 oli nimitt\u00e4in ihana asunto ja eritt\u00e4in hyv\u00e4t ensimm\u00e4iset ty\u00f6paikkamme. Liityimme Nokiaan my\u00f6s juuri <a title=\"P\u00e4ivitt\u00e4isi\u00e4 maanj\u00e4ristyksi\u00e4 entisell\u00e4 hehkulampputehtaalla\" href=\"https:\/\/www.vuosiamaailmalla.fi\/blog\/2010\/paivittaisia-maanjaristyksia-entisella-hehkulampputehtaalla\/\">Berliinin toimiston<\/a> kukoistuksen alkuvaiheessa ja tulevien vuosien aikana ty\u00f6ntekij\u00e4m\u00e4\u00e4r\u00e4 kasvoi alle sadasta yli 800:aan. Tarjolla oli siis huikea m\u00e4\u00e4r\u00e4 mahdollisuuksia sek\u00e4 oppimista uudesta teknologiasta, jota kymmenet miljoonat ihmiset tulisivat k\u00e4ytt\u00e4m\u00e4\u00e4n. Vastavalmistuneen n\u00e4k\u00f6kulmasta tilaisuus oli uskomaton!<\/p>\n<p style=\"text-align: center;\"><a href=\"\/blog\/wp-content\/uploads\/2010\/ovi_maps_graffitti.jpg\"><img decoding=\"async\" style=\"border: 0px none; margin: 5px;\" src=\"\/blog\/wp-content\/uploads\/2010\/ovi_maps_graffitti.jpg\" \/><\/a><\/p>\n<p style=\"text-align: center;\"><em>Berliinin ty\u00f6 tarjosi kiintoisia haasteita<\/em><\/p>\n<p style=\"text-align: justify;\">Nokia olikin erinomainen ty\u00f6nantaja ja sek\u00e4 <a title=\"Verotus Saksassa\" href=\"https:\/\/www.vuosiamaailmalla.fi\/blog\/2013\/verotus-saksassa\/\">palkka<\/a> ett\u00e4 lomaedut olivat Saksassa kohdallaan. Vuosiloman pituus oli Berliiniss\u00e4 kuusi viikkoa, jonka p\u00e4\u00e4lle sai viel\u00e4 yleens\u00e4 palkatonta lomaa ja niinp\u00e4 <a title=\"Nousevan auringon Tokio\" href=\"https:\/\/www.vuosiamaailmalla.fi\/blog\/2010\/nousevan-auringon-tokio\/\">matkustelimmekin runsaasti<\/a> <a title=\"Uskomaton Dubai\" href=\"https:\/\/www.vuosiamaailmalla.fi\/blog\/2011\/uskomaton-dubai\/\">pitkin maailmaa<\/a>. Ty\u00f6matkojakin kertyi jonkin verran, varsinkin Niinalla, mutta k\u00e4vin sit\u00e4 min\u00e4kin niinkin eksoottisissa paikoissa kuin Oulu ja Espoo.<\/p>\n<p style=\"text-align: justify;\">Nokialla saimme my\u00f6s kymmeni\u00e4 hyvi\u00e4 yst\u00e4vi\u00e4, joiden kanssa tulee oltua yhteydess\u00e4 viel\u00e4 nyky\u00e4\u00e4nkin. Meill\u00e4 oli my\u00f6s suomalaisten muodostama l\u00e4heinen yst\u00e4v\u00e4piiri, jonka kesken <a title=\"Brasil-Brasileiro\" href=\"https:\/\/www.vuosiamaailmalla.fi\/blog\/2011\/brasil-brasileiro\/\">teimme<\/a> <a title=\"Laskettelureissu Alpeille\" href=\"https:\/\/www.vuosiamaailmalla.fi\/blog\/2011\/laskettelureissu-alpeille\/\">kaikenlaista<\/a> ja joita tapaamme edelleen aika ajoin.<\/p>\n<p style=\"text-align: justify;\">Kev\u00e4ttalvella 2009 koitti t\u00e4rke\u00e4 hetki el\u00e4m\u00e4ss\u00e4mme, kun menimme Niinan kanssa naimisiin seitsem\u00e4n vuotta tapaamisemme j\u00e4lkeen. Hieman erilaisia <a title=\"Ortodoksiset talvih\u00e4\u00e4mme\" href=\"https:\/\/www.vuosiamaailmalla.fi\/blog\/2009\/ortodoksiset-talvihaamme\/\">ortodoksisia h\u00e4it\u00e4mme<\/a> vietettiin kauniin talvip\u00e4iv\u00e4n keskell\u00e4 It\u00e4-Suomessa lukuisten sukulaisten ja yst\u00e4vien kesken. H\u00e4\u00e4matkalle suuntasimme vasta seuraavana syksyn\u00e4, kun matkasimme yli kuukaudeksi tutkimaan <a title=\"H\u00e4\u00e4matka toiselle puolen maapalloa\" href=\"https:\/\/www.vuosiamaailmalla.fi\/blog\/2009\/haamatka-toiselle-puolen-maapalloa\/\">Australiaa ja Uutta-Seelantia<\/a>.<\/p>\n<p style=\"text-align: center;\"><a href=\"\/blog\/wp-content\/uploads\/2009\/kruunattuina_jesajan_karkeloissa.jpg\"><img decoding=\"async\" style=\"border: 0px none; margin: 5px;\" src=\"\/blog\/wp-content\/uploads\/2009\/kruunattuina_jesajan_karkeloissa.jpg\" \/><\/a><\/p>\n<p style=\"text-align: center;\"><em>Naimisiin kauniina talvip\u00e4iv\u00e4n\u00e4<\/em><\/p>\n<p style=\"text-align: center;\"><a href=\"\/blog\/wp-content\/uploads\/2009\/poseeraus_milsons_pointissa.jpg\"><img decoding=\"async\" style=\"border: 0px none; margin: 5px;\" src=\"\/blog\/wp-content\/uploads\/2009\/poseeraus_milsons_pointissa.jpg\" \/><\/a><\/p>\n<p style=\"text-align: center;\"><em>H\u00e4\u00e4matkalla maapallon toisella puolella<\/em><\/p>\n<p style=\"text-align: justify;\">El\u00e4m\u00e4mme Saksassa olikin hyv\u00e4\u00e4 ja vaikka Nokian vaikeudet lis\u00e4\u00e4ntyiv\u00e4tkin, eiv\u00e4t ne koskettaneet koskaan Berliinin alati kasvavaa toimistoa. Vuonna 2011 aloimme kuitenkin mietti\u00e4 seuraavaa askelta el\u00e4m\u00e4ss\u00e4mme. J\u00e4\u00e4d\u00e4k\u00f6 Berliiniin pysyv\u00e4mmin vai mit\u00e4 tehd\u00e4? Omassa mieless\u00e4ni oli hautunut jo useamman vuoden ajan ajatus vuonna 2007 ensimm\u00e4isen kerran ajatuksiini tulleesta Vancouverista, joka kuulosti niin mahtavalta. Nokialla oli kaupungissa toimisto, johon olimme yhteydess\u00e4 ty\u00f6mme kautta aina aika ajoin, joten asia muistutti itsest\u00e4\u00e4n tasaisesti ja ajatus siit\u00e4 kasvoi entisest\u00e4\u00e4n&#8230;<\/p>\n<p style=\"text-align: justify;\"><strong>AJATUS VANCOUVERISTA TODEKSI<\/strong><\/p>\n<p style=\"text-align: justify;\">Vancouverin toimisto oli kokenut Nokian aikana monia yl\u00e4- ja alam\u00e4ki\u00e4, mutta vuoden 2011 lopulla n\u00e4ytti, ett\u00e4 alkamassa oli uusi nousu, kun toimistolle avautui lyhyess\u00e4 ajassa suuri m\u00e4\u00e4r\u00e4 uusia ty\u00f6paikkoja. Ajattelin, ett\u00e4 se olisi nyt jos koskaan ja p\u00e4\u00e4tin kokeilla kepill\u00e4 j\u00e4\u00e4t\u00e4 l\u00e4hett\u00e4m\u00e4ll\u00e4 hakemuksen er\u00e4\u00e4seen ty\u00f6paikkaan. Muutamien et\u00e4n\u00e4 tehtyjen haastattelujen per\u00e4st\u00e4 sainkin kuulla tarjouksesta liitty\u00e4 tiimiin!<\/p>\n<p style=\"text-align: justify;\">Emme olleet kertoneet Vancouverin haaveistamme koskaan aiemmin, joten kun kerroimme tutuillemme <a title=\"Seuraava kotimme on Vancouver!!\" href=\"https:\/\/www.vuosiamaailmalla.fi\/blog\/2011\/seuraava-kotimme-vancouver-kanada\/\">muuttavamme Vancouveriin<\/a>, oli tieto kaikkialla suuri yll\u00e4tys. Ihmiset olivat jo tottuneet ajatukseen Saksasta, mutta Kanada kuulosti monista kovin kaukaiselta. Asian sulattelussa menikin oman aikansa, mutta me olimme eritt\u00e4in innoissamme tulevasta. Minulle tarjoutui syksyll\u00e4 my\u00f6s tilaisuus <a title=\"Ensivaikutelma Vancouverista\" href=\"https:\/\/www.vuosiamaailmalla.fi\/blog\/2011\/ensivaikutelma-vancouverista\/\">vierailla kaupungissa<\/a> ensimm\u00e4ist\u00e4 kertaa ja synk\u00e4st\u00e4 vuodenajasta huolimatta pidin paljon n\u00e4kem\u00e4st\u00e4ni.<\/p>\n<p style=\"text-align: justify;\">Niinp\u00e4 j\u00e4timme turvalliset ja hyv\u00e4t ty\u00f6paikkamme Saksassa ja l\u00e4hdimme kev\u00e4\u00e4ll\u00e4 2012 uuteen seikkailuun <a title=\"Ensimm\u00e4inen viikko uudella mantereella\" href=\"https:\/\/www.vuosiamaailmalla.fi\/blog\/2012\/ensimmainen-viikko-uudella-mantereella\/\">uudelle mantereelle<\/a>. L\u00e4ht\u00f6 Saksasta oli <a title=\"Viimeinen ty\u00f6p\u00e4iv\u00e4 ja Saksasta l\u00e4hd\u00f6n haikeus\" href=\"https:\/\/www.vuosiamaailmalla.fi\/blog\/2012\/viimeinen-tyopaiva-ja-saksasta-lahdon-haikeus\/\">haikea hetki<\/a>, mutta Kanadassa meit\u00e4 houkuttelivat kaunis luonto sek\u00e4 uskomattomat ulkoilumahdollisuudet, joita onkin tullut hy\u00f6dynnetty\u00e4 sittemmin eritt\u00e4in runsaasti. Emme tienneet kaupungista juuri mit\u00e4\u00e4n ennen t\u00e4nne muuttoa, mutta onneksi <a title=\"Maailman paras asuinkaupunki\" href=\"https:\/\/www.vuosiamaailmalla.fi\/blog\/2014\/maailman-paras-asuinkaupunki\/\">kaikki lukemamme<\/a> piti kutakuinkin paikkansa, eik\u00e4 p\u00e4\u00e4t\u00f6s ole kaduttanut hetke\u00e4k\u00e4\u00e4n.<\/p>\n<p style=\"text-align: center;\"><a href=\"\/blog\/wp-content\/uploads\/2014\/second_peak_panoraama.jpg\"><img decoding=\"async\" style=\"border: 0px none; margin: 5px;\" src=\"\/blog\/wp-content\/uploads\/2014\/second_peak_panoraama_pieni.jpg\" \/><\/a><\/p>\n<p style=\"text-align: center;\"><em>T\u00e4t\u00e4 Vancouveriin tultiin etsim\u00e4\u00e4n<\/em><\/p>\n<p style=\"text-align: justify;\">Uusi el\u00e4m\u00e4 Vancouverissa l\u00e4htikin hyvin liikkeelle ja suuri ep\u00e4varmuus poistui kun my\u00f6s Niinan onnistui saada t\u00f6it\u00e4 pian <a title=\"Sinkkuel\u00e4m\u00e4n loppu\" href=\"https:\/\/www.vuosiamaailmalla.fi\/blog\/2012\/sinkkuelaman-loppu\/\">Vancouveriin saavuttuaan<\/a>. Hassusti ty\u00f6t\u00e4 l\u00f6ytyi j\u00e4lleen kerran samaiselta Nokian toimistolta ja uudet haasteet l\u00e4htiv\u00e4t k\u00e4yntiin. <a title=\"Asunnonmets\u00e4styst\u00e4 Vancouverissa\" href=\"https:\/\/www.vuosiamaailmalla.fi\/blog\/2012\/asunnonmetsastysta-vancouverissa\/\">Pitk\u00e4n hakemisen<\/a> j\u00e4lkeen l\u00f6ysimme my\u00f6s aivan mielett\u00f6m\u00e4n asunnon korkealta kaupungin yl\u00e4puolelta, jota emme voineet mill\u00e4\u00e4n uskoa uudeksi kodiksemme. El\u00e4m\u00e4 siis hymyili ja aurinko paistoi kauniisti aina <a title=\"Viimeisill\u00e4 Nokian kes\u00e4juhlilla\" href=\"https:\/\/www.vuosiamaailmalla.fi\/blog\/2012\/viimeisilla-nokian-kesajuhlilla\/\">kes\u00e4kuun puoliv\u00e4liin saakka<\/a>&#8230;<\/p>\n<p style=\"text-align: justify;\">Kes\u00e4kuun 14. p\u00e4iv\u00e4 2012 on toinen p\u00e4iv\u00e4m\u00e4\u00e4r\u00e4 jonka muistamme aina, sill\u00e4 tuona p\u00e4iv\u00e4n\u00e4 kaikelta putosi pohja alta. Her\u00e4simme aamulla lukemaan uutiset, ett\u00e4 Nokia irtisanoo per\u00e4ti kymmenentuhatta ihmist\u00e4 ja sulkee samalla useita toimistoja, mukana my\u00f6s Vancouver. T\u00e4ysin odottamaton tieto l\u00f6i meid\u00e4t \u00e4llik\u00e4lt\u00e4, sill\u00e4 Nokian vaikeuksista huolimatta emme uskoneet <a title=\"Yhden aikakauden p\u00e4\u00e4t\u00f6s ja uuden alku\" href=\"https:\/\/www.vuosiamaailmalla.fi\/blog\/2013\/yhden-aikakauden-paatos-ja-uuden-alku\/\">Vancouverin toimiston lakkautukseen<\/a>, sill\u00e4 t\u00e4nne oli juuri palkattu kuutisenkymment\u00e4 (!) uutta ty\u00f6ntekij\u00e4\u00e4. Mieli olikin apea tiedostustilaisuuteen saavuttaessa, sill\u00e4 tulevaisuutemme sek\u00e4 uusi el\u00e4m\u00e4mme Kanadassa olivat yht\u00e4kki\u00e4 t\u00e4ydellisen ep\u00e4varmuuden varassa.<\/p>\n<p style=\"text-align: center;\"><a href=\"\/blog\/wp-content\/uploads\/2012\/nokia_vancouver.jpg\"><img decoding=\"async\" style=\"border: 0px none; margin: 5px;\" src=\"\/blog\/wp-content\/uploads\/2012\/nokia_vancouver.jpg\" \/><\/a><\/p>\n<p style=\"text-align: center;\"><em>J\u00e4rkytt\u00e4v\u00e4t uutiset heti aamutuimaan<\/em><\/p>\n<p style=\"text-align: justify;\">Onneksi Nokia hoiti irtisanomiset hitaasti ja meill\u00e4 oli melkein puoli vuotta aikaa l\u00f6yt\u00e4\u00e4 uusia t\u00f6it\u00e4. Haasteena olisi kuitenkin uusien ty\u00f6lupien saaminen, joka ei ole <a title=\"Ikuisuusprosessi kanadalaisesta ty\u00f6luvasta\" href=\"https:\/\/www.vuosiamaailmalla.fi\/blog\/2012\/ikuisuusprosessi-kanadalaisesta-tyoluvasta\/\">aivan simppeli\u00e4<\/a>. Meille tarjoutui mahdollisuus muuttaa Nokian per\u00e4ss\u00e4 <a title=\"Ty\u00f6matka Bostoniin\" href=\"https:\/\/www.vuosiamaailmalla.fi\/blog\/2012\/viikko-bostonissa\/\">Bostonissa<\/a> sijaitsevalle toimistolle, mutta ajatus Amerikkaan muutosta ei houkuttanut meit\u00e4, mutta tilanne pakotti miettim\u00e4\u00e4n sit\u00e4kin vaihtoehtoa tarkasti. Lopulta p\u00e4\u00e4timme kuitenkin Bostonia vastaan palkasta syntyneen erimielisyyden vuoksi. Kyse oli mit\u00e4tt\u00f6m\u00e4n pienest\u00e4 erosta, mutta olin asettanut rajan Vancouverista l\u00e4hd\u00f6lle tiettyyn summaan, joka j\u00e4i kuitenkin saavuttamatta.<\/p>\n<p style=\"text-align: justify;\">Samoihin aikoihin olimme saaneet vihjeen vancouverilaisesta ty\u00f6paikasta, johon hain ja johon minut my\u00f6s haastateltiin. Minun onnistui antaa samassa yhteydess\u00e4 vihje my\u00f6s Niinan ty\u00f6tilanteesta ja kuin ihmeen kaupalla kaikki palikat loksahtivat paikalleen ja p\u00e4\u00e4dyimme molemmat saamaan ty\u00f6paikat samasta firmasta \u2013 j\u00e4lleen kerran! Niina p\u00e4\u00e4si aloittamaan ty\u00f6ss\u00e4\u00e4n syyskuussa 2012 ja min\u00e4 aloitin pari kuukautta my\u00f6hemmin, eik\u00e4 kumpikaan meist\u00e4 joutunut lopulta olemaan <a title=\"Ty\u00f6tt\u00f6myysturva Kanadassa\" href=\"https:\/\/www.vuosiamaailmalla.fi\/blog\/2016\/tyottomyysturva-kanadassa\/\">ty\u00f6tt\u00f6m\u00e4n\u00e4<\/a> p\u00e4iv\u00e4\u00e4k\u00e4\u00e4n. Saimme my\u00f6s lupa-asiat selvi\u00e4m\u00e4\u00e4n ja kes\u00e4ll\u00e4 2013 saimme uuden ty\u00f6nantajamme sponsoroimana <a title=\"Kanadan pysyv\u00e4t asukkaat\" href=\"https:\/\/www.vuosiamaailmalla.fi\/blog\/2013\/kanadan-pysyvat-asukkaat\/\">pysyv\u00e4t asumisluvat<\/a>, joiden turvin voimme nyt jatkossa asua ja ty\u00f6skennell\u00e4 Kanadassa niin kauan kuin haluamme.<\/p>\n<p style=\"text-align: justify;\">Niin vaan asiat j\u00e4rjestyiv\u00e4t j\u00e4lleen kerran ja pari seuraavaa vuotta meniv\u00e4t mukavasti Vancouveriin hiljalleen juurtuen. Tulossa olisi kuitenkin lis\u00e4\u00e4 k\u00e4\u00e4nteit\u00e4 ja muutosten vuonna 2015, jolloin niin ty\u00f6- kuin asumiskuviomme menisiv\u00e4t j\u00e4lleen kerran uusiksi.<\/p>\n<p style=\"text-align: justify;\">Ensimm\u00e4iset tummat pilvet ker\u00e4\u00e4ntyiv\u00e4t taivaalle heti kev\u00e4\u00e4ll\u00e4, kun jouduimme <a title=\"V\u00e4liaikaista asumista\" href=\"https:\/\/www.vuosiamaailmalla.fi\/blog\/2015\/valiaikaista-asumista\/\">ahneen vuokranantajan<\/a> ajamana muuttamaan pois kolme vuotta asuttamastamme upeasta pilvenpiirt\u00e4j\u00e4asunnosta. Koska emme l\u00f6yt\u00e4neet <a title=\"Uutta asuntoa etsim\u00e4ss\u00e4 (osa1)\" href=\"https:\/\/www.vuosiamaailmalla.fi\/blog\/2015\/uutta-asuntoa-etsimassa-osa1\/\">uutta asuntoa<\/a> m\u00e4\u00e4r\u00e4aikaan menness\u00e4, jouduimme pakkaamaan huonekalumme varastoon ja muuttamaan v\u00e4liaikaiseen asuntoon.<\/p>\n<p style=\"text-align: center;\"><a href=\"\/blog\/wp-content\/uploads\/2015\/max_vuoret.jpg\"><img decoding=\"async\" style=\"border: 0px none; margin: 5px;\" src=\"\/blog\/wp-content\/uploads\/2015\/max_vuoret.jpg\" \/><\/a><\/p>\n<p style=\"text-align: center;\"><em>V\u00e4liaikaista asumista sapatin ylitse<\/em><\/p>\n<p style=\"text-align: justify;\">Samoihin aikoihin min\u00e4 p\u00e4\u00e4tin l\u00e4hte\u00e4 ty\u00f6paikastani ja j\u00e4\u00e4d\u00e4<a title=\"Sapatin loppu\" href=\"https:\/\/www.vuosiamaailmalla.fi\/blog\/2016\/sapatin-loppu\/\"> m\u00e4\u00e4ritt\u00e4m\u00e4tt\u00f6m\u00e4n pituiselle sapatille<\/a>. Vuosi 2015 olikin niin rentouttava kuin my\u00f6s hermostuttava, mutta p\u00e4\u00e4ttyi monta kokemusta rikkaampana kun palasin seuraavana kev\u00e4\u00e4n\u00e4 t\u00f6ihin. T\u00e4sm\u00e4lleen samoihin aikoihin l\u00f6ysimme my\u00f6s uuden ja v\u00e4hint\u00e4\u00e4nkin yht\u00e4 hulppean asunnon, jossa olemme asuneet asuneet t\u00e4t\u00e4 kirjoittaessani nyt nelj\u00e4 kuukautta, tuoden tarinamme t\u00e4h\u00e4n p\u00e4iv\u00e4\u00e4n.<\/p>\n<p style=\"text-align: justify;\"><strong>KYMMENEN VUODEN SEIKKAILU<\/strong><\/p>\n<p style=\"text-align: justify;\">Kuten kertomastani voi todeta, on viimeiseen kymmeneen vuoteen mahtunut jos jonkinlaista k\u00e4\u00e4nnett\u00e4. Olemme asuneet yhteens\u00e4 <strong>seitsem\u00e4ss\u00e4<\/strong> eri asunnossa, nelj\u00e4ll\u00e4 eri paikkakunnalla ja kahdessa eri maassa, sek\u00e4 ty\u00f6skennelleet useassa roolissa kolmessa eri yrityksess\u00e4. Saksassa ehdimme asua yhteens\u00e4 <a title=\"Viisi vuotta Saksassa\" href=\"https:\/\/www.vuosiamaailmalla.fi\/blog\/2011\/viisi-vuotta-saksassa\/\">viisi ja puoli vuotta<\/a>, mik\u00e4 j\u00e4tti eritt\u00e4in hyv\u00e4t muistot ja Berliinist\u00e4 l\u00e4ht\u00f6 oli todella haikea hetki. Kuitenkin Vancouver ja Kanada ovat osoittautuneet aivan mahtaviksi paikoiksi el\u00e4\u00e4 ja hiljalleen l\u00e4hestymme jo mahdollista <a title=\"Uunituoreet Kanadan kansalaiset\" href=\"https:\/\/www.vuosiamaailmalla.fi\/blog\/2019\/uunituoreet-kanadan-kansalaiset\/\">Kanadan kansalaisuutta<\/a>, mik\u00e4 on <a title=\"Hakemus Kanadan kansalaisuudesta\" href=\"https:\/\/www.vuosiamaailmalla.fi\/blog\/2018\/hakemus-kanadan-kansalaisuudesta\/\">kiintoisa mahdollisuus<\/a>.<\/p>\n<p style=\"text-align: justify;\">Seikkailuumme on sis\u00e4ltynyt niin ilon kuin surunkin hetki\u00e4, mutta aina se on opettanut ett\u00e4 kaikkein vaikeimmistakin tilanteista selvi\u00e4\u00e4 lopulta ja erilaisista haaveista voi tulla totta jos niiden eteen on vain halukas n\u00e4kem\u00e4\u00e4n tarpeeksi vaivaa. Oikeastaan kaikki tekem\u00e4mme ja kokemamme on ollut mahdollista ihan vain perusteellisen suunnitelmallisuuden sek\u00e4 pitk\u00e4j\u00e4nteisyyden kautta, jolla olemme aina pyrkineet kohti jotain tietty\u00e4 lopputulosta. Vaikka matkalle onkin mahtunut yll\u00e4tyksi\u00e4 ja takapakkia suunnitelmissa, on kaikesta kuitenkin selvitty ja lopputulema on ollut aina jopa aiempaa parempi.<\/p>\n<p style=\"text-align: justify;\">Mutta mit\u00e4 olisi tapahtunut jos olisimme j\u00e4\u00e4neet Berliiniin tai l\u00e4hteneet Nokian mukana Bostoniin? Valitettavasti Nokian alam\u00e4ki sek\u00e4 irtisanomiset saavuttivat lopulta my\u00f6s Berliinin ja viime vuonna Nokia lopulta myi sik\u00e4l\u00e4iset toiminnot saksalaisille autovalmistajille. Ty\u00f6mme Berliiniss\u00e4 voisivat siten jatkua viel\u00e4 t\u00e4n\u00e4\u00e4nkin, mutta itse kaupunki on kokenut viime aikoina <a title=\"Kartta Berliinin vuokramarkkinoista\" href=\"https:\/\/www.vuosiamaailmalla.fi\/blog\/2016\/kartta-berliinin-vuokramarkkinoista\/\">melkoisesti muutoksia<\/a>, eik\u00e4 liene en\u00e4\u00e4 sama paikka edellinen kaupunki jonka aiemmin tunsimme.<\/p>\n<p style=\"text-align: justify;\">Bostoninkaan reissu ei olisi lopulta kannattanut, sill\u00e4 sinne muuttanut tiimi p\u00e4\u00e4tyi v\u00e4h\u00e4n ajan p\u00e4\u00e4st\u00e4 <em>Microsoftille<\/em> ja tuli pian sen j\u00e4lkeen alas ajetuksi. Amerikassa ty\u00f6lupien saaminen on jopa Kanadaan vaikeampaa, joten on todenn\u00e4k\u00f6ist\u00e4 ett\u00e4 meid\u00e4n olisi pit\u00e4nyt palata irtisanomisten j\u00e4lkeen joko Eurooppaan tai jopa Suomeen.<\/p>\n<p style=\"text-align: justify;\">Mihin seikkailumme sitten jatkuu t\u00e4st\u00e4? Sit\u00e4 on vaikea sanoa, vaikka alkaakin n\u00e4ytt\u00e4m\u00e4\u00e4n sangen selv\u00e4lt\u00e4, ett\u00e4 olemme <a title=\"El\u00e4m\u00e4nt\u00e4yteiset 10 vuotta Kanadassa\" href=\"https:\/\/www.vuosiamaailmalla.fi\/blog\/2022\/elamantayteiset-10-vuotta-kanadassa\/\">j\u00e4\u00e4m\u00e4ss\u00e4 t\u00e4lle tielle<\/a> ja paluu Suomeen tuntuu kovin kaukaiselta. Kymmenen vuotta on pitk\u00e4 aika ja melkein kolmasosa koko el\u00e4m\u00e4st\u00e4mme! T\u00e4t\u00e4 taustaa vasten olemmekin alkaneet hiljalleen ymm\u00e4rt\u00e4m\u00e4\u00e4n, miten ulkomaille l\u00e4hteneet ihmiset kasvavat hiljalleen erilleen kotimaastaan ja sulautuvat osaksi uutta ymp\u00e4rist\u00f6\u00e4\u00e4n. Suhde Suomeen heikkenee mit\u00e4 kauempana ollaan ja vaikka Berliinist\u00e4 pystyikin vierailemaan Suomessa kuukausittain, onnistuu se Vancouverista k\u00e4sin ainoastaan kerran vuodessa.<\/p>\n<p style=\"text-align: justify;\">Tulevia vuosia on vaikea ennustaa ja onkin melkein mahdotonta aavistaa mist\u00e4 l\u00f6yd\u00e4mme itsemme kymmenen vuoden p\u00e4\u00e4st\u00e4, elokuun 31. p\u00e4iv\u00e4 vuonna 2026. Liek\u00f6 tuolloin olemassa en\u00e4\u00e4 edes t\u00e4t\u00e4 blogia, en tied\u00e4, mutta jos t\u00e4t\u00e4 viel\u00e4 tuolloin kirjoittelen, tulen varmasti palaamaan asiaan.<\/p>\n<p style=\"text-align: justify;\">Jos seikkailustamme on jotain oppinut, on se ett\u00e4 haaveita ei saa koskaan toteutettua jollei ota riskej\u00e4 ja l\u00e4hde aktiivisesti suunnittelemaan sinne p\u00e4\u00e4sy\u00e4. Toivottavasti blogini toimiikin samanlaisia ajatuksia omaavien innoittajana sek\u00e4 ulkomailla el\u00e4misen todellista arkea sek\u00e4 arkista el\u00e4m\u00e4\u00e4 taustoittavana. L\u00e4mmin kiitos kaikille lukijoilleni kiinnostuksestanne ja hyv\u00e4\u00e4 syksy\u00e4!<\/p>\n<p style=\"text-align: justify;\"><em>Klaus &amp; Niina<\/em><\/p>\n<p style=\"text-align: center;\"><a href=\"\/blog\/wp-content\/uploads\/2016\/kymmenen_vuotta_maailmalla.jpg\"><img decoding=\"async\" style=\"border: 0px none; margin: 5px;\" src=\"\/blog\/wp-content\/uploads\/2016\/kymmenen_vuotta_maailmalla.jpg\" \/><\/a><\/p>\n","protected":false},"excerpt":{"rendered":"<p>Elokuun 31. p\u00e4iv\u00e4 2006\u00a0\u2013 p\u00e4iv\u00e4lleen kymmenen vuotta sitten. Se on minulle ja Niinalle merkitt\u00e4v\u00e4 p\u00e4iv\u00e4m\u00e4\u00e4r\u00e4, sill\u00e4 se on hetki jolloin j\u00e4timme Suomen taaksemme ja l\u00e4hdimme maailmalle. Matkaan l\u00e4hdettiin vain kaksi matkalaukkua mukana, ajatuksena palata jouluksi kotiin. Kumpikaan ei olisi voinut tuolloin edes aavistaa, ett\u00e4 matkasta muodostuisikin yli vuosikymmenen mittainen el\u00e4m\u00e4mme seikkailu!<\/p>\n","protected":false},"author":1,"featured_media":8388,"comment_status":"open","ping_status":"open","sticky":false,"template":"","format":"standard","meta":{"_jetpack_memberships_contains_paid_content":false,"footnotes":""},"categories":[17,18,3,4,5,226,252,13,14],"tags":[25,34,932,49,72,92,935,453,190,198,207,254,939],"class_list":["post-8337","post","type-post","status-publish","format-standard","has-post-thumbnail","hentry","category-arki-kanadassa","category-arki-saksassa","category-arki-ulkomailla","category-asuminen-kanadassa","category-asuminen-saksassa","category-blogista","category-opiskelu-saksassa","category-tyoskentely-kanadassa","category-tyoskentely-saksassa","tag-ajankohtaista","tag-arki","tag-asunto","tag-berliini","tag-bochum","tag-dortmund","tag-kanada","tag-nokia","tag-saksa","tag-suomi","tag-tyo","tag-vaihto-opiskelu","tag-vancouver"],"jetpack_featured_media_url":"https:\/\/www.vuosiamaailmalla.fi\/blog\/wp-content\/uploads\/kymmenen_vuotta_maailmalla_banner-2.jpg","jetpack_sharing_enabled":true,"_links":{"self":[{"href":"https:\/\/www.vuosiamaailmalla.fi\/blog\/wp-json\/wp\/v2\/posts\/8337","targetHints":{"allow":["GET"]}}],"collection":[{"href":"https:\/\/www.vuosiamaailmalla.fi\/blog\/wp-json\/wp\/v2\/posts"}],"about":[{"href":"https:\/\/www.vuosiamaailmalla.fi\/blog\/wp-json\/wp\/v2\/types\/post"}],"author":[{"embeddable":true,"href":"https:\/\/www.vuosiamaailmalla.fi\/blog\/wp-json\/wp\/v2\/users\/1"}],"replies":[{"embeddable":true,"href":"https:\/\/www.vuosiamaailmalla.fi\/blog\/wp-json\/wp\/v2\/comments?post=8337"}],"version-history":[{"count":3,"href":"https:\/\/www.vuosiamaailmalla.fi\/blog\/wp-json\/wp\/v2\/posts\/8337\/revisions"}],"predecessor-version":[{"id":13056,"href":"https:\/\/www.vuosiamaailmalla.fi\/blog\/wp-json\/wp\/v2\/posts\/8337\/revisions\/13056"}],"wp:featuredmedia":[{"embeddable":true,"href":"https:\/\/www.vuosiamaailmalla.fi\/blog\/wp-json\/wp\/v2\/media\/8388"}],"wp:attachment":[{"href":"https:\/\/www.vuosiamaailmalla.fi\/blog\/wp-json\/wp\/v2\/media?parent=8337"}],"wp:term":[{"taxonomy":"category","embeddable":true,"href":"https:\/\/www.vuosiamaailmalla.fi\/blog\/wp-json\/wp\/v2\/categories?post=8337"},{"taxonomy":"post_tag","embeddable":true,"href":"https:\/\/www.vuosiamaailmalla.fi\/blog\/wp-json\/wp\/v2\/tags?post=8337"}],"curies":[{"name":"wp","href":"https:\/\/api.w.org\/{rel}","templated":true}]}}