{"id":8358,"date":"2016-09-24T13:10:02","date_gmt":"2016-09-24T20:10:02","guid":{"rendered":"http:\/\/13.53.127.146\/?p=8358"},"modified":"2017-12-13T17:42:06","modified_gmt":"2017-12-14T01:42:06","slug":"heraaminen-pilvien-ylapuolella","status":"publish","type":"post","link":"https:\/\/www.vuosiamaailmalla.fi\/blog\/2016\/heraaminen-pilvien-ylapuolella\/","title":{"rendered":"Her\u00e4\u00e4minen pilvien yl\u00e4puolella"},"content":{"rendered":"<p style=\"text-align: justify;\">Kes\u00e4n kulmalla suorittamamme <a title=\"Muutto Burnabyyn\" href=\"https:\/\/www.vuosiamaailmalla.fi\/?p=8202\">muutto keskustasta Burnabyyn<\/a> oli haikea hetki. Suruamme helpotti kuitenkin\u00a0tieto siit\u00e4, ett\u00e4 uusi asuntomme tulisi olemaan todella ainutlaatuinen ja korkeammalla kuin olisimme edes kuvitelleet viel\u00e4 joskus asuvamme. Hyv\u00e4 esimerkki poikkeuksellisista korkeuksista saatiinkin pian sis\u00e4\u00e4nmuuton j\u00e4lkeen, kun tajusin er\u00e4\u00e4n\u00e4 iltana, ett\u00e4 meilt\u00e4h\u00e4n n\u00e4kyy <a title=\"Mount Rainier omasta ikkunasta\" href=\"https:\/\/www.vuosiamaailmalla.fi\/?p=8215\">aina Seattleen saakka<\/a>\u00a0&#8211;\u00a0yli <strong>280 kilometrin<\/strong> p\u00e4\u00e4h\u00e4n! \ud83d\ude2e<\/p>\n<p><!--more--><\/p>\n<p style=\"text-align: justify;\">Vaihteleva s\u00e4\u00e4kin luo viel\u00e4 oman lis\u00e4ns\u00e4 soppaan ja her\u00e4simmekin t\u00e4ss\u00e4 yksi aamu aivan uskomattomaan aamunkoittoon <em>pilvien yl\u00e4puolella!<\/em>\u00a0Alapuolellamme levitt\u00e4ytyneet \u00f6isen sadepilvet ymp\u00e4r\u00f6iv\u00e4t Metrotownin korkeimpia pilvenpiirt\u00e4ji\u00e4 pilvihattaran sis\u00e4\u00e4n ja n\u00e4ky oli kuin <a title=\"Sumu kietoi Fogcouverin\" href=\"https:\/\/www.vuosiamaailmalla.fi\/?p=9400\">eri maailmasta<\/a>. Vuorten takaa nouseva aurinko viel\u00e4 valaisi pilvimassat upeasti, alkaen hiljalleen pilkkomaan sadepilvi\u00e4.<\/p>\n<p style=\"text-align: center;\"><a href=\"\/blog\/wp-content\/uploads\/2016\/verhottu_metrotown_panoraama1.jpg\"><img decoding=\"async\" style=\"border: 0px none; margin: 5px;\" src=\"\/blog\/wp-content\/uploads\/2016\/verhottu_metrotown_panoraama1_pieni.jpg\" \/><\/a><\/p>\n<p style=\"text-align: center;\"><em>Surrealistinen aamumaisema<\/em><\/p>\n<p style=\"text-align: justify;\">N\u00e4ky oli huikea sek\u00e4 makuuhuoneestamme kohti <a title=\"Kultainen aamunkoitto\" href=\"https:\/\/www.vuosiamaailmalla.fi\/?p=9286\">auringonnousua id\u00e4ss\u00e4<\/a>, kuin my\u00f6skin olohuoneestamme kohti l\u00e4nness\u00e4 sijaitsevaa Vancouverin keskustaa. Osviittaa kuvissa n\u00e4kyvien rakennusten kokoluokasta antaa, ett\u00e4 alapuoleisessa kuvassa pilvien keskelleen verhoama tumma rakennus on muutaman metrin Suomen korkeinta rakennusta, <a title=\"Joululoma pakkasen ja lumen keskell\u00e4\" href=\"https:\/\/www.vuosiamaailmalla.fi\/?p=1492\">Tampereen<\/a> uutta <em>Sokoksen<\/em> tornihotellia korkeampi. Korkealla siis ollaan! \ud83d\ude2e<\/p>\n<p style=\"text-align: center;\"><a href=\"\/blog\/wp-content\/uploads\/2016\/verhottu_metrotown_panoraama2.jpg\"><img decoding=\"async\" style=\"border: 0px none; margin: 5px;\" src=\"\/blog\/wp-content\/uploads\/2016\/verhottu_metrotown_panoraama2_pieni.jpg\" \/><\/a><\/p>\n<p style=\"text-align: center;\"><em>Pilvenpiirt\u00e4ji\u00e4 pilvihattaran keskell\u00e4<\/em><\/p>\n<p style=\"text-align: justify;\">Pilviset aamut tulevat olemaan yleistyv\u00e4 n\u00e4ky talven tullessa ja tiedossa onkin varmasti uusia aamuja <a title=\"Sateen yl\u00e4puolella\" href=\"https:\/\/www.vuosiamaailmalla.fi\/?p=8820\">pilvimassojen yl\u00e4puolella<\/a>. Se on n\u00e4ky, mihin ei kyll\u00e4 kyll\u00e4sty her\u00e4\u00e4m\u00e4\u00e4n ja aamu alkaa taatusti oikealla jalalla!\u00a0 \ud83d\ude00<\/p>\n","protected":false},"excerpt":{"rendered":"<p>Kes\u00e4n kulmalla suorittamamme muutto keskustasta Burnabyyn oli haikea hetki. Suruamme helpotti kuitenkin\u00a0tieto siit\u00e4, ett\u00e4 uusi asuntomme tulisi olemaan todella ainutlaatuinen ja korkeammalla kuin olisimme edes kuvitelleet viel\u00e4 joskus asuvamme. Hyv\u00e4 esimerkki poikkeuksellisista korkeuksista saatiinkin pian sis\u00e4\u00e4nmuuton j\u00e4lkeen, kun tajusin er\u00e4\u00e4n\u00e4 iltana, ett\u00e4 meilt\u00e4h\u00e4n n\u00e4kyy aina Seattleen saakka\u00a0&#8211;\u00a0yli 280 kilometrin p\u00e4\u00e4h\u00e4n! \ud83d\ude2e<\/p>\n","protected":false},"author":1,"featured_media":8408,"comment_status":"open","ping_status":"open","sticky":false,"template":"","format":"standard","meta":{"_jetpack_memberships_contains_paid_content":false,"footnotes":""},"categories":[17,3,4],"tags":[34,932,77,78,935,270],"class_list":["post-8358","post","type-post","status-publish","format-standard","has-post-thumbnail","hentry","category-arki-kanadassa","category-arki-ulkomailla","category-asuminen-kanadassa","tag-arki","tag-asunto","tag-burnaby","tag-burnaby-metrotown","tag-kanada","tag-saa"],"jetpack_featured_media_url":"https:\/\/www.vuosiamaailmalla.fi\/blog\/wp-content\/uploads\/verhottu_metrotown_banner-1.jpg","jetpack_sharing_enabled":true,"_links":{"self":[{"href":"https:\/\/www.vuosiamaailmalla.fi\/blog\/wp-json\/wp\/v2\/posts\/8358","targetHints":{"allow":["GET"]}}],"collection":[{"href":"https:\/\/www.vuosiamaailmalla.fi\/blog\/wp-json\/wp\/v2\/posts"}],"about":[{"href":"https:\/\/www.vuosiamaailmalla.fi\/blog\/wp-json\/wp\/v2\/types\/post"}],"author":[{"embeddable":true,"href":"https:\/\/www.vuosiamaailmalla.fi\/blog\/wp-json\/wp\/v2\/users\/1"}],"replies":[{"embeddable":true,"href":"https:\/\/www.vuosiamaailmalla.fi\/blog\/wp-json\/wp\/v2\/comments?post=8358"}],"version-history":[{"count":0,"href":"https:\/\/www.vuosiamaailmalla.fi\/blog\/wp-json\/wp\/v2\/posts\/8358\/revisions"}],"wp:featuredmedia":[{"embeddable":true,"href":"https:\/\/www.vuosiamaailmalla.fi\/blog\/wp-json\/wp\/v2\/media\/8408"}],"wp:attachment":[{"href":"https:\/\/www.vuosiamaailmalla.fi\/blog\/wp-json\/wp\/v2\/media?parent=8358"}],"wp:term":[{"taxonomy":"category","embeddable":true,"href":"https:\/\/www.vuosiamaailmalla.fi\/blog\/wp-json\/wp\/v2\/categories?post=8358"},{"taxonomy":"post_tag","embeddable":true,"href":"https:\/\/www.vuosiamaailmalla.fi\/blog\/wp-json\/wp\/v2\/tags?post=8358"}],"curies":[{"name":"wp","href":"https:\/\/api.w.org\/{rel}","templated":true}]}}