{"id":843,"date":"2011-09-18T17:35:32","date_gmt":"2011-09-19T00:35:32","guid":{"rendered":"http:\/\/13.53.127.146\/?p=843"},"modified":"2021-02-09T19:02:41","modified_gmt":"2021-02-10T03:02:41","slug":"paatos-supervaalivuodelle","status":"publish","type":"post","link":"https:\/\/www.vuosiamaailmalla.fi\/blog\/2011\/paatos-supervaalivuodelle\/","title":{"rendered":"P\u00e4\u00e4t\u00f6s supervaalivuodelle"},"content":{"rendered":"<p style=\"text-align: justify;\">Medialle kaikki on nyky\u00e4\u00e4n superia, skandaalia taikka kaaosta. Superukkoset (voimakkaat ukkoset) riehuivat Suomessa kes\u00e4ll\u00e4, politiikan jokainen k\u00e4\u00e4nn\u00f6s on skandaali (normaalia politiikkaa) ja liikenne on milloin mink\u00e4kin kaaoksen vallassa (jumissa). Super-sanan k\u00e4ytt\u00f6 lienee l\u00e4ht\u00f6isin Amerikan ihmemaasta, jossa presidentinvaalien ehdokkaiden esivaalit k\u00e4yd\u00e4\u00e4n &#8221;supertiistaiksi&#8221; nimitettyn\u00e4 p\u00e4iv\u00e4n\u00e4. Mallin mukaisesti Saksassakin on vietetty &#8221;supervaalivuotta&#8221;. Typer\u00e4ll\u00e4 termill\u00e4 tarkoitetaan Saksassa t\u00e4n\u00e4 vuonna yhteens\u00e4 seitsem\u00e4ss\u00e4 osavaltiossa j\u00e4rjestett\u00e4vi\u00e4 vaaleja, joista viimeinen k\u00e4yd\u00e4\u00e4n t\u00e4n\u00e4\u00e4n t\u00e4\u00e4ll\u00e4 Berliiniss\u00e4. Aiemmissa vaaleissa Saksan oikeistolaiset hallituspuolueet CDU\u00a0ja FPD ovat ottaneet nokkiinsa oikeastaan jokaisessa. Samaan aikaan Vihre\u00e4t (<em>Die Gr\u00fcne<\/em>) ovat onnistuneet nostamaan kannatustaan monessa osavaltiossa enn\u00e4tystasolle.<\/p>\n<p><!--more--><\/p>\n<p style=\"text-align: justify;\">Monen It\u00e4-Saksan osavaltion tapaan my\u00f6s oman kaupunkiosavaltionsa muodostava Berliini on vasemmalle kallellaan. Kaupunkia on hallinnut SPD:n ja <em>Die Linken<\/em> punainen <em>rot-rot<\/em> koalitio viimeiset yhdeks\u00e4n ja puoli vuotta. Koalition hallituskausien tuloksena kaupunki on velkaantunut vauhdilla (velkaa on hulppeat 64 miljardia euroa) ja se on jumahtanut ty\u00f6tt\u00f6myystilastoissa Saksan kuudestatoista osavaltiosta viimeiseksi. Kaupungissa on Saksan eniten Hartz-IV\u00a0avustuksen saajia ja verotuskin on tilastojen mukaan maan kovimpien joukossa. Silti gallupit lupaavat Berliinin julkihomon kaupunginjohtaja Klaus Wowereitin johtamalle SPD:lle t\u00e4ll\u00e4kin kertaa suurinta, noin 30 prosentin kannatusta. SPD:t\u00e4 ei uhkaa suurimpana puolueena mik\u00e4\u00e4n, mutta on mahdollista, ett\u00e4 t\u00e4ll\u00e4 kerralla punakoalition sijaan hallituskumppaniksi joudutaankin ottamaan Vihre\u00e4t.<\/p>\n<p style=\"text-align: center;\"><a href=\"\/blog\/wp-content\/uploads\/2011\/berliinin_lippu.jpg\"><img decoding=\"async\" style=\"border: 0px none; margin: 5px;\" src=\"\/blog\/wp-content\/uploads\/2011\/berliinin_lippu.jpg\" \/><\/a><\/p>\n<p style=\"text-align: justify;\">T\u00e4n\u00e4isiss\u00e4 vaaleissa noin 2,5 miljoonaa \u00e4\u00e4nest\u00e4j\u00e4\u00e4 valitsevat yhteens\u00e4 130 edustajaa <em>Abgeordnetenhausiin<\/em> eli kaupunkiosavaltion parlamenttiin. Samaan aikaan j\u00e4rjestet\u00e4\u00e4n my\u00f6s <em>Bezirksverordnetenversammlungin<\/em> vaalit, jossa p\u00e4\u00e4tet\u00e4\u00e4n Berliinin kahdentoista hallintoalueen toimintaa ohjeistavan ja valvovan hallintoelimen paikkajaosta. T\u00e4ss\u00e4 vaalissa \u00e4\u00e4nestyskelpoisia on aavustuksen enemm\u00e4n, noin 2,7 miljoonaa.<\/p>\n<p style=\"text-align: justify;\">En tunne Saksan politiikkaa perinpohjaisesti, mutta meille tuli postissa kotiin ainoastaan lappu \u00e4\u00e4nioikeudesta Bezirksverordnetenversammlungin vaaleissa. Olettaisin, ett\u00e4 syyn\u00e4 \u00e4\u00e4nioikeuteen ainoastaan t\u00e4ss\u00e4 vaalissa on se, ettei meill\u00e4 ole Saksan kansalaisuutta. Se nimitt\u00e4in saattaisi k\u00e4yd\u00e4 yhteen tuon noin 200 000 \u00e4\u00e4nestyskelpoisen erotuksen kanssa. Se lienee ollut my\u00f6s syy siihen, ettei meille ole aiemmin tullut kutsua \u00e4\u00e4nest\u00e4m\u00e4\u00e4n miss\u00e4\u00e4n menneiden vuosien t\u00e4k\u00e4l\u00e4isiss\u00e4 vaaleissa.<\/p>\n<p style=\"text-align: justify;\">Mutta nyt kutsu tuli. Vaikka kyseess\u00e4 onkin merkitykselt\u00e4\u00e4n pienemm\u00e4st\u00e4 p\u00e4\u00e4t\u00f6ksenteon tasosta, edustaa se kuitenkin paikallista, Berliinin Mitten hallintoalueen, p\u00e4\u00e4t\u00f6ksentekoa. Niinp\u00e4 p\u00e4\u00e4timmekin l\u00e4hte\u00e4 harjoittamaan oikeuttamme ja k\u00e4vimme \u00e4\u00e4nest\u00e4m\u00e4ss\u00e4. Laiskuus olisikin ollut ainoa syy j\u00e4tt\u00e4\u00e4 \u00e4\u00e4nest\u00e4m\u00e4tt\u00e4, sill\u00e4 \u00e4\u00e4nestyspaikka sijaitsi vain sata metri\u00e4 asunnoltamme. \u00c4\u00e4nestys oli nopeaa, sill\u00e4 \u00e4\u00e4nestys tehtiin puolueen, ei ehdokkaan perusteella. Rasti ruutuun ja lipuke laatikkoon.<\/p>\n<p style=\"text-align: justify;\">Paikallista politiikkaa ei tule seurattua tarpeeksi intensiivisesti tiet\u00e4\u00e4kseen kaikista Saksan politiikan k\u00e4\u00e4nteist\u00e4. Silti \u00e4\u00e4nest\u00e4m\u00e4ss\u00e4 k\u00e4yminen sai meid\u00e4t tuntemaan itsemme j\u00e4lleen hieman enemm\u00e4n paikalliselta. Johan sit\u00e4 viiden vuoden t\u00e4\u00e4ll\u00e4 asumisen <a title=\"Viisi vuotta Saksassa\" href=\"https:\/\/www.vuosiamaailmalla.fi\/?p=602\">j\u00e4lkeen<\/a> onkin korkea aika.<\/p>\n","protected":false},"excerpt":{"rendered":"<p>Medialle kaikki on nyky\u00e4\u00e4n superia, skandaalia taikka kaaosta. Superukkoset (voimakkaat ukkoset) riehuivat Suomessa kes\u00e4ll\u00e4, politiikan jokainen k\u00e4\u00e4nn\u00f6s on skandaali (normaalia politiikkaa) ja liikenne on milloin mink\u00e4kin kaaoksen vallassa (jumissa). Super-sanan k\u00e4ytt\u00f6 lienee l\u00e4ht\u00f6isin Amerikan ihmemaasta, jossa presidentinvaalien ehdokkaiden esivaalit k\u00e4yd\u00e4\u00e4n &#8221;supertiistaiksi&#8221; nimitettyn\u00e4 p\u00e4iv\u00e4n\u00e4. Mallin mukaisesti Saksassakin on vietetty &#8221;supervaalivuotta&#8221;. Typer\u00e4ll\u00e4 termill\u00e4 tarkoitetaan Saksassa t\u00e4n\u00e4 vuonna &hellip; <a href=\"https:\/\/www.vuosiamaailmalla.fi\/blog\/2011\/paatos-supervaalivuodelle\/\" class=\"more-link\">Jatka lukemista<span class=\"screen-reader-text\"> &#8221;P\u00e4\u00e4t\u00f6s supervaalivuodelle&#8221;<\/span><\/a><\/p>\n","protected":false},"author":1,"featured_media":0,"comment_status":"open","ping_status":"open","sticky":false,"template":"","format":"standard","meta":{"_jetpack_memberships_contains_paid_content":false,"footnotes":""},"categories":[18,3,5],"tags":[25,34,49,56,190,191,297],"class_list":["post-843","post","type-post","status-publish","format-standard","hentry","category-arki-saksassa","category-arki-ulkomailla","category-asuminen-saksassa","tag-ajankohtaista","tag-arki","tag-berliini","tag-berlin-mitte","tag-saksa","tag-saksalainen-juttu","tag-vaalit"],"jetpack_featured_media_url":"","jetpack_sharing_enabled":true,"_links":{"self":[{"href":"https:\/\/www.vuosiamaailmalla.fi\/blog\/wp-json\/wp\/v2\/posts\/843","targetHints":{"allow":["GET"]}}],"collection":[{"href":"https:\/\/www.vuosiamaailmalla.fi\/blog\/wp-json\/wp\/v2\/posts"}],"about":[{"href":"https:\/\/www.vuosiamaailmalla.fi\/blog\/wp-json\/wp\/v2\/types\/post"}],"author":[{"embeddable":true,"href":"https:\/\/www.vuosiamaailmalla.fi\/blog\/wp-json\/wp\/v2\/users\/1"}],"replies":[{"embeddable":true,"href":"https:\/\/www.vuosiamaailmalla.fi\/blog\/wp-json\/wp\/v2\/comments?post=843"}],"version-history":[{"count":1,"href":"https:\/\/www.vuosiamaailmalla.fi\/blog\/wp-json\/wp\/v2\/posts\/843\/revisions"}],"predecessor-version":[{"id":11710,"href":"https:\/\/www.vuosiamaailmalla.fi\/blog\/wp-json\/wp\/v2\/posts\/843\/revisions\/11710"}],"wp:attachment":[{"href":"https:\/\/www.vuosiamaailmalla.fi\/blog\/wp-json\/wp\/v2\/media?parent=843"}],"wp:term":[{"taxonomy":"category","embeddable":true,"href":"https:\/\/www.vuosiamaailmalla.fi\/blog\/wp-json\/wp\/v2\/categories?post=843"},{"taxonomy":"post_tag","embeddable":true,"href":"https:\/\/www.vuosiamaailmalla.fi\/blog\/wp-json\/wp\/v2\/tags?post=843"}],"curies":[{"name":"wp","href":"https:\/\/api.w.org\/{rel}","templated":true}]}}