{"id":8440,"date":"2015-05-11T10:13:31","date_gmt":"2015-05-11T17:13:31","guid":{"rendered":"http:\/\/13.53.127.146\/?p=8440"},"modified":"2025-03-01T13:25:09","modified_gmt":"2025-03-01T21:25:09","slug":"uutta-asuntoa-etsimassa-osa2","status":"publish","type":"post","link":"https:\/\/www.vuosiamaailmalla.fi\/blog\/2015\/uutta-asuntoa-etsimassa-osa2\/","title":{"rendered":"Uutta asuntoa etsim\u00e4ss\u00e4 (osa2)"},"content":{"rendered":"<p style=\"text-align: justify;\">Niin siin\u00e4 sitten k\u00e4vi, ett\u00e4 kaikesta huolimatta meilt\u00e4 loppui aika ja jouduimme muuttamaan <a title=\"V\u00e4liaikaista asumista\" href=\"https:\/\/www.vuosiamaailmalla.fi\/?p=6171\">v\u00e4liaikaiseen asuntoon<\/a>, jossa olemme nyt totutelleet uuteen arkeen muutaman kuukauden ajan. Paljon ehti kuitenkin tapahtua ennen t\u00e4nne muuttoa ja n\u00e4imme yli kaksikymment\u00e4 eri asuntoa ennen ratkaisuumme p\u00e4\u00e4tymist\u00e4. Kerroin <a title=\"Uutta asuntoa etsim\u00e4ss\u00e4 (osa1)\" href=\"https:\/\/www.vuosiamaailmalla.fi\/?p=4846\">aiemmassa kirjoituksessani<\/a> 11 ensimm\u00e4isest\u00e4 n\u00e4hdyst\u00e4 asunnosta ja esittelen t\u00e4ss\u00e4 nyt loput kymmenisen asuntoa.<\/p>\n<p><!--more--><\/p>\n<p style=\"text-align: justify;\">Koska meit\u00e4 ei ollut lyk\u00e4st\u00e4nyt asuntojen kanssa keskustan alueella, p\u00e4\u00e4timme laajentaa etsint\u00e4\u00e4 my\u00f6s keskustan ulkopuolelle. Kitsilano on yksi viihtyis\u00e4 asuinalue heti <em>Granville Bridgen<\/em> toisella puolella ja ensimm\u00e4inen asunto sijaitsi uudehkon <strong>Verona of Portico<\/strong> (1483 West 7th Avenue) nimisen tornin 11. kerroksessa. Itse asunto oli tilava ja siihen kuului isohko parveke, jolta aukeni sangen hyv\u00e4 maisema keskustan suuntaan.<\/p>\n<p style=\"text-align: center;\"><a href=\"\/blog\/wp-content\/uploads\/2015\/verona_of_portico_panorama.jpg\"><img decoding=\"async\" src=\"\/blog\/wp-content\/uploads\/2015\/verona_of_portico_panorama_pieni.jpg\" \/><\/a><\/p>\n<p style=\"text-align: center;\"><em>Y\u00f6maisema Veronasta<\/em><\/p>\n<p style=\"text-align: justify;\">Downtownin ulkopuolella taloyhti\u00f6iden tarjoamat oheispalvelut kuitenkin heikkenev\u00e4t huomattavasti ja keskustassa yleiset uima-altaat ja vahtimestarit ovatkin yht\u00e4kki\u00e4 harvinaisia. Emme t\u00e4ysin vakuuttuneet talosta, vaikka hinta olikin keskustaan n\u00e4hden kohtuullinen. Ehk\u00e4 vain tiesimme, ett\u00e4 voisimme l\u00f6yt\u00e4\u00e4 jotain parempaa.<\/p>\n<p style=\"text-align: justify;\">Toinen meit\u00e4 kiinnostava alue on <em>Olympic Village<\/em>, josta on vuoden 2010 talviolympialaisten j\u00e4ljilt\u00e4 muodostunut virke\u00e4 uusi asuinalue. Alueelle nousee jatkuvalla sy\u00f6t\u00f6ll\u00e4 uusia tornitaloja, jotka ovat kuitenkin alle 16-kerroksisia. Vierailimme yhdess\u00e4 t\u00e4llaisess\u00e4 upouudessa talossa katsomassa <em>sub-penthouse<\/em> asuntoa, joskin 12. kerroksen asunnon kutsuminen sub-penthouseksi oli harhaanjohtavaa, todellisuudessa se oli rakennuksen nelj\u00e4nneksi ylin kerros.<\/p>\n<p style=\"text-align: center;\"><a href=\"\/blog\/wp-content\/uploads\/2015\/olympic_village_panoraama.jpg\"><img decoding=\"async\" src=\"\/blog\/wp-content\/uploads\/2015\/olympic_village_panoraama.jpg\" \/><\/a><\/p>\n<p style=\"text-align: center;\"><em>Olympic Villagen ytimess\u00e4<\/em><\/p>\n<p style=\"text-align: justify;\">Itse asunto oli toki uutuuttaan hieno ja kaikki br\u00e4nikk\u00e4\u00e4, mutta sen koko oli j\u00e4lleen ongelmallinen. Varsinkin makuuhuoneet olivat todella pieni\u00e4 ja jopa p\u00e4\u00e4makuuhuoneessa <em>queen bedin<\/em> mahduttamisen kanssa tekisi tiukkaa. On kerrassaan k\u00e4sitt\u00e4m\u00e4t\u00f6nt\u00e4 miten pieni\u00e4 makuuhuoneita uusiin asuntoihin rakennetaan.<\/p>\n<p style=\"text-align: center;\"><a href=\"\/blog\/wp-content\/uploads\/2015\/2nd_avenue_panoraama.jpg\"><img decoding=\"async\" src=\"\/blog\/wp-content\/uploads\/2015\/2nd_avenue_panoraama.jpg\" \/><\/a><\/p>\n<p style=\"text-align: center;\"><em>Makuuhuoneen maisema l\u00e4nteen<\/em><\/p>\n<p style=\"text-align: justify;\">K\u00e4vimme my\u00f6s katsomassa kahta asuntoa l\u00e4heisell\u00e4 Mount Pleasantin alueella, joka on ehk\u00e4 Vancouverin kuuminta hipsterialuetta. <strong>700 West 8th<\/strong> on muutama vuosi sitten valmistunut kerrostalo, jonka yl\u00e4kerroksien parvekkeilta aukeaa huikeat maisemat keskustaan. N\u00e4kem\u00e4mme asunnon piti sijaita rakennuksen yhdeks\u00e4nness\u00e4 kerroksessa, mutta t\u00e4m\u00e4 tieto paljastuikin kusetukseksi, sill\u00e4 asunto oli oikeasti nelj\u00e4nness\u00e4 kerroksessa ja syv\u00e4ll\u00e4 synke\u00e4ss\u00e4 sopessa. Oikein tihrustamalla oli toki mahdollista n\u00e4hd\u00e4 keskustaan, mutta asunto ei ollut h\u00e4\u00e4pp\u00f6inen.<\/p>\n<p style=\"text-align: center;\"><a href=\"\/blog\/wp-content\/uploads\/2015\/800_7th_street3.jpg\"><img decoding=\"async\" src=\"\/blog\/wp-content\/uploads\/2015\/thumbs\/thumbs_800_7th_street3.jpg\" \/><\/a><a href=\"\/blog\/wp-content\/uploads\/2015\/800_7th_street4.jpg\"><img decoding=\"async\" src=\"\/blog\/wp-content\/uploads\/2015\/thumbs\/thumbs_800_7th_street4.jpg\" \/><\/a><a href=\"\/blog\/wp-content\/uploads\/2015\/800_7th_street5.jpg\"><img decoding=\"async\" src=\"\/blog\/wp-content\/uploads\/2015\/thumbs\/thumbs_800_7th_street5.jpg\" \/><\/a><\/p>\n<p style=\"text-align: center;\"><em>Pelkk\u00e4\u00e4 huijausta oleva synkk\u00e4 asunto<\/em><\/p>\n<p style=\"text-align: justify;\">Valitettavasti asuntoilmoituksissa valehtelu on yleist\u00e4 ja kerroslukemat, ilmansuunnat sek\u00e4 jopa kuvat saattavat olla tietoisesti jostain paremmasta asunnosta kuin varsinainen asunto on. T\u00e4ll\u00e4 yritet\u00e4\u00e4n houkutella ihmisi\u00e4 paikalle, mutta itse en vuokraisi asuntoa v\u00e4litt\u00e4j\u00e4lt\u00e4 jonka t\u00e4ytyy turvautua ihmisten linssiin viilaamiseen.<\/p>\n<p style=\"text-align: justify;\">L\u00e4hist\u00f6ll\u00e4 sijaitsi kuitenkin my\u00f6s toinen asunto, joka oli matalan kerrostalon kattohuoneisto. Asunnon isolta kattoterassilta aukesi upea maisema keskustan suuntaan.<\/p>\n<p style=\"text-align: center;\"><a href=\"\/blog\/wp-content\/uploads\/2015\/7th_street_panoraama.jpg\"><img decoding=\"async\" src=\"\/blog\/wp-content\/uploads\/2015\/7th_street_panoraama_pieni.jpg\" \/><\/a><\/p>\n<p style=\"text-align: center;\"><em>Sotkuisen asunnon hieno maisema<\/em><\/p>\n<p style=\"text-align: justify;\">Valitettavasti maisema oli kuitenkin asunnon paras ominaisuus, sill\u00e4 asunto oli \u00e4\u00e4rimm\u00e4isen likainen. Edelliset vuokralaiset asuivat edelleen asunnossa ja kaikki mahdolliset p\u00f6yt\u00e4tasot olivat t\u00e4ynn\u00e4 viinapulloja. Asunnossa ei ollut todenn\u00e4k\u00f6isesti siivottu koskaan, sill\u00e4 kaikkialla oli eritt\u00e4in likaista. Olikin huvittavaa (ja samalla kuvottavaa), ett\u00e4 vuokranv\u00e4litt\u00e4j\u00e4 pyysi katsojia ottamaan keng\u00e4t jalastaan kierroksen ajaksi. J\u00e4rkytt\u00e4v\u00e4 sikol\u00e4tti!<\/p>\n<p style=\"text-align: justify;\">Aloimme olla jo hieman masentuneita tilanteen kanssa, kunnes kohdalle osui asunto upouudesta <strong>Central<\/strong> (1618 Quebec Street) rakennuksesta. T\u00e4m\u00e4 erikoinen &#8221;siltatalo&#8221; sijaitsee Olympic Villagen kupeessa ja kyseinen asunto oli koko rakennuksen paras l\u00e4nteen osoittava kattohuoneisto!<\/p>\n<p style=\"text-align: center;\"><a href=\"\/blog\/wp-content\/uploads\/2015\/bc_place_centralista1.jpg\"><img decoding=\"async\" src=\"\/blog\/wp-content\/uploads\/2015\/thumbs\/thumbs_bc_place_centralista1.jpg\" \/><\/a><a href=\"\/blog\/wp-content\/uploads\/2015\/bc_place_centralista2.jpg\"><img decoding=\"async\" src=\"\/blog\/wp-content\/uploads\/2015\/thumbs\/thumbs_bc_place_centralista2.jpg\" \/><\/a><a href=\"\/blog\/wp-content\/uploads\/2015\/telus_world_of_science.jpg\"><img decoding=\"async\" src=\"\/blog\/wp-content\/uploads\/2015\/thumbs\/thumbs_telus_world_of_science.jpg\" \/><\/a><br \/>\n<a href=\"\/blog\/wp-content\/uploads\/2015\/false_creek_centralista.jpg\"><img decoding=\"async\" src=\"\/blog\/wp-content\/uploads\/2015\/thumbs\/thumbs_false_creek_centralista.jpg\" \/><\/a><a href=\"\/blog\/wp-content\/uploads\/2015\/quebec_street.jpg\"><img decoding=\"async\" src=\"\/blog\/wp-content\/uploads\/2015\/thumbs\/thumbs_quebec_street.jpg\" \/><\/a><a href=\"\/blog\/wp-content\/uploads\/2015\/pacific_central_ylhaalta.jpg\"><img decoding=\"async\" src=\"\/blog\/wp-content\/uploads\/2015\/thumbs\/thumbs_pacific_central_ylhaalta.jpg\" \/><\/a><\/p>\n<p style=\"text-align: center;\"><em>Voisiko t\u00e4m\u00e4 olla Se Oikea?<\/em><\/p>\n<p style=\"text-align: justify;\">Kyseess\u00e4 oli huikea 150 neli\u00f6metrin kokoinen kolmen makuuhuoneen asunto, josta aukeni mielet\u00f6n maisema False Creekin ymp\u00e4rist\u00f6\u00f6n. Aivan vieress\u00e4 sijaitsivat niin <a title=\"Vancouverin oma Heureka\" href=\"https:\/\/www.vuosiamaailmalla.fi\/blog\/2024\/vancouverin-oma-heureka\/\"><em>Telus World of Science<\/em><\/a> kuin <em>Pacific Centralin<\/em> juna-asemakin. Tilaa oli runsaasti, eik\u00e4 meill\u00e4 olisi ollut mit\u00e4\u00e4n ongelmaa mahduttaa huonekalujamme asuntoon. Kaiken kruunasi katolla sijaitseva valtava terassi, jolla oli kokoa yli sata neli\u00f6metri\u00e4. Mit\u00e4 ihmett\u00e4 sill\u00e4 kaikella tilalla tekisik\u00e4\u00e4n?<\/p>\n<p style=\"text-align: center;\"><a href=\"\/blog\/wp-content\/uploads\/2015\/jattimainen_terassi2.jpg\"><img decoding=\"async\" src=\"\/blog\/wp-content\/uploads\/2015\/thumbs\/thumbs_jattimainen_terassi2.jpg\" \/><\/a><a href=\"\/blog\/wp-content\/uploads\/2015\/jattimainen_terassi1.jpg\"><img decoding=\"async\" src=\"\/blog\/wp-content\/uploads\/2015\/thumbs\/thumbs_jattimainen_terassi1.jpg\" \/><\/a><em><a href=\"\/blog\/wp-content\/uploads\/2015\/metrotown_centralista2.jpg\"><img decoding=\"async\" src=\"\/blog\/wp-content\/uploads\/2015\/thumbs\/thumbs_metrotown_centralista2.jpg\" \/><\/a><\/em><\/p>\n<p style=\"text-align: center;\"><em>J\u00e4rjett\u00f6m\u00e4n suuri kattoterassi<\/em><\/p>\n<p style=\"text-align: center;\"><a href=\"\/blog\/wp-content\/uploads\/2015\/central_makuuhuone.jpg\"><img decoding=\"async\" src=\"\/blog\/wp-content\/uploads\/2015\/central_makuuhuone.jpg\" \/><\/a><\/p>\n<p style=\"text-align: center;\"><em>Huoneissa oli tilaa ja maisema kohdallaan<\/em><\/p>\n<p style=\"text-align: justify;\">Olimme eritt\u00e4in innoissamme ja haimmekin asuntoa. Emme kuitenkaan olleet valmiita maksamaan aivan pyyntihintaa, sill\u00e4 tiesimme asunnon olleen markkinoilla jo pitk\u00e4\u00e4n ja ett\u00e4 pyyntihintaa oli jo tiputettu tonnilla. Teimme tarjouksen muutama satanen alle pyyntihinnan, mutta saimme tiedon, ett\u00e4 joku toinen oli valmis maksamaan pyyntihinnan sek\u00e4 allekirjoittamaan kahden vuoden vuokrasopimuksen.<\/p>\n<p style=\"text-align: center;\"><a href=\"\/blog\/wp-content\/uploads\/2015\/central_penthouse_panoraama1.jpg\"><img decoding=\"async\" src=\"\/blog\/wp-content\/uploads\/2015\/central_penthouse_panoraama1_pieni.jpg\" \/><\/a><\/p>\n<p style=\"text-align: center;\"><em>T\u00e4m\u00e4 maisema j\u00e4i haaveeksi<\/em><\/p>\n<p style=\"text-align: justify;\">Emme siis saaneet upeaa kattohuoneistoa, mutta kyseess\u00e4 oli yksi ensimm\u00e4inen asunto jonka tiesimme haluavamme v\u00e4litt\u00f6m\u00e4sti sen n\u00e4hty\u00e4mme. Asunnon menetys j\u00e4ikin harkittamaan, mutta pyyntihinta olisi ollut yli suunnitellun budjettimme, joten mink\u00e4s teet.<\/p>\n<p style=\"text-align: justify;\">Jatkoimme etsint\u00e4\u00e4mme j\u00e4lleen keskustan alueella ja k\u00e4vimme katsomassa lis\u00e4\u00e4 asuntoja Coal Harbourissa. Hitusen vanhemmassa <strong>Deniassa<\/strong> (499 Broughton Street) oli hyv\u00e4 kokoinen asunto, mutta kaikissa huoneissa oli puistattava kokolattiamatto. Niina kuitenkin halusi meid\u00e4n tekev\u00e4n tarjouksen maksaa sangen kohtuuhintaisesta asunnosta hieman enemm\u00e4n jos omistaja p\u00e4ivitt\u00e4isi huoneiden lattiat laminaattiin. T\u00e4m\u00e4 ei kuitenkaan l\u00e4mmennyt ehdotuksellemme ja asunto meni sivu suun.<\/p>\n<p style=\"text-align: center;\"><a href=\"\/blog\/wp-content\/uploads\/2015\/denia.jpg\"><img decoding=\"async\" src=\"\/blog\/wp-content\/uploads\/2015\/denia.jpg\" \/><\/a><\/p>\n<p style=\"text-align: center;\"><em>Denian huono puoli olivat kokolattiamatot<\/em><\/p>\n<p style=\"text-align: center;\"><a href=\"\/blog\/wp-content\/uploads\/2015\/denia_maisema1.jpg\"><img decoding=\"async\" src=\"\/blog\/wp-content\/uploads\/2015\/thumbs\/thumbs_denia_maisema1.jpg\" \/><\/a><a href=\"\/blog\/wp-content\/uploads\/2015\/denia_sisapiha.jpg\"><img decoding=\"async\" src=\"\/blog\/wp-content\/uploads\/2015\/thumbs\/thumbs_denia_sisapiha.jpg\" \/><\/a><a href=\"\/blog\/wp-content\/uploads\/2015\/denia_maisema2.jpg\"><img decoding=\"async\" src=\"\/blog\/wp-content\/uploads\/2015\/thumbs\/thumbs_denia_maisema2.jpg\" \/><\/a><\/p>\n<p style=\"text-align: center;\"><em>Rauhallinen Coal Harbourin maisema<\/em><\/p>\n<p style=\"text-align: justify;\">My\u00f6s viereisess\u00e4 <strong>Cascinasta<\/strong> (590 Nicola Street) oli tarjolla k\u00e4mpp\u00e4 alakerroksissa, mutta asunnossa oli ollut selv\u00e4sti vesivahinkoja. Vieress\u00e4 sijaitsi my\u00f6s <strong>Bauhinia<\/strong> (535 Nicola Street), jonka asunto oli synke\u00e4 ja alkuper\u00e4isess\u00e4 vuoden 1998 asussaan. Siit\u00e4 pyydettyyn hintaan kauppoja ei todellakaan syntynyt.<\/p>\n<p style=\"text-align: center;\"><a href=\"\/blog\/wp-content\/uploads\/2015\/cascina_maisema.jpg\"><img decoding=\"async\" src=\"\/blog\/wp-content\/uploads\/2015\/cascina_maisema.jpg\" \/><\/a><\/p>\n<p style=\"text-align: center;\"><em>Cascinassa oli vesivahinkoja<\/em><\/p>\n<p style=\"text-align: center;\"><a href=\"\/blog\/wp-content\/uploads\/2015\/bauhinia1.jpg\"><img decoding=\"async\" src=\"\/blog\/wp-content\/uploads\/2015\/thumbs\/thumbs_bauhinia1.jpg\" \/><\/a><a href=\"\/blog\/wp-content\/uploads\/2015\/bauhinia3.jpg\"><img decoding=\"async\" src=\"\/blog\/wp-content\/uploads\/2015\/thumbs\/thumbs_bauhinia3.jpg\" \/><\/a><\/p>\n<p style=\"text-align: center;\"><em>Bauhinia oli sis\u00e4lt\u00e4 hyvin synkk\u00e4<\/em><\/p>\n<p style=\"text-align: justify;\">Katsastimme my\u00f6s viel\u00e4 yhden 19. kerroksen asunnon <strong>Patinasta<\/strong> (1028 Barclay Street), mutta asuntojen pohjaratkaisu ei vain ole toimiva. T\u00e4ysin toimimaton oli my\u00f6s omassa kotikorttelissamme sijaitseva <strong>1050 Burrardin<\/strong> pieni kalustettu yksi\u00f6, jota k\u00e4vimme katsomassa ajatuksella v\u00e4liaikaisesta asunnosta.<\/p>\n<p style=\"text-align: center;\"><a href=\"\/blog\/wp-content\/uploads\/2015\/patina_19_kerros_panoraama.jpg\"><img decoding=\"async\" src=\"\/blog\/wp-content\/uploads\/2015\/patina_19_kerros_panoraama_pieni.jpg\" \/><\/a><\/p>\n<p style=\"text-align: center;\"><em>Viel\u00e4 kerran Patinassa<\/em><\/p>\n<p style=\"text-align: justify;\">T\u00e4llainen oli my\u00f6s asunto hieman erikoisessa <strong>The Spot<\/strong> (933 Seymour Street) nimisess\u00e4 pieness\u00e4 tornitalossa. Rakennuksen erikoisuus on, ett\u00e4 kaikki siell\u00e4 sijaitsevat asunnot ovat <em>lofteja<\/em> eli kaksikerroksisia. Ratkaisu ei kuitenkaan ollut mielest\u00e4mme alkuunkaan k\u00e4tev\u00e4 tai mukava ja rakennus vanhempaa perua vuodelta 1998. Yhteiselt\u00e4 kattoterassilta aukeni sent\u00e4\u00e4n mukiinmenev\u00e4 maisema.<\/p>\n<p style=\"text-align: center;\"><a href=\"\/blog\/wp-content\/uploads\/2015\/atelier1.jpg\"><img decoding=\"async\" src=\"\/blog\/wp-content\/uploads\/2015\/atelier1.jpg\" \/><\/a><\/p>\n<p style=\"text-align: center;\"><em>Lofteja t\u00e4ynn\u00e4 oleva The Spot<\/em><\/p>\n<p style=\"text-align: center;\"><a href=\"\/blog\/wp-content\/uploads\/2015\/atelier_katto6.jpg\"><img decoding=\"async\" src=\"\/blog\/wp-content\/uploads\/2015\/thumbs\/thumbs_atelier_katto6.jpg\" \/><\/a><a href=\"\/blog\/wp-content\/uploads\/2015\/atelier_katto5.jpg\"><img decoding=\"async\" src=\"\/blog\/wp-content\/uploads\/2015\/thumbs\/thumbs_atelier_katto5.jpg\" \/><\/a><a href=\"\/blog\/wp-content\/uploads\/2015\/atelier_katto4.jpg\"><img decoding=\"async\" src=\"\/blog\/wp-content\/uploads\/2015\/thumbs\/thumbs_atelier_katto4.jpg\" \/><\/a><\/p>\n<p style=\"text-align: center;\"><em>Katolta n\u00e4kyi keskustaa<\/em><\/p>\n<p style=\"text-align: justify;\">K\u00e4vimme katsomassa my\u00f6s todella pient\u00e4 uutta yksi\u00f6t\u00e4 <strong>Rolstonissa<\/strong> (1325 Rolston Street), mutta rakennuksen laatu ei vastannut odotuksiamme ja j\u00e4lleen kerran hinta oli kova melko keskinkertaisesta pikkuasunnosta.<\/p>\n<p style=\"text-align: center;\"><a href=\"\/blog\/wp-content\/uploads\/2015\/granville_loops_rolstonista.jpg\"><img decoding=\"async\" src=\"\/blog\/wp-content\/uploads\/2015\/granville_loops_rolstonista.jpg\" \/><\/a><\/p>\n<p style=\"text-align: center;\"><em>Granville Bridgen rampit<\/em><\/p>\n<p style=\"text-align: center;\"><a href=\"\/blog\/wp-content\/uploads\/2015\/maddox_rolstonista.jpg\"><img decoding=\"async\" src=\"\/blog\/wp-content\/uploads\/2015\/thumbs\/thumbs_maddox_rolstonista.jpg\" \/><\/a><a href=\"\/blog\/wp-content\/uploads\/2015\/vancouver_rolstonista.jpg\"><img decoding=\"async\" src=\"\/blog\/wp-content\/uploads\/2015\/thumbs\/thumbs_vancouver_rolstonista.jpg\" \/><\/a><a href=\"\/blog\/wp-content\/uploads\/2015\/granville_street_rolstonista.jpg\"><img decoding=\"async\" src=\"\/blog\/wp-content\/uploads\/2015\/thumbs\/thumbs_granville_street_rolstonista.jpg\" \/><\/a><\/p>\n<p style=\"text-align: center;\"><em>Ymp\u00e4r\u00f6iv\u00e4\u00e4 keskustaa<\/em><\/p>\n<p style=\"text-align: justify;\">Erikoinen asunto oli \u00e4\u00e4rimm\u00e4isen hyv\u00e4ll\u00e4 sijainnilla sijaitseva <strong>Robinson Tower<\/strong> (488 Helmcken Street) aivan Yaletownin syd\u00e4mess\u00e4. Kyseinen torni on vanhempaa perua vuodelta 1995, mutta l\u00e4hdimme silti mielenkiinnosta katsastamaan sangen kohtuulliseen hintaan mainostettua kattohuoneistoa tornin 17. kerroksessa.<\/p>\n<p style=\"text-align: justify;\">Itse rakennus oli remontoitu sis\u00e4lt\u00e4 ja siten freesin oloinen, mutta valitettavasti itse asunto oli edelleen alkuper\u00e4isess\u00e4 vuoden 1995 asussaan. J\u00e4rkytt\u00e4v\u00e4sti asunto oli sisustettu viel\u00e4kin vanhempaan 80-luvun tyyliin eli lasisia peiliovia, pinkki\u00e4 kokolattiamattoa sek\u00e4 kultareunaisia peilej\u00e4 oli kaikkialla. Asunnossa my\u00f6s asui paraikaa todellinen hamstraajapariskunta, jolla oli roinaa aivan j\u00e4rkytt\u00e4v\u00e4t m\u00e4\u00e4r\u00e4t.<\/p>\n<p style=\"text-align: center;\"><a href=\"\/blog\/wp-content\/uploads\/2015\/brava_towers1.jpg\"><img decoding=\"async\" src=\"\/blog\/wp-content\/uploads\/2015\/thumbs\/thumbs_brava_towers1.jpg\" \/><\/a><a href=\"\/blog\/wp-content\/uploads\/2015\/robinson_tower_maisema.jpg\"><img decoding=\"async\" src=\"\/blog\/wp-content\/uploads\/2015\/thumbs\/thumbs_robinson_tower_maisema.jpg\" \/><\/a><\/p>\n<p style=\"text-align: center;\"><em>Urbaani maisema Yaletownin syd\u00e4mess\u00e4<\/em><\/p>\n<p style=\"text-align: justify;\">T\u00e4lle vuosituhannelle p\u00e4ivitettyn\u00e4 kaksikerroksinen asunto olisi voinut olla mukava, sill\u00e4 huoneistoon kuului kattoparveke, jolta aukesi hieno maisema Yaletownin omaan keskuspuistoon, <em>Emery Barnes Parkiin<\/em>.<\/p>\n<p style=\"text-align: center;\"><a href=\"\/blog\/wp-content\/uploads\/2015\/emery_barnes_park_panoraama.jpg\"><img decoding=\"async\" src=\"\/blog\/wp-content\/uploads\/2015\/emery_barnes_park_panoraama_pieni.jpg\" \/><\/a><\/p>\n<p style=\"text-align: center;\"><em>Emery Barnes Park on yksi Vancouverin urbaaneista puistoista<\/em><\/p>\n<p style=\"text-align: justify;\">Kaksi viimeist\u00e4 n\u00e4kem\u00e4\u00e4mme asuntoa olivat viimeiset varteenotettavat vaihtoehdot, joista molemmista my\u00f6s innostuimme. Keskustassa saimme vihi\u00e4 sangen kohtuulliseen hintaan vuokrattavasta uudesta kaksiosta Yaletownissa sijaitsevassa <strong>The Mark<\/strong> -tornitalossa (1372 Seymour Street). 40. kerroksen huikea sub-penthouse sijaitsi t\u00e4m\u00e4n Yaletownin korkeimman rakennuksen parhaassa luoteiskulmauksesssa ja pienelt\u00e4 kulmaparvekkeelta aukesi 200 asteen maisema yli kaupungin. Kurjasta kelist\u00e4 huolimatta maisema oli aivan mielet\u00f6n ja olimme myytyj\u00e4.<\/p>\n<p style=\"text-align: center;\"><a href=\"\/blog\/wp-content\/uploads\/2015\/the_mark_sisalta1.jpg\"><img decoding=\"async\" src=\"\/blog\/wp-content\/uploads\/2015\/thumbs\/thumbs_the_mark_sisalta1.jpg\" \/><\/a><a href=\"\/blog\/wp-content\/uploads\/2015\/the_mark_sisalta2.jpg\"><img decoding=\"async\" src=\"\/blog\/wp-content\/uploads\/2015\/thumbs\/thumbs_the_mark_sisalta2.jpg\" \/><\/a><a href=\"\/blog\/wp-content\/uploads\/2015\/the_mark_sisalta3.jpg\"><img decoding=\"async\" src=\"\/blog\/wp-content\/uploads\/2015\/thumbs\/thumbs_the_mark_sisalta3.jpg\" \/><\/a><\/p>\n<p style=\"text-align: center;\"><em>Harmillisen ahtaita huoneita<\/em><\/p>\n<p style=\"text-align: justify;\">Mittailimme huoneita pitk\u00e4\u00e4n, mutta tiukkaa tuntui tekev\u00e4n. Joutuisimme ehk\u00e4 luopumaan muutamasta huonekalusta, mutta se voisi olla t\u00e4m\u00e4n asunnon arvoista. Pistimme lopulta hakemuksemme sis\u00e4\u00e4n vain saadaksemme kuulla, ett\u00e4 asunto oli mennyt samana aamuna paikan p\u00e4\u00e4ll\u00e4 shekit kouraan ly\u00f6neelle henkil\u00f6lle, joka otti asunnon silt\u00e4 seisomalta. T\u00e4m\u00e4 harmitti meit\u00e4 aivan valtavasti, sill\u00e4 tiesimme ett\u00e4 kyseess\u00e4 oli paremman tason k\u00e4mp\u00e4st\u00e4 ja viel\u00e4p\u00e4 hyv\u00e4\u00e4n hintaan! \ud83d\ude41<\/p>\n<p style=\"text-align: center;\"><a href=\"\/blog\/wp-content\/uploads\/2015\/the_mark_english_bay.jpg\"><img decoding=\"async\" src=\"\/blog\/wp-content\/uploads\/2015\/thumbs\/thumbs_the_mark_english_bay.jpg\" \/><\/a><a href=\"\/blog\/wp-content\/uploads\/2015\/the_mark_rolstonin_katto.jpg\"><img decoding=\"async\" src=\"\/blog\/wp-content\/uploads\/2015\/thumbs\/thumbs_the_mark_rolstonin_katto.jpg\" \/><\/a><\/p>\n<p style=\"text-align: center;\"><em>Rolston alapuolella sek\u00e4 English Bayn suunta<\/em><\/p>\n<p style=\"text-align: center;\"><a href=\"\/blog\/wp-content\/uploads\/2015\/the_mark_yaletown.jpg\"><img decoding=\"async\" src=\"\/blog\/wp-content\/uploads\/2015\/the_mark_yaletown_pieni.jpg\" \/><\/a><\/p>\n<p style=\"text-align: center;\"><em>Yaletownin huipulla<\/em><\/p>\n<p style=\"text-align: center;\"><a href=\"\/blog\/wp-content\/uploads\/2015\/the_mark_ydinkeskusta.jpg\"><img decoding=\"async\" src=\"\/blog\/wp-content\/uploads\/2015\/the_mark_ydinkeskusta_pieni.jpg\" \/><\/a><\/p>\n<p style=\"text-align: center;\"><em>Ydinkeskustaa<\/em><\/p>\n<p style=\"text-align: justify;\">Hassua kyll\u00e4 jokin meni m\u00f6nk\u00e4\u00e4n asunnon ottaneenkin kanssa, sill\u00e4 asunto palautui markkinoille vain muutamaa kuukautta my\u00f6hemmin, mutta olimme jo tuossa vaiheessa muuttaneet v\u00e4liaikaiseen asuntoon ja min\u00e4 j\u00e4\u00e4nyt <a title=\"Sapatin loppu\" href=\"https:\/\/www.vuosiamaailmalla.fi\/?p=8186\">sapattivapaalleni<\/a>. T\u00e4ss\u00e4 kuitenkin n\u00e4htiin, ett\u00e4 kunnollisten vuokralaisten l\u00f6yt\u00e4minen on todella haastavaa ja niill\u00e4 shekeill\u00e4 ei sitten ollutkaan katetta&#8230;<\/p>\n<p style=\"text-align: center;\"><a href=\"\/blog\/wp-content\/uploads\/2015\/the_mark_panoraama.jpg\"><img decoding=\"async\" src=\"\/blog\/wp-content\/uploads\/2015\/the_mark_panoraama_pieni.jpg\" \/><\/a><\/p>\n<p style=\"text-align: center;\"><em>Mielet\u00f6n maisema sateisenakin p\u00e4iv\u00e4n\u00e4<\/em><\/p>\n<p style=\"text-align: justify;\">Viimeinen asunto jonka n\u00e4imme sijaitsi Vancouverin ulkopuolella. Huviksemme p\u00e4\u00e4timme katsastaa Burnabyn <a title=\"Korkeuksiin kurkottava Metrotown\" href=\"https:\/\/www.vuosiamaailmalla.fi\/?p=2242\">Metrotownissa<\/a> sijaitsevan p\u00e4he\u00e4lt\u00e4 kuulostavan 42. kerroksen upouuden kaksion Burnabyn korkeimmassa rakennuksessa <strong>Sovereignissa<\/strong> (4508 Hazel Street). Pelkk\u00e4 ajatus Burnabyyn muutosta tuntui oudolta, mutta minua kiinnosti kovasti n\u00e4hd\u00e4 ilmoituksen perusteella kiintoisalta vaikuttanut asunto.<\/p>\n<p style=\"text-align: center;\"><a href=\"\/blog\/wp-content\/uploads\/2015\/sovereign_hi-res.jpg\"><img decoding=\"async\" src=\"\/blog\/wp-content\/uploads\/2015\/thumbs\/thumbs_sovereign_hi-res.jpg\" \/><\/a><\/p>\n<p style=\"text-align: center;\"><em>Burnabyn korkein asuintalo<\/em><\/p>\n<p style=\"text-align: center;\"><a href=\"\/blog\/wp-content\/uploads\/2015\/sovereign16.jpg\"><img decoding=\"async\" src=\"\/blog\/wp-content\/uploads\/2015\/thumbs\/thumbs_sovereign16.jpg\" \/><\/a><a href=\"\/blog\/wp-content\/uploads\/2015\/sovereign15.jpg\"><img decoding=\"async\" src=\"\/blog\/wp-content\/uploads\/2015\/thumbs\/thumbs_sovereign15.jpg\" \/><\/a><a href=\"\/blog\/wp-content\/uploads\/2015\/sovereign24.jpg\"><img decoding=\"async\" src=\"\/blog\/wp-content\/uploads\/2015\/thumbs\/thumbs_sovereign24.jpg\" \/><\/a><\/p>\n<p style=\"text-align: center;\"><em>Sovereignin juurella sijaitsee hotelli<\/em><\/p>\n<p style=\"text-align: justify;\">Asunto olikin maisemiltaan aivan k\u00e4sitt\u00e4m\u00e4t\u00f6n ja yksi koko metropolialueen korkeimpia! Parveke oli valtava ja etel\u00e4st\u00e4 paistava keskip\u00e4iv\u00e4n aurinko helli l\u00e4mpim\u00e4sti. Aloimmekin \u00e4kki\u00e4 innostumaan asunnosta aivan uudella tavalla, mutta valitettavasti tilaa ei ollut sittenk\u00e4\u00e4n tarpeeksi huonekaluille. Makuuhuoneet olivat j\u00e4lleen aivan liian pienet millek\u00e4\u00e4n j\u00e4rkev\u00e4lle, joten jouduimme skippaamaan t\u00e4m\u00e4n jokeriksi paljastuneen upeiden maisemien asunnon.<\/p>\n<p style=\"text-align: center;\"><a href=\"\/blog\/wp-content\/uploads\/2015\/sovereign_maisema2.jpg\"><img decoding=\"async\" src=\"\/blog\/wp-content\/uploads\/2015\/thumbs\/thumbs_sovereign_maisema2.jpg\" \/><\/a><a href=\"\/blog\/wp-content\/uploads\/2015\/sovereign_maisema1.jpg\"><img decoding=\"async\" src=\"\/blog\/wp-content\/uploads\/2015\/thumbs\/thumbs_sovereign_maisema1.jpg\" \/><\/a><a href=\"\/blog\/wp-content\/uploads\/2015\/crystal_mall_ylhaalta.jpg\"><img decoding=\"async\" src=\"\/blog\/wp-content\/uploads\/2015\/thumbs\/thumbs_crystal_mall_ylhaalta.jpg\" \/><\/a><br \/>\n<a href=\"\/blog\/wp-content\/uploads\/2015\/station_square_sovereignista2.jpg\"><img decoding=\"async\" src=\"\/blog\/wp-content\/uploads\/2015\/thumbs\/thumbs_station_square_sovereignista2.jpg\" \/><\/a><a href=\"\/blog\/wp-content\/uploads\/2015\/metropolis_sovereignista.jpg\"><img decoding=\"async\" src=\"\/blog\/wp-content\/uploads\/2015\/thumbs\/thumbs_metropolis_sovereignista.jpg\" \/><\/a><a href=\"\/blog\/wp-content\/uploads\/2015\/metroplace_silver_sovereignista.jpg\"><img decoding=\"async\" src=\"\/blog\/wp-content\/uploads\/2015\/thumbs\/thumbs_metroplace_silver_sovereignista.jpg\" \/><\/a><br \/>\n<a href=\"\/blog\/wp-content\/uploads\/2015\/burnaby_mountain_sovereignista.jpg\"><img decoding=\"async\" src=\"\/blog\/wp-content\/uploads\/2015\/thumbs\/thumbs_burnaby_mountain_sovereignista.jpg\" \/><\/a><a href=\"\/blog\/wp-content\/uploads\/2015\/deer_lake_sovereignista.jpg\"><img decoding=\"async\" src=\"\/blog\/wp-content\/uploads\/2015\/thumbs\/thumbs_deer_lake_sovereignista.jpg\" \/><\/a><\/p>\n<p style=\"text-align: center;\"><em>Maisemat yli kaiken<\/em><\/p>\n<p style=\"text-align: justify;\">Emme voineet tuolloin aavistaa, ett\u00e4 vuotta my\u00f6hemmin p\u00e4\u00e4tyisimme sittenkin <a title=\"Muutto Burnabyyn\" href=\"https:\/\/www.vuosiamaailmalla.fi\/?p=8202\">muuttamaan Metrotowniin<\/a> viel\u00e4 t\u00e4t\u00e4kin hulppeampaan asuntoon, mutta ensiksi edess\u00e4mme olisi vuosi pieness\u00e4 &#8221;koirankopissa&#8221; asumista sapattini ajan.<\/p>\n<p style=\"text-align: center;\"><a href=\"\/blog\/wp-content\/uploads\/2015\/sovereign_panoraama.jpg\"><img decoding=\"async\" src=\"\/blog\/wp-content\/uploads\/2015\/sovereign_panoraama_pieni.jpg\" \/><\/a><\/p>\n<p style=\"text-align: center;\"><em>T\u00e4nne viel\u00e4 palattaisiin<\/em><\/p>\n<p style=\"text-align: justify;\">T\u00e4llainen siis oli <a title=\"Asunnonmets\u00e4styst\u00e4 Vancouverissa\" href=\"https:\/\/www.vuosiamaailmalla.fi\/?p=621\">asunnon etsint\u00e4mme<\/a> t\u00e4ll\u00e4 kierroksella ja vaikka erilaisia asuntoja onkin mukava n\u00e4hd\u00e4, muuttuu homma helposti ep\u00e4toivoiseksi, varsinkin jos on takarajaa vasten. Me emme l\u00f6yt\u00e4neet kelvollista asuntoa ajoissa ja muutimme siksi v\u00e4liaikaiseen ratkaisuun, mik\u00e4 oli lopulta t\u00e4ysin oikea ratkaisu.<\/p>\n<p style=\"text-align: justify;\">Vancouverin t\u00e4m\u00e4n hetken ongelma on, ett\u00e4 <a title=\"Karannut kanadalainen unelma\" href=\"https:\/\/www.vuosiamaailmalla.fi\/?p=7518\">kaikki on niin kallista<\/a>, ett\u00e4 t\u00e4ysin romustakin pyydet\u00e4\u00e4n valtavia summia. Samalla my\u00f6s kaikki v\u00e4h\u00e4nk\u00e4\u00e4n tilavammat asunnot on hinnoiteltu pilviin, mik\u00e4 tekee tilanteesta aivan kest\u00e4m\u00e4tt\u00f6m\u00e4n. Meille onkin t\u00e4ysin mysteeri miten voi riitt\u00e4\u00e4 maksukykyisi\u00e4 ihmisi\u00e4 n\u00e4ihin tuhansiin ylihintaisiin asuntoihin?<\/p>\n<p style=\"text-align: justify;\">Toki meill\u00e4kin olisi ollut varaa ottaa melkein mik\u00e4 vain n\u00e4kem\u00e4mme asunto, mutta emme vain n\u00e4hneet niit\u00e4 niist\u00e4 pyydetyn hinnan arvoisina. Ei vain ole j\u00e4rke\u00e4 pist\u00e4\u00e4 suurta osaa tuloistaan vuokraan, mink\u00e4 vuoksi skippasimme niin monta huonona diilin\u00e4 pit\u00e4m\u00e4\u00e4mme vaihtoehtoa. Valitettavasti vaatii kuitenkin kymmenien asuntojen n\u00e4kemist\u00e4, ett\u00e4 osaa asettaa hyv\u00e4n ja huonon diilin rajan johonkin. Meill\u00e4 k\u00e4vi kuitenkin lopulta tuuri ja nirsoutemme kannatti.<\/p>\n<p style=\"text-align: justify;\">N\u00e4ill\u00e4 sanoilla toivon kuitenkin, ettemme joudu vuosiin etsim\u00e4\u00e4n uutta asuntoa. Vancouverin asuntomarkkinoilla mik\u00e4\u00e4n ei ole kuitenkaan varmaa, joten saa n\u00e4hd\u00e4 miten k\u00e4y.<\/p>\n","protected":false},"excerpt":{"rendered":"<p>Niin siin\u00e4 sitten k\u00e4vi, ett\u00e4 kaikesta huolimatta meilt\u00e4 loppui aika ja jouduimme muuttamaan v\u00e4liaikaiseen asuntoon, jossa olemme nyt totutelleet uuteen arkeen muutaman kuukauden ajan. Paljon ehti kuitenkin tapahtua ennen t\u00e4nne muuttoa ja n\u00e4imme yli kaksikymment\u00e4 eri asuntoa ennen ratkaisuumme p\u00e4\u00e4tymist\u00e4. Kerroin aiemmassa kirjoituksessani 11 ensimm\u00e4isest\u00e4 n\u00e4hdyst\u00e4 asunnosta ja esittelen t\u00e4ss\u00e4 nyt loput kymmenisen asuntoa.<\/p>\n","protected":false},"author":1,"featured_media":8441,"comment_status":"open","ping_status":"open","sticky":false,"template":"","format":"standard","meta":{"_jetpack_memberships_contains_paid_content":false,"footnotes":""},"categories":[17,3,4],"tags":[34,932,77,78,1177,1179,108,935,1176,590,413,939,211,940,448,360,215],"class_list":["post-8440","post","type-post","status-publish","format-standard","has-post-thumbnail","hentry","category-arki-kanadassa","category-arki-ulkomailla","category-asuminen-kanadassa","tag-arki","tag-asunto","tag-burnaby","tag-burnaby-metrotown","tag-central","tag-emery-barnes-park","tag-false-creek","tag-kanada","tag-olympic-village","tag-sovereign","tag-the-mark","tag-vancouver","tag-vancouver-coal-harbour","tag-vancouver-downtown","tag-vancouver-fairview","tag-vancouver-mount-pleasant","tag-vancouver-yaletown"],"jetpack_featured_media_url":"https:\/\/www.vuosiamaailmalla.fi\/blog\/wp-content\/uploads\/7th_street_panoraama_banner.jpg","jetpack_sharing_enabled":true,"_links":{"self":[{"href":"https:\/\/www.vuosiamaailmalla.fi\/blog\/wp-json\/wp\/v2\/posts\/8440","targetHints":{"allow":["GET"]}}],"collection":[{"href":"https:\/\/www.vuosiamaailmalla.fi\/blog\/wp-json\/wp\/v2\/posts"}],"about":[{"href":"https:\/\/www.vuosiamaailmalla.fi\/blog\/wp-json\/wp\/v2\/types\/post"}],"author":[{"embeddable":true,"href":"https:\/\/www.vuosiamaailmalla.fi\/blog\/wp-json\/wp\/v2\/users\/1"}],"replies":[{"embeddable":true,"href":"https:\/\/www.vuosiamaailmalla.fi\/blog\/wp-json\/wp\/v2\/comments?post=8440"}],"version-history":[{"count":3,"href":"https:\/\/www.vuosiamaailmalla.fi\/blog\/wp-json\/wp\/v2\/posts\/8440\/revisions"}],"predecessor-version":[{"id":13912,"href":"https:\/\/www.vuosiamaailmalla.fi\/blog\/wp-json\/wp\/v2\/posts\/8440\/revisions\/13912"}],"wp:featuredmedia":[{"embeddable":true,"href":"https:\/\/www.vuosiamaailmalla.fi\/blog\/wp-json\/wp\/v2\/media\/8441"}],"wp:attachment":[{"href":"https:\/\/www.vuosiamaailmalla.fi\/blog\/wp-json\/wp\/v2\/media?parent=8440"}],"wp:term":[{"taxonomy":"category","embeddable":true,"href":"https:\/\/www.vuosiamaailmalla.fi\/blog\/wp-json\/wp\/v2\/categories?post=8440"},{"taxonomy":"post_tag","embeddable":true,"href":"https:\/\/www.vuosiamaailmalla.fi\/blog\/wp-json\/wp\/v2\/tags?post=8440"}],"curies":[{"name":"wp","href":"https:\/\/api.w.org\/{rel}","templated":true}]}}