{"id":8445,"date":"2016-09-26T18:07:11","date_gmt":"2016-09-27T01:07:11","guid":{"rendered":"http:\/\/13.53.127.146\/?p=8445"},"modified":"2024-10-20T13:46:05","modified_gmt":"2024-10-20T20:46:05","slug":"kuninkaallinen-vierailu","status":"publish","type":"post","link":"https:\/\/www.vuosiamaailmalla.fi\/blog\/2016\/kuninkaallinen-vierailu\/","title":{"rendered":"Kuninkaallinen vierailu"},"content":{"rendered":"<p style=\"text-align: justify;\">Kuninkaallisten vierailu on suuri uutinen ja tapahtuma miss\u00e4 tahansa p\u00e4in maailmaa erityisesti, kun kyseess\u00e4 ovat Iso-Britannian tuleva kuningaspari sek\u00e4 superjulkkikset William ja Kate. Pari vieraili Kanadassa ensimm\u00e4isen kerran vuonna 2011, mutta tuolloin he eiv\u00e4t enn\u00e4tt\u00e4neet t\u00e4nne British Columbiaan, mik\u00e4 j\u00e4i harmittamaan monia. Nyt haavoihin saadaan kuitenkin balsamia, sill\u00e4 eilen pariskunta saapui kahdeksan p\u00e4iv\u00e4n mittaiselle visiitille juuri t\u00e4nne l\u00e4nsirannikolle.<\/p>\n<p><!--more--><\/p>\n<p style=\"text-align: center;\"><a href=\"\/blog\/wp-content\/uploads\/2016\/kuninkaallinen_vierailu1.jpg\"><img decoding=\"async\" src=\"\/blog\/wp-content\/uploads\/2016\/thumbs\/thumbs_kuninkaallinen_vierailu1.jpg\" \/><\/a><a href=\"\/blog\/wp-content\/uploads\/2016\/kuninkaallinen_vierailu2.jpg\"><img decoding=\"async\" src=\"\/blog\/wp-content\/uploads\/2016\/thumbs\/thumbs_kuninkaallinen_vierailu2.jpg\" \/><\/a><\/p>\n<p style=\"text-align: center;\"><em>Kuninkaalliset vieraat Vancouverissa<\/em><\/p>\n<p style=\"text-align: justify;\">William ja Kate saapuivat p\u00e4\u00e4kaupunki Victoriaan eilen sunnuntaina, josta matka jatkui <a title=\"Kanada \u00e4\u00e4nesti muutoksen puolesta\" href=\"https:\/\/www.vuosiamaailmalla.fi\/blog\/2015\/kanada-aanesti-muutoksen-puolesta\/\">p\u00e4\u00e4ministeri Justin Trudeaun<\/a> kanssa pidettyjen juhlallisuuksien j\u00e4lkeen vesitasolla Vancouveriin, jossa innokas ihmislauma tervehti kuninkaallista paria Coal Harbourissa. Vierailu jatkui Vancouverista t\u00e4n\u00e4\u00e4n maanantaina sateisen kelin saattelemana yl\u00f6s l\u00e4nsirannikkoa <a title=\"Kanadan v\u00e4itetty kansanmurha\" href=\"https:\/\/www.vuosiamaailmalla.fi\/blog\/2024\/kanadan-vaitetty-kansanmurha\/\">alkuper\u00e4isasukkaisen<\/a> asuttamalle Bella Bellan saarelle, jossa pari tutustui paikalliseen kulttuuriin.<\/p>\n<p style=\"text-align: center;\"><iframe loading=\"lazy\" src=\"https:\/\/www.youtube-nocookie.com\/embed\/sKVKmZ178Ag?rel=0\" width=\"560\" height=\"315\" frameborder=\"0\" allowfullscreen=\"allowfullscreen\"><\/iframe><\/p>\n<p style=\"text-align: justify;\">Kaikissa vierailukohteissa kuninkaallista paria ovat olleet vastaanottamassa tuhannet innostuneet kanadalaiset, joista moni on odottanut t\u00e4t\u00e4 hetke\u00e4 pitk\u00e4\u00e4n. Erityisen kiinnostuneita ihmiset ovat olleet n\u00e4kem\u00e4\u00e4n edes vilauksen parin kahdesta lapsesta, prinssi Georgesta sek\u00e4 prinsessa Charlottesta, jotka ovat my\u00f6s mukana matkassa ja jotka my\u00f6s n\u00e4htiin Victorian lentokent\u00e4ll\u00e4.<\/p>\n<p style=\"text-align: justify;\">Kuninkaallisen humun j\u00e4lkimainingeissa monet kuitenkin kysyv\u00e4t mit\u00e4 vierailu kustantaa kanadalaisille, sill\u00e4 parin edellinen Kanadan vierailu maksoi kaikkine j\u00e4rjestelyineen 1,2 miljoonaa dollaria. Viel\u00e4 t\u00e4t\u00e4kin kalliimpi oli itse <a title=\"Kauan el\u00e4k\u00f6\u00f6n kuningas\" href=\"https:\/\/www.vuosiamaailmalla.fi\/blog\/2022\/kauan-elakoon-kuningas\/\">kuningatar Elisabet II:n<\/a> vierailu maassa vuonna 2010, jonka hintalapuksi arvioidaan noin 2,8 miljoonaa. Arvostelijoita tuskin lohduttaa tieto siit\u00e4, ett\u00e4 laskennallisesti Iso-Britannian kuningashuoneesta koituu tavalliselle kanadalaiselle maksettavaa ainoastaan <a title=\"Laskeva loonie\" href=\"https:\/\/www.vuosiamaailmalla.fi\/blog\/2016\/laskeva-loonie\/\">kaksi dollaria<\/a> vuodessa, mik\u00e4 sekin on joidenkin mielest\u00e4 kaksi dollaria liikaa.<\/p>\n","protected":false},"excerpt":{"rendered":"<p>Kuninkaallisten vierailu on suuri uutinen ja tapahtuma miss\u00e4 tahansa p\u00e4in maailmaa erityisesti, kun kyseess\u00e4 ovat Iso-Britannian tuleva kuningaspari sek\u00e4 superjulkkikset William ja Kate. Pari vieraili Kanadassa ensimm\u00e4isen kerran vuonna 2011, mutta tuolloin he eiv\u00e4t enn\u00e4tt\u00e4neet t\u00e4nne British Columbiaan, mik\u00e4 j\u00e4i harmittamaan monia. Nyt haavoihin saadaan kuitenkin balsamia, sill\u00e4 eilen pariskunta saapui kahdeksan p\u00e4iv\u00e4n mittaiselle visiitille &hellip; <a href=\"https:\/\/www.vuosiamaailmalla.fi\/blog\/2016\/kuninkaallinen-vierailu\/\" class=\"more-link\">Jatka lukemista<span class=\"screen-reader-text\"> &#8221;Kuninkaallinen vierailu&#8221;<\/span><\/a><\/p>\n","protected":false},"author":1,"featured_media":8446,"comment_status":"open","ping_status":"open","sticky":false,"template":"","format":"standard","meta":{"_jetpack_memberships_contains_paid_content":false,"footnotes":""},"categories":[17,3],"tags":[25,1178,935,1729,939,1062],"class_list":["post-8445","post","type-post","status-publish","format-standard","has-post-thumbnail","hentry","category-arki-kanadassa","category-arki-ulkomailla","tag-ajankohtaista","tag-iso-britannia","tag-kanada","tag-kuninkaalliset","tag-vancouver","tag-victoria"],"jetpack_featured_media_url":"https:\/\/www.vuosiamaailmalla.fi\/blog\/wp-content\/uploads\/kuninkaallinen_vierailu_banner.jpg","jetpack_sharing_enabled":true,"_links":{"self":[{"href":"https:\/\/www.vuosiamaailmalla.fi\/blog\/wp-json\/wp\/v2\/posts\/8445","targetHints":{"allow":["GET"]}}],"collection":[{"href":"https:\/\/www.vuosiamaailmalla.fi\/blog\/wp-json\/wp\/v2\/posts"}],"about":[{"href":"https:\/\/www.vuosiamaailmalla.fi\/blog\/wp-json\/wp\/v2\/types\/post"}],"author":[{"embeddable":true,"href":"https:\/\/www.vuosiamaailmalla.fi\/blog\/wp-json\/wp\/v2\/users\/1"}],"replies":[{"embeddable":true,"href":"https:\/\/www.vuosiamaailmalla.fi\/blog\/wp-json\/wp\/v2\/comments?post=8445"}],"version-history":[{"count":5,"href":"https:\/\/www.vuosiamaailmalla.fi\/blog\/wp-json\/wp\/v2\/posts\/8445\/revisions"}],"predecessor-version":[{"id":13794,"href":"https:\/\/www.vuosiamaailmalla.fi\/blog\/wp-json\/wp\/v2\/posts\/8445\/revisions\/13794"}],"wp:featuredmedia":[{"embeddable":true,"href":"https:\/\/www.vuosiamaailmalla.fi\/blog\/wp-json\/wp\/v2\/media\/8446"}],"wp:attachment":[{"href":"https:\/\/www.vuosiamaailmalla.fi\/blog\/wp-json\/wp\/v2\/media?parent=8445"}],"wp:term":[{"taxonomy":"category","embeddable":true,"href":"https:\/\/www.vuosiamaailmalla.fi\/blog\/wp-json\/wp\/v2\/categories?post=8445"},{"taxonomy":"post_tag","embeddable":true,"href":"https:\/\/www.vuosiamaailmalla.fi\/blog\/wp-json\/wp\/v2\/tags?post=8445"}],"curies":[{"name":"wp","href":"https:\/\/api.w.org\/{rel}","templated":true}]}}