{"id":8478,"date":"2016-10-29T12:00:47","date_gmt":"2016-10-29T19:00:47","guid":{"rendered":"http:\/\/13.53.127.146\/?p=8478"},"modified":"2021-01-01T17:25:55","modified_gmt":"2021-01-02T01:25:55","slug":"vuosia-maailmalla-4-0","status":"publish","type":"post","link":"https:\/\/www.vuosiamaailmalla.fi\/blog\/2016\/vuosia-maailmalla-4-0\/","title":{"rendered":"Vuosia Maailmalla 4.0"},"content":{"rendered":"<p style=\"text-align: justify;\">Kuten blogini lukijat ovat varmasti muutaman viime viikon aikana huomanneet, olen p\u00e4ivitt\u00e4nyt blogini ulkoasun uuteen versioon, joka on j\u00e4rjestyksess\u00e4\u00e4n jo nelj\u00e4s iteraatio blogistani! Bloginihan sai alkunsa <a title=\"Kolme p\u00e4iv\u00e4\u00e4 l\u00e4ht\u00f6\u00f6n\" href=\"http:\/\/www.vuosiamaailmalla.fi\/blog\/2006\/kolme-paivaa-lahtoon\/\">vuonna 2006<\/a>, jolloin aloin kirjoittamaan <a title=\"Perill\u00e4 Dortmundissa!\" href=\"http:\/\/www.vuosiamaailmalla.fi\/blog\/2006\/perilla-dortmundissa\/\">Saksaan muuttoon<\/a> liittyvist\u00e4 tunnelmistamme er\u00e4\u00e4lle foorumille, mik\u00e4 oli &#8221;blogin&#8221; ensimm\u00e4inen ensimm\u00e4inen versio. Varsinaisen blogin perustin kaksi vuotta my\u00f6hemmin, kun siirryin foorumialustalta kirjoittamaan <em>Vuodatus.netin <\/em>alustalle, mik\u00e4 oli blogin <a title=\"Uusi ulkoasu 2.0\" href=\"http:\/\/www.vuosiamaailmalla.fi\/blog\/2011\/uusi-ulkoasu-2-0\/\">toinen sukupolvi<\/a>.<\/p>\n<p><!--more--><\/p>\n<p style=\"text-align: center;\"><a href=\"\/blog\/wp-content\/uploads\/2011\/uusi_ulkoasu.jpg\"><img decoding=\"async\" src=\"\/blog\/wp-content\/uploads\/2011\/uusi_ulkoasu.jpg\" \/><\/a><\/p>\n<p style=\"text-align: center;\"><em>Versio 2.0 oli v\u00e4rik\u00e4s mutta sekava<\/em><\/p>\n<p style=\"text-align: justify;\">Kolmas aikakausi koitti <a title=\"Blogi 3.0\" href=\"http:\/\/www.vuosiamaailmalla.fi\/blog\/2012\/blogi-3-0\/\">vuonna 2012<\/a>, kun Vuodatuksen ongelmien j\u00e4lkimainingeissa otin blogin kokonaan omaan hallintaani siirt\u00e4m\u00e4ll\u00e4 se <em>WordPressiin<\/em> perustuvaksi. T\u00e4m\u00e4 kolmosversio sai t\u00e4ydennyst\u00e4 muutama vuosi my\u00f6hemmin, lis\u00e4tty\u00e4ni ulkoasuun lis\u00e4\u00e4 grafiikkaa synnytt\u00e4en ep\u00e4virallisen version 3.5. Valitettavasti kolmosversio on kuitenkin k\u00e4rsinyt <a title=\"Vauhtia uusista nimipalvelimista\" href=\"http:\/\/www.vuosiamaailmalla.fi\/blog\/2012\/vauhtia-uusista-nimipalvelimista\/\">nopeusongelmista<\/a> jo pitk\u00e4\u00e4n, mik\u00e4 liittyy palveluntarjoajaani. Tilanne on vuoroin parantunut ja pahentunut, mutta k\u00e4rsiv\u00e4llisyyteni on lopussa ja tulenkin <a title=\"Blogin viides sukupolvi\" href=\"http:\/\/www.vuosiamaailmalla.fi\/blog\/2021\/blogin-viides-sukupolvi-5-0\/\">harkitsemaan tarkasti jatkoa<\/a> sopimukseni p\u00e4\u00e4tteeksi. Kuitenkin jo t\u00e4t\u00e4 ennen <a title=\"Blogin s\u00e4\u00e4t\u00f6\u00e4\" href=\"http:\/\/www.vuosiamaailmalla.fi\/blog\/2016\/blogin-saatoa\/\">p\u00e4ivitin sivuston<\/a> nyt syyskuussa uuteen teemaan, mink\u00e4 katson nyt aloittavan kokonaan uuden ja j\u00e4rjestyksess\u00e4\u00e4n jo nelj\u00e4nnen sukupolven!<\/p>\n<p style=\"text-align: center;\"><a href=\"\/blog\/wp-content\/uploads\/2015\/valmis_blogikirjoitus.jpg\"><img decoding=\"async\" src=\"\/blog\/wp-content\/uploads\/2015\/valmis_blogikirjoitus.jpg\" \/><\/a><\/p>\n<p style=\"text-align: center;\"><em>Kolmosversion ongelmana on ollut hitaus<\/em><\/p>\n<p style=\"text-align: justify;\">Uuden version n\u00e4kyvimpi\u00e4 muutoksia ovat grafiikan lis\u00e4\u00e4ntyminen etusivulla sek\u00e4 kuvien laadun nostaminen aiempaa korkeammaksi. Uusi teema skaalautuu my\u00f6s t\u00e4ydellisesti pienillekin ruuduille ja on siten miellytt\u00e4v\u00e4mpi k\u00e4ytt\u00e4\u00e4 <a title=\"Kameralaitteisto: Nokia 9 PureView\" href=\"http:\/\/www.vuosiamaailmalla.fi\/blog\/2020\/kameralaitteisto-nokia-9-pureview\/\">mobiililaitteilla<\/a> luettaessa. Kuvieni laadusta, johon siis pyrin panostamaan vanhojenkin kirjoitusten kohdalla, saa kuitenkin edelleen eniten irti kunnollisella n\u00e4yt\u00f6ll\u00e4. Kaikki viime vuosien kuvat ovat kooltaan 1200&#215;800 pikseli\u00e4 ja panoraamojen yl\u00e4kokona on 2500 pikselin leveys, mik\u00e4 vaatii <a title=\"Lis\u00e4\u00e4 ty\u00f6p\u00f6yt\u00e4tilaa\" href=\"http:\/\/www.vuosiamaailmalla.fi\/blog\/2020\/lisaa-tyopoytatilaa\/\">kookkaan n\u00e4yt\u00f6n<\/a> oikeassa kuvasuhteessa n\u00e4ky\u00e4kseen. Nettikaistaa s\u00e4\u00e4st\u00e4\u00e4kseni olen my\u00f6s optimoinut kuvien fyysist\u00e4 kokoa sek\u00e4 latautumista, mink\u00e4 pit\u00e4isi nopeuttaa sivujen latautumista ennen mahdollista uusille palvelimille siirtymist\u00e4.<\/p>\n<p style=\"text-align: center;\"><a href=\"\/blog\/wp-content\/uploads\/2016\/blogi_4_0_ulkoasu.jpg\"><img decoding=\"async\" src=\"\/blog\/wp-content\/uploads\/2016\/blogi_4_0_ulkoasu.jpg\" \/><\/a><\/p>\n<p style=\"text-align: center;\"><em>Uusi helppo ja skaalautuva ulkoasu 4.0<\/em><\/p>\n<p style=\"text-align: justify;\">Muutosten siirt\u00e4minen kaikkiin <a title=\"700 kirjoitusta\" href=\"https:\/\/www.vuosiamaailmalla.fi\/?p=8324\">yli 700 kirjoitukseen<\/a> ottaa kuitenkin aikansa, joten sivuston sis\u00e4ll\u00e4 voi esiinty\u00e4 eroavaisuuksia viel\u00e4 pitk\u00e4\u00e4n. Jatkan my\u00f6s pienten muutosten tekemist\u00e4 aina ajan niin salliessa, jotka parantavat kokemusta entisest\u00e4\u00e4n.<\/p>\n<p style=\"text-align: justify;\">Toivoakseni uusi tuore ulkoasu on lukijoideni mieleen ja otan mieluusti vastaan <a title=\"Pisteytys kirjoituksiin\" href=\"http:\/\/www.vuosiamaailmalla.fi\/blog\/2012\/pisteytys-kirjoituksiin\/\">palautetta<\/a> muutoksesta alapuoleisen \u00e4\u00e4nestyksen tai kommenttien muodossa. Kiitos mielenkiinnostanne blogiani kohtaan ja hyv\u00e4\u00e4 syksy\u00e4!<\/p>\n<p style=\"text-align: center;\"><div id=\"polls-8\" class=\"wp-polls\">\n\t\t<p style=\"text-align: left;\"><strong>Mielipiteesi blogin uudesta 4.0 ulkoasusta?<\/strong><\/p><div id=\"polls-8-ans\" class=\"wp-polls-ans\"><ul class=\"wp-polls-ul\">\n\t\t<li>Pid\u00e4n kovasti! Erinomainen p\u00e4ivitys t\u00e4h\u00e4n p\u00e4iv\u00e4\u00e4n. <br\/><small>(57%, 13 \u00e4\u00e4nt\u00e4)<\/small><div class=\"pollbar\" style=\"width: 57%;\" title=\"Pid\u00e4n kovasti! Erinomainen p\u00e4ivitys t\u00e4h\u00e4n p\u00e4iv\u00e4\u00e4n. (57% | 13 \u00e4\u00e4nt\u00e4)\"><\/div><\/li>\n\t\t<li>Mik\u00e4 muuttui? En ole huomannut mit\u00e4\u00e4n uutta. <br\/><small>(22%, 5 \u00e4\u00e4nt\u00e4)<\/small><div class=\"pollbar\" style=\"width: 22%;\" title=\"Mik\u00e4 muuttui? En ole huomannut mit\u00e4\u00e4n uutta. (22% | 5 \u00e4\u00e4nt\u00e4)\"><\/div><\/li>\n\t\t<li>Pieni, mutta positiivinen askel oikeaan suuntaan. <br\/><small>(13%, 3 \u00e4\u00e4nt\u00e4)<\/small><div class=\"pollbar\" style=\"width: 13%;\" title=\"Pieni, mutta positiivinen askel oikeaan suuntaan. (13% | 3 \u00e4\u00e4nt\u00e4)\"><\/div><\/li>\n\t\t<li>Aiempi ulkoasu oli enemm\u00e4n mieleeni. <br\/><small>(4%, 1 \u00e4\u00e4nt\u00e4)<\/small><div class=\"pollbar\" style=\"width: 4%;\" title=\"Aiempi ulkoasu oli enemm\u00e4n mieleeni. (4% | 1 \u00e4\u00e4nt\u00e4)\"><\/div><\/li>\n\t\t<li>En pid\u00e4. Blogi on t\u00e4ydellisen uudistuksen tarpeessa. <br\/><small>(4%, 1 \u00e4\u00e4nt\u00e4)<\/small><div class=\"pollbar\" style=\"width: 4%;\" title=\"En pid\u00e4. Blogi on t\u00e4ydellisen uudistuksen tarpeessa. (4% | 1 \u00e4\u00e4nt\u00e4)\"><\/div><\/li>\n\t\t<\/ul><p style=\"text-align: center;\">\u00c4\u00e4nest\u00e4ji\u00e4 yhteens\u00e4: <strong>23<\/strong><\/p><\/div>\n\t\t<input type=\"hidden\" id=\"poll_8_nonce\" name=\"wp-polls-nonce\" value=\"9607c0dd12\" \/>\n<\/div>\n<div id=\"polls-8-loading\" class=\"wp-polls-loading\"><img loading=\"lazy\" decoding=\"async\" src=\"https:\/\/www.vuosiamaailmalla.fi\/blog\/wp-content\/plugins\/wp-polls\/images\/loading.gif\" width=\"16\" height=\"16\" alt=\"Loading ...\" title=\"Loading ...\" class=\"wp-polls-image\" \/>&nbsp;Loading ...<\/div>\n<\/p>\n","protected":false},"excerpt":{"rendered":"<p>Kuten blogini lukijat ovat varmasti muutaman viime viikon aikana huomanneet, olen p\u00e4ivitt\u00e4nyt blogini ulkoasun uuteen versioon, joka on j\u00e4rjestyksess\u00e4\u00e4n jo nelj\u00e4s iteraatio blogistani! Bloginihan sai alkunsa vuonna 2006, jolloin aloin kirjoittamaan Saksaan muuttoon liittyvist\u00e4 tunnelmistamme er\u00e4\u00e4lle foorumille, mik\u00e4 oli &#8221;blogin&#8221; ensimm\u00e4inen ensimm\u00e4inen versio. Varsinaisen blogin perustin kaksi vuotta my\u00f6hemmin, kun siirryin foorumialustalta kirjoittamaan Vuodatus.netin alustalle, &hellip; <a href=\"https:\/\/www.vuosiamaailmalla.fi\/blog\/2016\/vuosia-maailmalla-4-0\/\" class=\"more-link\">Jatka lukemista<span class=\"screen-reader-text\"> &#8221;Vuosia Maailmalla 4.0&#8221;<\/span><\/a><\/p>\n","protected":false},"author":1,"featured_media":8576,"comment_status":"open","ping_status":"open","sticky":false,"template":"","format":"standard","meta":{"_jetpack_memberships_contains_paid_content":false,"footnotes":""},"categories":[226],"tags":[25],"class_list":["post-8478","post","type-post","status-publish","format-standard","has-post-thumbnail","hentry","category-blogista","tag-ajankohtaista"],"jetpack_featured_media_url":"https:\/\/www.vuosiamaailmalla.fi\/blog\/wp-content\/uploads\/blogi_4_0_ulkoasu_banner.jpg","jetpack_sharing_enabled":true,"_links":{"self":[{"href":"https:\/\/www.vuosiamaailmalla.fi\/blog\/wp-json\/wp\/v2\/posts\/8478","targetHints":{"allow":["GET"]}}],"collection":[{"href":"https:\/\/www.vuosiamaailmalla.fi\/blog\/wp-json\/wp\/v2\/posts"}],"about":[{"href":"https:\/\/www.vuosiamaailmalla.fi\/blog\/wp-json\/wp\/v2\/types\/post"}],"author":[{"embeddable":true,"href":"https:\/\/www.vuosiamaailmalla.fi\/blog\/wp-json\/wp\/v2\/users\/1"}],"replies":[{"embeddable":true,"href":"https:\/\/www.vuosiamaailmalla.fi\/blog\/wp-json\/wp\/v2\/comments?post=8478"}],"version-history":[{"count":3,"href":"https:\/\/www.vuosiamaailmalla.fi\/blog\/wp-json\/wp\/v2\/posts\/8478\/revisions"}],"predecessor-version":[{"id":11206,"href":"https:\/\/www.vuosiamaailmalla.fi\/blog\/wp-json\/wp\/v2\/posts\/8478\/revisions\/11206"}],"wp:featuredmedia":[{"embeddable":true,"href":"https:\/\/www.vuosiamaailmalla.fi\/blog\/wp-json\/wp\/v2\/media\/8576"}],"wp:attachment":[{"href":"https:\/\/www.vuosiamaailmalla.fi\/blog\/wp-json\/wp\/v2\/media?parent=8478"}],"wp:term":[{"taxonomy":"category","embeddable":true,"href":"https:\/\/www.vuosiamaailmalla.fi\/blog\/wp-json\/wp\/v2\/categories?post=8478"},{"taxonomy":"post_tag","embeddable":true,"href":"https:\/\/www.vuosiamaailmalla.fi\/blog\/wp-json\/wp\/v2\/tags?post=8478"}],"curies":[{"name":"wp","href":"https:\/\/api.w.org\/{rel}","templated":true}]}}