{"id":8515,"date":"2011-07-16T16:36:31","date_gmt":"2011-07-16T23:36:31","guid":{"rendered":"http:\/\/13.53.127.146\/?p=8515"},"modified":"2016-10-16T17:00:18","modified_gmt":"2016-10-17T00:00:18","slug":"historiallinen-asuinkorttelimme-nikolaiviertel","status":"publish","type":"post","link":"https:\/\/www.vuosiamaailmalla.fi\/blog\/2011\/historiallinen-asuinkorttelimme-nikolaiviertel\/","title":{"rendered":"Historiallinen asuinkorttelimme Nikolaiviertel"},"content":{"rendered":"<p style=\"text-align: justify;\">Saksan p\u00e4\u00e4kaupunki Berliini t\u00e4ytt\u00e4\u00e4 ensi vuonna 775 vuotta. Kaupungin perustamisvuonna pidet\u00e4\u00e4n vuotta 1237, jolloin nykyisen <em>Museuminselin<\/em> museosaarella sijainnut C\u00f6lln mainitaan ensimm\u00e4isen kerran kirkonkirjoissa. T\u00e4t\u00e4kin vanhempia mainintoja l\u00f6ytyy Spandausta ja K\u00f6penickist\u00e4, mutta nykyisen Berliinin l\u00e4hi\u00f6in\u00e4 t\u00e4m\u00e4 ei ole olennaista, sill\u00e4 ne olivat pitk\u00e4\u00e4n kilpailevia t\u00e4ysin erillisi\u00e4 naapurikaupunkeja.<\/p>\n<p><!--more--><\/p>\n<p style=\"text-align: justify;\">C\u00f6llnin sijainti keskeisell\u00e4 paikalla Spree-joen rannalla tarjosi kaupungille hyv\u00e4t mahdollisuudet kontrolloida jokiliikennett\u00e4 sek\u00e4 ker\u00e4t\u00e4 arvokkaita tulleja. C\u00f6lln ei ollut kuitenkaan alueen ainoa asutuskeskittym\u00e4, vaan heti Spreen vastarannalla sijaitsi Alt-Berlinin\u00e4 tunnettu keskus, joka mainitaan ensimm\u00e4isen kerran vuonna 1244. Alueella on ollut asutusta toki jo paljon t\u00e4t\u00e4kin ennen, mutta yleisesti maininta kirkonkirjoissa osoittaa vakiintunutta paikan nime\u00e4. Alueella oli kuitenkin jo tuolloin paljon asutusta ja Alt-Berlinin puolella rakennettiin jo 1230-luvulla kirkkoa, joka valmistui vuonna 1243. T\u00e4m\u00e4 <em>Nikolaikirchen\u00e4<\/em> tunnettu kirkko seisoo samalla paikalla edelleen ja on nykyisen Berliinin vanhin rakennus.<\/p>\n<p style=\"text-align: center;\"><a href=\"\/blog\/wp-content\/uploads\/2010\/nikolaiviertel1.jpg\"><img decoding=\"async\" src=\"\/blog\/wp-content\/uploads\/2010\/nikolaiviertel1.jpg\" \/><\/a><\/p>\n<p style=\"text-align: center;\"><em>Nikolaikirchen kaksoistornit<\/em><\/p>\n<p style=\"text-align: justify;\">C\u00f6lln ja Alt-Berlin tekiv\u00e4t alusta asti l\u00e4heist\u00e4 yhteisty\u00f6t\u00e4, sill\u00e4 taajamien v\u00e4lill\u00e4 oli helppo liikkua <em>M\u00fchlendammin<\/em> matalan kahluupaikan ylitse. My\u00f6hemmin paikalle rakennettiin kunnollinen silta ja vuonna 1307 kylien v\u00e4lille avautui my\u00f6s toinen silta, <a title=\"8-akselinen j\u00e4ttil\u00e4inen\" href=\"https:\/\/www.vuosiamaailmalla.fi\/?p=850\"><em>Rathausbr\u00fccke<\/em><\/a>.<\/p>\n<p style=\"text-align: center;\"><a href=\"\/blog\/wp-content\/uploads\/2011\/alt-berlin_ja_colln.jpg\"><img decoding=\"async\" src=\"\/blog\/wp-content\/uploads\/2011\/alt-berlin_ja_colln.jpg\" \/><\/a><\/p>\n<p style=\"text-align: center;\"><em>Kaksoiskaupunki Spreen varrella<\/em><\/p>\n<p style=\"text-align: justify;\">Kaupunkien merkitys kasvoi huomattavasti vuonna 1451, kun <a title=\"Aatelish\u00e4\u00e4t\" href=\"https:\/\/www.vuosiamaailmalla.fi\/?p=731\">Hohenzollernien sukuun<\/a> kuulunut vaaliruhtinas Frederick II rakennutti itselleen palatsin C\u00f6llnin saarelle. Samalle paikalle nousisi my\u00f6hemmin Preussin kuninkaanlinna ja sodan j\u00e4lkeen DDR:n hallintorakennus <em>Palast der Republik<\/em>.<\/p>\n<p style=\"text-align: justify;\">Seuraavien vuosisatojen aikana kumpikin kaupunki kasvoi ja 1600-luvulla niiden ymp\u00e4rille rakennettiin muuri sek\u00e4 vallihaudat ulkoisten uhkien torjumiseksi. Kaksoiskaupungin historia tuli p\u00e4\u00e4t\u00f6kseen vuonna 1710, kun Preussin kuningas Frederick I p\u00e4\u00e4tti kaupunkien yhdist\u00e4misest\u00e4 Preussin uudeksi p\u00e4\u00e4kaupungiksi. Kaupungin nimeksi valittiin Berliini, koska Alt-Berlinist\u00e4 oli kasvanut suuremman pinta-alansa vuoksi kaksi kertaa C\u00f6llni\u00e4 v\u00e4kirikkaampi. C\u00f6llnin nimi on kuitenkin s\u00e4ilynyt t\u00e4h\u00e4n p\u00e4iv\u00e4\u00e4n saakka keskustan etel\u00e4puoleisen Neuk\u00f6llnin kaupunginosan nimess\u00e4.<\/p>\n<p style=\"text-align: justify;\">Preussin p\u00e4\u00e4kaupunkina Berliini kasvoi nopeasti ulosp\u00e4in ja Spreen varrelle, mutta kaupungin historiallisena keskuksena on s\u00e4ilynyt aina t\u00e4h\u00e4n p\u00e4iv\u00e4\u00e4n saakka Nikolaikirche\u00e4 ymp\u00e4r\u00f6iv\u00e4 <em>Nikolaiviertelin<\/em> historiallinen kortteli, jota pidet\u00e4\u00e4n Berliinin vanhimpana asuinkorttelina ja joka on my\u00f6s meid\u00e4n kotimme. \ud83d\ude42<\/p>\n<p style=\"text-align: center;\"><a href=\"\/blog\/wp-content\/uploads\/2010\/nikolaiviertel7.jpg\"><img decoding=\"async\" src=\"\/blog\/wp-content\/uploads\/2010\/thumbs\/thumbs_nikolaiviertel7.jpg\" \/><\/a><a href=\"\/blog\/wp-content\/uploads\/2010\/nikolaiviertel18.jpg\"><img decoding=\"async\" src=\"\/blog\/wp-content\/uploads\/2010\/thumbs\/thumbs_nikolaiviertel18.jpg\" \/><\/a><a href=\"\/blog\/wp-content\/uploads\/2011\/nikolaiviertel2.jpg\"><img decoding=\"async\" src=\"\/blog\/wp-content\/uploads\/2011\/thumbs\/thumbs_nikolaiviertel2.jpg\" \/><\/a><a href=\"\/blog\/wp-content\/uploads\/2010\/nikolaiviertel23.jpg\"><img decoding=\"async\" src=\"\/blog\/wp-content\/uploads\/2010\/thumbs\/thumbs_nikolaiviertel23.jpg\" \/><\/a><\/p>\n<p style=\"text-align: center;\"><em>Kes\u00e4 Nikolaivierteliss\u00e4<\/em><\/p>\n<p style=\"text-align: center;\"><a href=\"\/blog\/wp-content\/uploads\/2011\/nikolaiviertel14.jpg\"><img decoding=\"async\" src=\"\/blog\/wp-content\/uploads\/2011\/thumbs\/thumbs_nikolaiviertel14.jpg\" \/><\/a><a href=\"\/blog\/wp-content\/uploads\/2010\/nikolaiviertel17.jpg\"><img decoding=\"async\" src=\"\/blog\/wp-content\/uploads\/2010\/thumbs\/thumbs_nikolaiviertel17.jpg\" \/><\/a><a href=\"\/blog\/wp-content\/uploads\/2010\/nikolaiviertel24.jpg\"><img decoding=\"async\" src=\"\/blog\/wp-content\/uploads\/2010\/thumbs\/thumbs_nikolaiviertel24.jpg\" \/><\/a><br \/>\n<a href=\"\/blog\/wp-content\/uploads\/2011\/nikolaiviertel13.jpg\"><img decoding=\"async\" src=\"\/blog\/wp-content\/uploads\/2011\/thumbs\/thumbs_nikolaiviertel13.jpg\" \/><\/a><a href=\"\/blog\/wp-content\/uploads\/2010\/nikolaiviertel4.jpg\"><img decoding=\"async\" src=\"\/blog\/wp-content\/uploads\/2010\/thumbs\/thumbs_nikolaiviertel4.jpg\" \/><\/a><a href=\"\/blog\/wp-content\/uploads\/2010\/nikolaiviertel16.jpg\"><img decoding=\"async\" src=\"\/blog\/wp-content\/uploads\/2010\/thumbs\/thumbs_nikolaiviertel16.jpg\" \/><\/a><\/p>\n<p style=\"text-align: center;\"><em>Historiallinen asuinkorttelimme<\/em><\/p>\n<p style=\"text-align: center;\"><a href=\"\/blog\/wp-content\/uploads\/2011\/parveke_panoraama.jpg\"><img decoding=\"async\" src=\"\/blog\/wp-content\/uploads\/2011\/parveke_panoraama_pieni.jpg\"><\/a><\/p>\n<p style=\"text-align: center;\"><em>Kaunis maisemamme<\/em><\/p>\n<p style=\"text-align: justify;\">Nikolaiviertel on upea paikka asua, sill\u00e4 siell\u00e4 voi aistia vuosisatoja ylt\u00e4v\u00e4n historian havinaa. N\u00e4in siit\u00e4kin huolimatta, ett\u00e4 kortteli tuhoutui melkein t\u00e4ysin toisen maailmansodan lopun pommituksissa sek\u00e4 Berliinin taistelun aikana. Hauskana yksityiskohtana vuonna 1697 rakennettu asuintalomme on yksi keskustan harvoista s\u00e4\u00e4styneist\u00e4 rakennuksista ja siten yksi koko Berliinin vanhimmista rakennuksista, sill\u00e4 jopa naapurissa sijaitseva Nikolaikirchekin raunioitui pommituksissa t\u00e4ysin.<\/p>\n<p style=\"text-align: center;\"><a href=\"\/blog\/wp-content\/uploads\/2011\/tuhottu_nikolaiviertel.jpg\"><img decoding=\"async\" src=\"\/blog\/wp-content\/uploads\/2011\/thumbs\/thumbs_tuhottu_nikolaiviertel.jpg\" \/><\/a><a href=\"\/blog\/wp-content\/uploads\/2011\/tuhottu_nikolaikirche.jpg\"><img decoding=\"async\" src=\"\/blog\/wp-content\/uploads\/2011\/thumbs\/thumbs_tuhottu_nikolaikirche.jpg\" \/><\/a><\/p>\n<p style=\"text-align: center;\"><em>Sodassa tuhoutunut kortteli<\/em><\/p>\n<p style=\"text-align: center;\"><a href=\"\/blog\/wp-content\/uploads\/2010\/poststrasse4_1.jpg\"><img decoding=\"async\" src=\"\/blog\/wp-content\/uploads\/2010\/thumbs\/thumbs_poststrasse4_1.jpg\" \/><\/a><a href=\"\/blog\/wp-content\/uploads\/2010\/poststrasse4_2.jpg\"><img decoding=\"async\" src=\"\/blog\/wp-content\/uploads\/2010\/thumbs\/thumbs_poststrasse4_2.jpg\" \/><\/a><\/p>\n<p style=\"text-align: center;\"><em>Kotitalomme on alueen harvoja s\u00e4ilyneit\u00e4 rakennuksia<\/em><\/p>\n<p style=\"text-align: justify;\">Toisen maailmansodan j\u00e4lkeen alue seisoi puoliksi autiona melkein nelj\u00e4nkymmenen vuoden ajan, kunnes 1980-luvulla DDR:n johto antoi k\u00e4skyn korttelin j\u00e4lleenrakentamisesta vuonna 1987 vietetty\u00e4 Berliinin 750-vuotisjuhlavuotta varten.<\/p>\n<p style=\"text-align: center;\"><a href=\"\/blog\/wp-content\/uploads\/2010\/nikolaiviertelin_yksityiskohtia8.jpg\"><img decoding=\"async\" src=\"\/blog\/wp-content\/uploads\/2010\/nikolaiviertelin_yksityiskohtia8.jpg\" \/><\/a><\/p>\n<p style=\"text-align: center;\"><em>DDR:n aika muistuttaa itsest\u00e4\u00e4n yksityiskohdissa<\/em><\/p>\n<p style=\"text-align: justify;\">Uudelleenrakennuksen tuoksinassa kortteli sai kuitenkin sangen omaleimaisen ulkoasun, sill\u00e4 puolet rakennuksista rakennettiin It\u00e4-Saksassa niin yleisist\u00e4 betonielementeist\u00e4, kuitenkin hieman historiallista asua mukaillen. Kyse oli varmasti rahapulasta ja l\u00e4hinn\u00e4 alueen historialliset merkkirakennukset rakennettiin suunnilleen alkuper\u00e4iseen asuunsa, joten lopputulos oli sekoitus uutta ja alkuper\u00e4ist\u00e4.<\/p>\n<p style=\"text-align: center;\"><a href=\"\/blog\/wp-content\/uploads\/2011\/nikolaiviertelin_yksityiskohtia2.jpg\"><img decoding=\"async\" src=\"\/blog\/wp-content\/uploads\/2011\/thumbs\/thumbs_nikolaiviertelin_yksityiskohtia2.jpg\" \/><\/a><a href=\"\/blog\/wp-content\/uploads\/2011\/nikolaiviertelin_yksityiskohtia4.jpg\"><img decoding=\"async\" src=\"\/blog\/wp-content\/uploads\/2011\/thumbs\/thumbs_nikolaiviertelin_yksityiskohtia4.jpg\" \/><\/a><a href=\"\/blog\/wp-content\/uploads\/2010\/nikolaiviertelin_yksityiskohtia5.jpg\"><img decoding=\"async\" src=\"\/blog\/wp-content\/uploads\/2010\/thumbs\/thumbs_nikolaiviertelin_yksityiskohtia5.jpg\" \/><\/a><br \/>\n<a href=\"\/blog\/wp-content\/uploads\/2010\/nikolaiviertelin_yksityiskohtia9.jpg\"><img decoding=\"async\" src=\"\/blog\/wp-content\/uploads\/2010\/thumbs\/thumbs_nikolaiviertelin_yksityiskohtia9.jpg\" \/><\/a><a href=\"\/blog\/wp-content\/uploads\/2010\/nikolaiviertelin_yksityiskohtia6.jpg\"><img decoding=\"async\" src=\"\/blog\/wp-content\/uploads\/2010\/thumbs\/thumbs_nikolaiviertelin_yksityiskohtia6.jpg\" \/><\/a><a href=\"\/blog\/wp-content\/uploads\/2010\/nikolaiviertelin_yksityiskohtia7.jpg\"><img decoding=\"async\" src=\"\/blog\/wp-content\/uploads\/2010\/thumbs\/thumbs_nikolaiviertelin_yksityiskohtia7.jpg\" \/><\/a><\/p>\n<p style=\"text-align: center;\"><em>Entistyst\u00e4 betonielementeill\u00e4 ja yksityiskohdilla<\/em><\/p>\n<p style=\"text-align: justify;\">Muutosten tuoksinassa my\u00f6s katuverkko koki merkitt\u00e4vi\u00e4 muutoksia, kuten tapahtui koko It\u00e4-Berliinin alueella kun vanhan vaaliminen sai v\u00e4isty\u00e4 uuden ja ylv\u00e4\u00e4n DDR:n p\u00e4\u00e4kaupungin alta. Esimerkiksi Nikolaiviertelin naapurissa sijainnut toinen Alt-Berlinin historiallinen asuinkortteli sai v\u00e4isty\u00e4 kokonaan uuden <a title=\"Marx ja Engels k\u00e4\u00e4nsiv\u00e4t selk\u00e4ns\u00e4 id\u00e4lle\" href=\"https:\/\/www.vuosiamaailmalla.fi\/?p=1465\"><em>Marx-Engels-Forumin<\/em><\/a> alta. Samoin k\u00e4vi my\u00f6s idemp\u00e4n\u00e4 sijainneille kortteleille, jotka jyr\u00e4ttiin uuden televisiotornin ymp\u00e4rilt\u00e4. Moni n\u00e4ist\u00e4 muutoksista on saanut sittemmin osakseen suurta kritiikki\u00e4 ja nykyinen Berliini hallinto onkin suunnitellut joidenkin historiallisten asuinkortteleiden palauttamista alkuper\u00e4iselle paikalleen.<\/p>\n<p style=\"text-align: center;\"><a href=\"\/blog\/wp-content\/uploads\/2009\/nikolaiviertel_televisiotornista.jpg\"><img decoding=\"async\" src=\"\/blog\/wp-content\/uploads\/2009\/nikolaiviertel_televisiotornista.jpg\" \/><\/a><\/p>\n<p style=\"text-align: center;\"><em>Nikolaiviertel televisiotornista<\/em><\/p>\n<p style=\"text-align: justify;\">Melkein t\u00e4ydellisest\u00e4 j\u00e4lleenrakennuksesta huolimatta Nikolaiviertel on ainutlaatuinen jalokivi Berliinin ytimess\u00e4, sill\u00e4 korttelin on onnistunut tuoda takaisin entisaikojen tunnelma ja siit\u00e4 onkin muodostunut erityisesti turistien suosima alue. Alueella sijaitsee muutamia museoita sek\u00e4 runsaasti saksalaista perinneruokaa tarjoilevia ravintoloita. Spreen rannalla on my\u00f6s monia terasseja, joilta voi katsella kes\u00e4isin vilkasta jokiliikennett\u00e4.<\/p>\n<p style=\"text-align: center;\"><a href=\"\/blog\/wp-content\/uploads\/2011\/nikolaiviertel3.jpg\"><img decoding=\"async\" src=\"\/blog\/wp-content\/uploads\/2011\/thumbs\/thumbs_nikolaiviertel3.jpg\" \/><\/a><a href=\"\/blog\/wp-content\/uploads\/2011\/nikolaiviertel8.jpg\"><img decoding=\"async\" src=\"\/blog\/wp-content\/uploads\/2011\/thumbs\/thumbs_nikolaiviertel8.jpg\" \/><\/a><a href=\"\/blog\/wp-content\/uploads\/2010\/nikolaiviertel19.jpg\"><img decoding=\"async\" src=\"\/blog\/wp-content\/uploads\/2010\/thumbs\/thumbs_nikolaiviertel19.jpg\" \/><\/a><\/p>\n<p style=\"text-align: center;\"><em>Spreen varsi on vilkasta seutua<\/em><\/p>\n<p style=\"text-align: center;\"><a href=\"\/blog\/wp-content\/uploads\/2010\/nikolaiviertel5.jpg\"><img decoding=\"async\" src=\"\/blog\/wp-content\/uploads\/2010\/thumbs\/thumbs_nikolaiviertel5.jpg\" \/><\/a><a href=\"\/blog\/wp-content\/uploads\/2010\/nikolaiviertel15.jpg\"><img decoding=\"async\" src=\"\/blog\/wp-content\/uploads\/2010\/thumbs\/thumbs_nikolaiviertel15.jpg\" \/><\/a><a href=\"\/blog\/wp-content\/uploads\/2010\/nikolaiviertel6.jpg\"><img decoding=\"async\" src=\"\/blog\/wp-content\/uploads\/2010\/thumbs\/thumbs_nikolaiviertel6.jpg\" \/><\/a><\/p>\n<p style=\"text-align: center;\"><em>Pikkukatuja<\/em><\/p>\n<p style=\"text-align: justify;\">Asuinkorttelimme on viime vuosina yritt\u00e4nyt my\u00f6s kohottaa omaa erityisprofiiliaan siell\u00e4 j\u00e4rjestett\u00e4vill\u00e4 erikoistapahtumilla, kuten elokuun vanhanajan viikonlopulla, jolloin korttelia kansoittavat entisajan sotilaat ja aatelisneidot sek\u00e4 kaduilla tarjoillaan perinteisi\u00e4 herkkuja.<\/p>\n<p style=\"text-align: center;\"><a href=\"\/blog\/wp-content\/uploads\/2008\/keskiaikaismarkkinat_nikolaisviertelissa1.jpg\"><img decoding=\"async\" src=\"\/blog\/wp-content\/uploads\/2008\/thumbs\/thumbs_keskiaikaismarkkinat_nikolaisviertelissa1.jpg\" \/><\/a><a href=\"\/blog\/wp-content\/uploads\/2008\/keskiaikaismarkkinat_nikolaisviertelissa2.jpg\"><img decoding=\"async\" src=\"\/blog\/wp-content\/uploads\/2008\/thumbs\/thumbs_keskiaikaismarkkinat_nikolaisviertelissa2.jpg\" \/><\/a><\/p>\n<p style=\"text-align: center;\"><em>Elokuun perinneviikonloppu<\/em><\/p>\n<p style=\"text-align: center;\"><a href=\"\/blog\/wp-content\/uploads\/2007\/nikolaiviertel9.jpg\"><img decoding=\"async\" src=\"\/blog\/wp-content\/uploads\/2007\/thumbs\/thumbs_nikolaiviertel9.jpg\" \/><\/a><a href=\"\/blog\/wp-content\/uploads\/2009\/nikolaiviertel11.jpg\"><img decoding=\"async\" src=\"\/blog\/wp-content\/uploads\/2009\/thumbs\/thumbs_nikolaiviertel11.jpg\" \/><\/a><a href=\"\/blog\/wp-content\/uploads\/2010\/nikolaiviertel12.jpg\"><img decoding=\"async\" src=\"\/blog\/wp-content\/uploads\/2010\/thumbs\/thumbs_nikolaiviertel12.jpg\" \/><\/a><\/p>\n<p style=\"text-align: justify;\">My\u00f6s Nikolaikirchest\u00e4 on muodostunut monipuolinen tapahtumakeskus. Kirkossa pidet\u00e4\u00e4n vain harvoin kirkollisia palveluksia ja eniten siell\u00e4 j\u00e4rjestet\u00e4\u00e4n n\u00e4yttelyit\u00e4 sek\u00e4 konsertteja. Meid\u00e4nkin ainut vierailumme kirkon sis\u00e4ll\u00e4 oli siell\u00e4 j\u00e4rjestetty kuoroesitys, joka oli mukava kokemus.<\/p>\n<p style=\"text-align: center;\"><a href=\"\/blog\/wp-content\/uploads\/2011\/nikolaikirchen_sisalla2.jpg\"><img decoding=\"async\" src=\"\/blog\/wp-content\/uploads\/2011\/thumbs\/thumbs_nikolaikirchen_sisalla2.jpg\" \/><\/a><a href=\"\/blog\/wp-content\/uploads\/2011\/nikolaikirchen_sisalla1.jpg\"><img decoding=\"async\" src=\"\/blog\/wp-content\/uploads\/2011\/thumbs\/thumbs_nikolaikirchen_sisalla1.jpg\" \/><\/a><a href=\"\/blog\/wp-content\/uploads\/2011\/nikolaikirchen_sisalla3.jpg\"><img decoding=\"async\" src=\"\/blog\/wp-content\/uploads\/2011\/thumbs\/thumbs_nikolaikirchen_sisalla3.jpg\" \/><\/a><\/p>\n<p style=\"text-align: center;\"><em>Konsertti Nikolaivierteliss\u00e4<\/em><\/p>\n<p style=\"text-align: center;\"><a href=\"\/blog\/wp-content\/uploads\/2011\/nikolaiviertel_pienoismalli1.jpg\"><img decoding=\"async\" src=\"\/blog\/wp-content\/uploads\/2011\/thumbs\/thumbs_nikolaiviertel_pienoismalli1.jpg\" \/><\/a><a href=\"\/blog\/wp-content\/uploads\/2011\/nikolaiviertel_pienoismalli2.jpg\"><img decoding=\"async\" src=\"\/blog\/wp-content\/uploads\/2011\/thumbs\/thumbs_nikolaiviertel_pienoismalli2.jpg\" \/><\/a><\/p>\n<p style=\"text-align: center;\"><em>Pienoismalli kirkon sis\u00e4ll\u00e4<\/em><\/p>\n<p style=\"text-align: justify;\">Nikolaiviertel onkin mahtava asuinalue. Sen historiallinen tunnelma on kiehtova ja turistit tuovat alueelle pient\u00e4 p\u00f6hin\u00e4\u00e4 sek\u00e4 tukevat laajan ravintolatarjonnan olemassaoloa. Kortteli sijaitsee my\u00f6s \u00e4\u00e4rimm\u00e4isen keskeisell\u00e4 paikalla, vain viiden minuutin k\u00e4velymatkan p\u00e4\u00e4ss\u00e4 <em>Alexanderplatzilta<\/em>. T\u00e4ss\u00e4 on kuitenkin se hyv\u00e4 puoli, ett\u00e4 romanikerj\u00e4l\u00e4iset ja muu ep\u00e4m\u00e4\u00e4r\u00e4inen porukka ei ole l\u00f6yt\u00e4nyt sit\u00e4 ja alue on turvallinen ja berliinil\u00e4isitt\u00e4in eritt\u00e4in siisti. Ehk\u00e4 tilanne muuttuu kun <a title=\"U55\" href=\"https:\/\/www.vuosiamaailmalla.fi\/?p=1159\">uusi U5-metrolinja<\/a> avaa korttelin kulmalle uuden aseman, mutta ainakin t\u00e4ll\u00e4 hetkell\u00e4 alue on mielest\u00e4mme Berliinin parhaita paikkoja asua.<\/p>\n<p style=\"text-align: center;\"><a href=\"\/blog\/wp-content\/uploads\/2010\/nikolaiviertel22.jpg\"><img decoding=\"async\" src=\"\/blog\/wp-content\/uploads\/2010\/thumbs\/thumbs_nikolaiviertel22.jpg\" \/><\/a><a href=\"\/blog\/wp-content\/uploads\/2010\/nikolaiviertel21.jpg\"><img decoding=\"async\" src=\"\/blog\/wp-content\/uploads\/2010\/thumbs\/thumbs_nikolaiviertel21.jpg\" \/><\/a><a href=\"\/blog\/wp-content\/uploads\/2010\/nikolaiviertelin_yksityiskohtia3.jpg\"><img decoding=\"async\" src=\"\/blog\/wp-content\/uploads\/2010\/thumbs\/thumbs_nikolaiviertelin_yksityiskohtia3.jpg\" \/><\/a><br \/>\n<a href=\"\/blog\/wp-content\/uploads\/2009\/nikolaiviertel20.jpg\"><img decoding=\"async\" src=\"\/blog\/wp-content\/uploads\/2009\/thumbs\/thumbs_nikolaiviertel20.jpg\" \/><\/a><a href=\"\/blog\/wp-content\/uploads\/2011\/nikolaiviertelin_yksityiskohtia1.jpg\"><img decoding=\"async\" src=\"\/blog\/wp-content\/uploads\/2011\/thumbs\/thumbs_nikolaiviertelin_yksityiskohtia1.jpg\" \/><\/a><a href=\"\/blog\/wp-content\/uploads\/2010\/poststrasse4_3.jpg\"><img decoding=\"async\" src=\"\/blog\/wp-content\/uploads\/2010\/thumbs\/thumbs_poststrasse4_3.jpg\" \/><\/a><\/p>\n<p style=\"text-align: center;\"><em>Kauniit yksityiskohdat tekev\u00e4t alueesta kiintoisan<\/em><\/p>\n<p style=\"text-align: justify;\">T\u00e4ss\u00e4 onkin viime vuosien aikana tuntenut olevansa etuoikeutettu saadessaan asua upeassa asunnossa n\u00e4in mahtavassa milj\u00f6\u00f6ss\u00e4, joka on Berliiniss\u00e4kin t\u00e4ysin uniikki. Kaupungissa vierailijoille suosittelen l\u00e4mm\u00f6ll\u00e4 vierailua Nikolaivierteliss\u00e4 varsinkin tapahtumien aikaan, mutta my\u00f6s silloin kun tekee mieli hyv\u00e4\u00e4 saksalaista perinneruokaa.<\/p>\n<p style=\"text-align: justify;\">Tervetuloa k\u00e4ym\u00e4\u00e4n! \ud83d\ude42<\/p>\n<p style=\"text-align: center;\"><a href=\"\/blog\/wp-content\/uploads\/2009\/nikolaiviertel10.jpg\"><img decoding=\"async\" src=\"\/blog\/wp-content\/uploads\/2009\/nikolaiviertel10.jpg\" \/><\/a><\/p>\n<p style=\"text-align: center;\"><em>Ravintoloita ja tunnelmaa<\/em><\/p>\n","protected":false},"excerpt":{"rendered":"<p>Saksan p\u00e4\u00e4kaupunki Berliini t\u00e4ytt\u00e4\u00e4 ensi vuonna 775 vuotta. Kaupungin perustamisvuonna pidet\u00e4\u00e4n vuotta 1237, jolloin nykyisen Museuminselin museosaarella sijainnut C\u00f6lln mainitaan ensimm\u00e4isen kerran kirkonkirjoissa. T\u00e4t\u00e4kin vanhempia mainintoja l\u00f6ytyy Spandausta ja K\u00f6penickist\u00e4, mutta nykyisen Berliinin l\u00e4hi\u00f6in\u00e4 t\u00e4m\u00e4 ei ole olennaista, sill\u00e4 ne olivat pitk\u00e4\u00e4n kilpailevia t\u00e4ysin erillisi\u00e4 naapurikaupunkeja.<\/p>\n","protected":false},"author":1,"featured_media":8519,"comment_status":"open","ping_status":"open","sticky":false,"template":"","format":"standard","meta":{"_jetpack_memberships_contains_paid_content":false,"footnotes":""},"categories":[18,3,5],"tags":[21,49,56,90,139,1069,269,276,190],"class_list":["post-8515","post","type-post","status-publish","format-standard","has-post-thumbnail","hentry","category-arki-saksassa","category-arki-ulkomailla","category-asuminen-saksassa","tag-2-maailmansota","tag-berliini","tag-berlin-mitte","tag-ddr","tag-historiaa-2","tag-nikolaikirche","tag-nikolaiviertel","tag-preussi","tag-saksa"],"jetpack_featured_media_url":"https:\/\/www.vuosiamaailmalla.fi\/blog\/wp-content\/uploads\/nikolaiviertel_banner.jpg","jetpack_sharing_enabled":true,"_links":{"self":[{"href":"https:\/\/www.vuosiamaailmalla.fi\/blog\/wp-json\/wp\/v2\/posts\/8515","targetHints":{"allow":["GET"]}}],"collection":[{"href":"https:\/\/www.vuosiamaailmalla.fi\/blog\/wp-json\/wp\/v2\/posts"}],"about":[{"href":"https:\/\/www.vuosiamaailmalla.fi\/blog\/wp-json\/wp\/v2\/types\/post"}],"author":[{"embeddable":true,"href":"https:\/\/www.vuosiamaailmalla.fi\/blog\/wp-json\/wp\/v2\/users\/1"}],"replies":[{"embeddable":true,"href":"https:\/\/www.vuosiamaailmalla.fi\/blog\/wp-json\/wp\/v2\/comments?post=8515"}],"version-history":[{"count":0,"href":"https:\/\/www.vuosiamaailmalla.fi\/blog\/wp-json\/wp\/v2\/posts\/8515\/revisions"}],"wp:featuredmedia":[{"embeddable":true,"href":"https:\/\/www.vuosiamaailmalla.fi\/blog\/wp-json\/wp\/v2\/media\/8519"}],"wp:attachment":[{"href":"https:\/\/www.vuosiamaailmalla.fi\/blog\/wp-json\/wp\/v2\/media?parent=8515"}],"wp:term":[{"taxonomy":"category","embeddable":true,"href":"https:\/\/www.vuosiamaailmalla.fi\/blog\/wp-json\/wp\/v2\/categories?post=8515"},{"taxonomy":"post_tag","embeddable":true,"href":"https:\/\/www.vuosiamaailmalla.fi\/blog\/wp-json\/wp\/v2\/tags?post=8515"}],"curies":[{"name":"wp","href":"https:\/\/api.w.org\/{rel}","templated":true}]}}