{"id":8573,"date":"2016-10-27T18:37:15","date_gmt":"2016-10-28T01:37:15","guid":{"rendered":"http:\/\/13.53.127.146\/?p=8573"},"modified":"2017-07-21T20:07:03","modified_gmt":"2017-07-22T03:07:03","slug":"lupaus-la-ninasta","status":"publish","type":"post","link":"https:\/\/www.vuosiamaailmalla.fi\/blog\/2016\/lupaus-la-ninasta\/","title":{"rendered":"Lupaus La Ni\u00f1asta"},"content":{"rendered":"<p style=\"text-align: justify;\">Nykyisin on vaikea ennustaa tulevan talven s\u00e4\u00e4t\u00e4, sill\u00e4 ilmastonmuutos on tehnyt jokaisesta vuodesta niin erilaisen. Vuoden 2013 talvi oli t\u00e4\u00e4ll\u00e4 l\u00e4nsirannikolla katastrofaalisen huono, mutta viime vuoden l\u00e4mpim\u00e4ksi pel\u00e4tty <a title=\"El Ni\u00f1o talven lopputulos\" href=\"https:\/\/www.vuosiamaailmalla.fi\/?p=8253\"><em>El Ni\u00f1o<\/em> talvi<\/a> olikin yksi lumisimpia vuosiin ja esimerkiksi Whistleriss\u00e4 nautittiin koko talvi eeppisist\u00e4 lumim\u00e4\u00e4rist\u00e4, joissa\u00a0 riitti ihmetelt\u00e4v\u00e4\u00e4 <a title=\"Whistlerin j\u00e4ttim\u00e4iset lumisein\u00e4m\u00e4t\" href=\"https:\/\/www.vuosiamaailmalla.fi\/?p=8246\">viel\u00e4 kes\u00e4ll\u00e4kin<\/a>.<\/p>\n<p><!--more--><\/p>\n<p style=\"text-align: center;\"><a href=\"\/blog\/wp-content\/uploads\/2016\/whistlerin_lumiseinamat20.jpg\"><img decoding=\"async\" src=\"\/blog\/wp-content\/uploads\/2016\/whistlerin_lumiseinamat20.jpg\" \/><\/a><\/p>\n<p style=\"text-align: center;\"><em>Viime talven lumikertym\u00e4 oli eeppinen<\/em><\/p>\n<p style=\"text-align: justify;\">Perinteisesti heikentyv\u00e4\u00e4 El Ni\u00f1oa pit\u00e4isi seurata seuraavana vuonna <a title=\"La Ni\u00f1a talven lopputulos\" href=\"https:\/\/www.vuosiamaailmalla.fi\/?p=9062\">viile\u00e4mpi ja sateinen <em>La Ni\u00f1a<\/em><\/a>, mik\u00e4 voi tarkoittaa hyv\u00e4ll\u00e4 tuurilla eeppist\u00e4 laskettelutalvea. Vett\u00e4 onkin saatu viimeisten kahden kuukauden aikana runsaasti, kun <a title=\"Kiusana Pineapple Express ja nor\u2019easter\" href=\"https:\/\/www.vuosiamaailmalla.fi\/?p=3824\"><em>Pineapple Expressit<\/em><\/a> ovat moukaroineet l\u00e4nsirannikkoa yksi toisensa per\u00e4\u00e4n.<\/p>\n<p style=\"text-align: justify;\">Mik\u00e4 on kuitenkin t\u00e4\u00e4ll\u00e4 merenpinnan tasolla masentavaa syyskeli\u00e4, tarkoittaa monesti vuorilla sankkaa lumisadetta ja n\u00e4in on ollutkin. Pakkasraja on liikkunut 1500 metrin tienoilla, mink\u00e4 vuoksi Vancouverin l\u00e4hivuoret eiv\u00e4t ole saaneet viel\u00e4 talven ensilumiaan, mutta hieman korkeammalla sijaitsevassa Whistleriss\u00e4 lunta on kertynyt jo muhkeat puolitoista metri\u00e4.<\/p>\n<p style=\"text-align: center;\"><a href=\"\/blog\/wp-content\/uploads\/2016\/heikko_la_nina1.jpg\"><img decoding=\"async\" src=\"\/blog\/wp-content\/uploads\/2016\/thumbs\/thumbs_heikko_la_nina1.jpg\" \/><\/a><a href=\"\/blog\/wp-content\/uploads\/2016\/heikko_la_nina2.jpg\"><img decoding=\"async\" src=\"\/blog\/wp-content\/uploads\/2016\/thumbs\/thumbs_heikko_la_nina2.jpg\" \/><\/a><\/p>\n<p style=\"text-align: center;\"><em><em>Lupaavia ennusteita mahdollisesta La Ni\u00f1asta<\/em><\/em><\/p>\n<p style=\"text-align: justify;\">T\u00e4m\u00e4 onkin eritt\u00e4in lupaavaa tulevan talven suhteen ja meill\u00e4 ovatkin sukset valmiina odottamassa talven ensimm\u00e4ist\u00e4 laskettelup\u00e4iv\u00e4\u00e4. Virallinen Whistlerin avaus on marraskuun 24. p\u00e4iv\u00e4, mutta jos lunta tulee yht\u00e4\u00e4n samaan malliin, voi rinteisiin p\u00e4\u00e4st\u00e4 jo muutaman viikon p\u00e4\u00e4st\u00e4. Hieman idemp\u00e4n\u00e4 Kalliovuorilla laskettelemaan p\u00e4\u00e4seekin, sill\u00e4 esimerkiksi kaunis Lake Louise suunnittelee kaikkien aikojen aikaisinta avautumista jo marraskuun 10. p\u00e4iv\u00e4n\u00e4. Eritt\u00e4in kutkuttavaa&#8230; \ud83d\ude2e<\/p>\n<p style=\"text-align: center;\"><a href=\"\/blog\/wp-content\/uploads\/2016\/sateinen_metrotown.jpg\"><img decoding=\"async\" src=\"\/blog\/wp-content\/uploads\/2016\/sateinen_metrotown.jpg\" \/><\/a><\/p>\n<p style=\"text-align: center;\"><em>Sade alhaalla tarkoittaa lunta vuorilla<\/em><\/p>\n","protected":false},"excerpt":{"rendered":"<p>Nykyisin on vaikea ennustaa tulevan talven s\u00e4\u00e4t\u00e4, sill\u00e4 ilmastonmuutos on tehnyt jokaisesta vuodesta niin erilaisen. Vuoden 2013 talvi oli t\u00e4\u00e4ll\u00e4 l\u00e4nsirannikolla katastrofaalisen huono, mutta viime vuoden l\u00e4mpim\u00e4ksi pel\u00e4tty El Ni\u00f1o talvi olikin yksi lumisimpia vuosiin ja esimerkiksi Whistleriss\u00e4 nautittiin koko talvi eeppisist\u00e4 lumim\u00e4\u00e4rist\u00e4, joissa\u00a0 riitti ihmetelt\u00e4v\u00e4\u00e4 viel\u00e4 kes\u00e4ll\u00e4kin.<\/p>\n","protected":false},"author":1,"featured_media":8574,"comment_status":"open","ping_status":"open","sticky":false,"template":"","format":"standard","meta":{"_jetpack_memberships_contains_paid_content":false,"footnotes":""},"categories":[17,3],"tags":[25,34,935,173,299,270,202,939,218],"class_list":["post-8573","post","type-post","status-publish","format-standard","has-post-thumbnail","hentry","category-arki-kanadassa","category-arki-ulkomailla","tag-ajankohtaista","tag-arki","tag-kanada","tag-laskettelu","tag-syksy","tag-saa","tag-talvi","tag-vancouver","tag-whistler"],"jetpack_featured_media_url":"https:\/\/www.vuosiamaailmalla.fi\/blog\/wp-content\/uploads\/sateinen_metrotown_banner.jpg","jetpack_sharing_enabled":true,"_links":{"self":[{"href":"https:\/\/www.vuosiamaailmalla.fi\/blog\/wp-json\/wp\/v2\/posts\/8573","targetHints":{"allow":["GET"]}}],"collection":[{"href":"https:\/\/www.vuosiamaailmalla.fi\/blog\/wp-json\/wp\/v2\/posts"}],"about":[{"href":"https:\/\/www.vuosiamaailmalla.fi\/blog\/wp-json\/wp\/v2\/types\/post"}],"author":[{"embeddable":true,"href":"https:\/\/www.vuosiamaailmalla.fi\/blog\/wp-json\/wp\/v2\/users\/1"}],"replies":[{"embeddable":true,"href":"https:\/\/www.vuosiamaailmalla.fi\/blog\/wp-json\/wp\/v2\/comments?post=8573"}],"version-history":[{"count":0,"href":"https:\/\/www.vuosiamaailmalla.fi\/blog\/wp-json\/wp\/v2\/posts\/8573\/revisions"}],"wp:featuredmedia":[{"embeddable":true,"href":"https:\/\/www.vuosiamaailmalla.fi\/blog\/wp-json\/wp\/v2\/media\/8574"}],"wp:attachment":[{"href":"https:\/\/www.vuosiamaailmalla.fi\/blog\/wp-json\/wp\/v2\/media?parent=8573"}],"wp:term":[{"taxonomy":"category","embeddable":true,"href":"https:\/\/www.vuosiamaailmalla.fi\/blog\/wp-json\/wp\/v2\/categories?post=8573"},{"taxonomy":"post_tag","embeddable":true,"href":"https:\/\/www.vuosiamaailmalla.fi\/blog\/wp-json\/wp\/v2\/tags?post=8573"}],"curies":[{"name":"wp","href":"https:\/\/api.w.org\/{rel}","templated":true}]}}