{"id":8597,"date":"2016-11-04T18:07:44","date_gmt":"2016-11-05T01:07:44","guid":{"rendered":"http:\/\/13.53.127.146\/?p=8597"},"modified":"2018-06-03T12:53:19","modified_gmt":"2018-06-03T19:53:19","slug":"kanada-lisaa-maahanmuuttoa","status":"publish","type":"post","link":"https:\/\/www.vuosiamaailmalla.fi\/blog\/2016\/kanada-lisaa-maahanmuuttoa\/","title":{"rendered":"Kanada lis\u00e4\u00e4 maahanmuuttoa"},"content":{"rendered":"<p style=\"text-align: justify;\">36 miljoonan asukkaan Kanada on ollut aina maahanmuuttajien maa ja esimerkiksi <a title=\"Taivaisiin kasvanut Toronto\" href=\"https:\/\/www.vuosiamaailmalla.fi\/?p=3097\">Torontossa<\/a> sek\u00e4 Vancouverissa <a title=\"Hakemus Kanadan kansalaisuudesta\" href=\"https:\/\/www.vuosiamaailmalla.fi\/?p=9718\">ei-kansalaisten<\/a> (mihin mekin lukeudumme) m\u00e4\u00e4r\u00e4 ylitt\u00e4\u00e4 jo puolet kaupunkien v\u00e4est\u00f6st\u00e4. Todellinen monikulttuurisuus onkin yksi ensimm\u00e4isi\u00e4 asioita, jonka Kanadaan saapuva huomaa ja esimerkiksi t\u00e4\u00e4ll\u00e4 l\u00e4nsirannikolla Aasiasta tulleiden m\u00e4\u00e4r\u00e4 on todella huomattava.<\/p>\n<p><!--more--><\/p>\n<p style=\"text-align: justify;\">Kanadan v\u00e4kim\u00e4\u00e4r\u00e4 <a title=\"Kasvava Kanada\" href=\"https:\/\/www.vuosiamaailmalla.fi\/?p=219\">kasvaakin voimakkaasti<\/a> juuri maahanmuuton voimalla, mik\u00e4 est\u00e4\u00e4 v\u00e4est\u00f6\u00e4 pienentym\u00e4st\u00e4. Suomen tapaan my\u00f6s Kanadassa on puhuttu jo pitk\u00e4\u00e4n huoltosuhteen heikkenemisest\u00e4 suurten ik\u00e4luokkien ik\u00e4\u00e4ntyess\u00e4, mik\u00e4 on ollut yksi merkitt\u00e4vimmist\u00e4 tekij\u00f6ist\u00e4 korkeina pidettyihin maahanmuuttolukemiin. Viime vuonna my\u00f6s Syyrian sota sai <a title=\"Kanada \u00e4\u00e4nesti muutoksen puolesta\" href=\"https:\/\/www.vuosiamaailmalla.fi\/?p=7290\">tuoreen liberaalihallituksen<\/a> tuomaan Kanadaan enn\u00e4tysm\u00e4\u00e4r\u00e4n ihmisi\u00e4 osana erityist\u00e4 <a title=\"Kanada esitteli pakolaissuunnitelmansa\" href=\"https:\/\/www.vuosiamaailmalla.fi\/?p=7469\">pakolaisohjelmaa<\/a>, jonka my\u00f6t\u00e4 maahan saapui noin 40 000 syyrialaista. M\u00e4\u00e4r\u00e4 voi kuulostaa paljolta, mutta on vain hieman enemm\u00e4n kuin saapui samaan aikaan Suomeen, Kanadan ollessa kuitenkin seitsem\u00e4n kertaa suurempi maa.<\/p>\n<p style=\"text-align: center;\"><a href=\"\/blog\/wp-content\/uploads\/2016\/tervetuloa_kanadaan.jpg\"><img decoding=\"async\" src=\"\/blog\/wp-content\/uploads\/2016\/tervetuloa_kanadaan.jpg\" \/><\/a><\/p>\n<p style=\"text-align: justify;\">Kanadaan tuodut syyrialaiset seulottiin ja valittiin naapurimaiden pakolaisleireilt\u00e4. Tulijoiden valinta kohdistui my\u00f6s pelk\u00e4st\u00e4\u00e4n perheisiin, yksin\u00e4isiin naisiin sek\u00e4 v\u00e4hemmist\u00f6ihin kuuluviin, eik\u00e4 maahan saapunut yksin\u00e4isi\u00e4 nuoria miehi\u00e4 kuten Euroopassa (tosin <a title=\"Kriisi Kanadan rajoilla\" href=\"https:\/\/www.vuosiamaailmalla.fi\/?p=9215\">Kanadankin raja vuotaa<\/a>). Tulijoiden sopeutuminen onkin sujunut ilman suurempia ongelmia ja iso osa on my\u00f6s l\u00f6yt\u00e4nyt my\u00f6s jonkinlaista ty\u00f6t\u00e4. T\u00e4h\u00e4n kannustaa my\u00f6s <a title=\"Ty\u00f6tt\u00f6myysturva Kanadassa\" href=\"https:\/\/www.vuosiamaailmalla.fi\/?p=8192\">kanadalainen sosiaaliturva<\/a>, joka on paljon eurooppalaista ja erityisesti pohjoismaista &#8221;aktivoivampaa&#8221; ja kannustaa ty\u00f6ntekoon.<\/p>\n<p style=\"text-align: justify;\">Pakolaiset ovat kuitenkin vain pieni osa Kanadaan suuntautuvasta laillisesta maahanmuutosta, joka painottuu voimakkaasti ty\u00f6per\u00e4isyyteen. Maanantaina esitellyss\u00e4 liberaalihallituksen uudessa maahanmuuttosuunnitelmassa pakolaisten m\u00e4\u00e4r\u00e4 <a title=\"Kriisi Kanadan rajoilla\" href=\"https:\/\/www.vuosiamaailmalla.fi\/?p=9215\">itse asiassa v\u00e4henee<\/a> ja ty\u00f6per\u00e4isen maahanmuuton m\u00e4\u00e4r\u00e4 kasvaa entisest\u00e4\u00e4n niin ett\u00e4 yhteens\u00e4 ensi vuoden aikana Kanadaan pyrit\u00e4\u00e4n ottamaan noin 300 000 uutta tulokasta. Se on suurin m\u00e4\u00e4r\u00e4 sitten ensimm\u00e4isen maailmansodan suurten muuttoaaltojen, mutta m\u00e4\u00e4r\u00e4 on kuitenkin huomattavasti v\u00e4hemm\u00e4n kuin monet ekonomistit olivat suositelleet.<\/p>\n<p style=\"text-align: justify;\">Seuraavan nelivuotiskauden aikana Kanadaan tullaan ottamaan vuosittain 172 500 ty\u00f6per\u00e4ist\u00e4 sek\u00e4 koulutettua maahanmuuttajaa, 84 000 perhesiteill\u00e4 yhdistett\u00e4v\u00e4\u00e4, 40 000 pakolaista sek\u00e4 3500 vainottua. Aiempiin vuosiin n\u00e4hden kyseess\u00e4 ole ole dramaattisesti suuremmasta tulijam\u00e4\u00e4r\u00e4st\u00e4, mutta monet kysyv\u00e4t silti mist\u00e4 kaikille tulijoille tulee riitt\u00e4m\u00e4\u00e4n asuntoja sek\u00e4 t\u00f6it\u00e4. Kanadan talous on junnannut viime ajat paikoillaan, positiivisena poikkeuksena ainoastaan eritt\u00e4in <a title=\"Tulikuumana hohkaava talous\" href=\"https:\/\/www.vuosiamaailmalla.fi\/?p=8332\">kuumaana hohkaava British Columbian talous<\/a>. Ty\u00f6tt\u00f6myysprosentti on pysynyt noin 7% paikkeilla, mik\u00e4 enemm\u00e4n kuin Yhdysvalloissa, mutta v\u00e4hemm\u00e4n kuin EU-alueella ja huomattavasti v\u00e4hemm\u00e4n kuin Suomessa.<\/p>\n<p style=\"text-align: justify;\">Lukeman pit\u00e4minen edes paikallaan onkin haaste samaan aikaan kun v\u00e4est\u00f6 lis\u00e4\u00e4ntyy sadoillatuhansilla, joskin suurempaa maahanmuuttoa on perusteltu my\u00f6s juuri talouden kiihdytt\u00e4miseen t\u00e4ht\u00e4\u00e4v\u00e4n\u00e4 toimena. Paikallisesti t\u00e4ss\u00e4 onkin per\u00e4\u00e4, sill\u00e4 esimerkiksi Vancouverin alueella yrityksill\u00e4 on ollut vaikeuksia l\u00f6yt\u00e4\u00e4 tarpeeksi ty\u00f6ntekij\u00f6it\u00e4. Ongelmana on kuitenkin, ett\u00e4 kaupunkialueilla miss\u00e4 on t\u00f6it\u00e4 on tarjolla runsaasti, <a title=\"Karannut kanadalainen unelma\" href=\"https:\/\/www.vuosiamaailmalla.fi\/?p=7518\">asumisen hinta<\/a> on jo valmiiksi pilviss\u00e4, mik\u00e4 tekee ty\u00f6voiman ja ty\u00f6paikkojen kohtaamisesta haasteellisen yht\u00e4l\u00f6n.<\/p>\n<p style=\"text-align: center;\"><a href=\"\/blog\/wp-content\/uploads\/2016\/permanent_residents_maarat.jpg\"><img decoding=\"async\" src=\"\/blog\/wp-content\/uploads\/2016\/permanent_residents_maarat.jpg\" \/><\/a><\/p>\n<p style=\"text-align: center;\"><em>Pysyvien asumislupien m\u00e4\u00e4r\u00e4 tulee kasvamaan<\/em><\/p>\n<p style=\"text-align: justify;\">Hyv\u00e4n\u00e4 puolena uusi ohjelma pyrkii my\u00f6s vakinaistamaan maassa jo olevien ihmisten, kuten opiskelijoiden ja <a title=\"Ikuisuusprosessi kanadalaisesta ty\u00f6luvasta\" href=\"https:\/\/www.vuosiamaailmalla.fi\/?p=322\">tilap\u00e4isten ty\u00f6ntekij\u00f6iden<\/a> statusta kohti <a title=\"Kanadan pysyv\u00e4t asukkaat\" href=\"https:\/\/www.vuosiamaailmalla.fi\/?p=9660\">pysyv\u00e4\u00e4 asumislupaa<\/a>, miss\u00e4 on ehdottomasti j\u00e4rke\u00e4. Tilap\u00e4iset ty\u00f6ntekij\u00e4t ovat olleet kiistelty tekij\u00e4 Kanadan ty\u00f6markkinoilla ja joissain tapauksissa jotkut yritykset ovatkin yritt\u00e4neet sivuuttaa kanadalaisia ty\u00f6nhakijoita halvemmalla tilap\u00e4isell\u00e4 ty\u00f6voimalla. Suurin huoli maahanmuuton ymp\u00e4rill\u00e4 onkin, ett\u00e4 &#8221;tulijat viev\u00e4t paikallisten ty\u00f6t&#8221;. Vaikka huolen voikin ymm\u00e4rt\u00e4\u00e4, on kyseess\u00e4 kuitenkin positiivisesta ilmi\u00f6st\u00e4, joka kertoo suoraan siit\u00e4 ett\u00e4 suurin osa maahanmuutosta on todellakin ty\u00f6per\u00e4ist\u00e4, loppujen ollessa <a title=\"Miljon\u00e4\u00e4ripakolaisten vy\u00f6ry Kanadaan\" href=\"https:\/\/www.vuosiamaailmalla.fi\/?p=8291\">kiinalaisia miljon\u00e4\u00e4rej\u00e4<\/a> sek\u00e4 pieni m\u00e4\u00e4r\u00e4 pakolaisia, jotka my\u00f6s ty\u00f6llistyv\u00e4t sangen hyviss\u00e4 m\u00e4\u00e4rin.<\/p>\n<p style=\"text-align: justify;\">T\u00e4t\u00e4 taustaa vasten voisikin ennustaa, ett\u00e4 uusi linjaus jatkaa Kanadan vahventamista, vaikka v\u00e4kim\u00e4\u00e4r\u00e4n kasvun ei pit\u00e4isik\u00e4\u00e4n olla mik\u00e4\u00e4n itsetarkoitus jo valmiiksi ylikansoitetussa maailmassa. Ainakin Kanadan kasvu perustuu j\u00e4rkev\u00e4\u00e4n linjaan laadukkaista tulijoista, mik\u00e4 on aiemminkin toiminut Kanadan eduksi.<\/p>\n<p style=\"text-align: justify;\">Jos siis Kanadaan muutto kiinnostaa, kannattaa asiaa harkita nyt tosissaan. Suomalainen korkeakoulutettu nuori on kovaa valuuttaa ulkomaiden ty\u00f6markkinoilla ja Kanada on kerrassaan upea maa asua. \ud83d\ude42<\/p>\n","protected":false},"excerpt":{"rendered":"<p>36 miljoonan asukkaan Kanada on ollut aina maahanmuuttajien maa ja esimerkiksi Torontossa sek\u00e4 Vancouverissa ei-kansalaisten (mihin mekin lukeudumme) m\u00e4\u00e4r\u00e4 ylitt\u00e4\u00e4 jo puolet kaupunkien v\u00e4est\u00f6st\u00e4. Todellinen monikulttuurisuus onkin yksi ensimm\u00e4isi\u00e4 asioita, jonka Kanadaan saapuva huomaa ja esimerkiksi t\u00e4\u00e4ll\u00e4 l\u00e4nsirannikolla Aasiasta tulleiden m\u00e4\u00e4r\u00e4 on todella huomattava.<\/p>\n","protected":false},"author":1,"featured_media":8599,"comment_status":"open","ping_status":"open","sticky":false,"template":"","format":"standard","meta":{"_jetpack_memberships_contains_paid_content":false,"footnotes":""},"categories":[17,3,4,13],"tags":[25,935,207,227],"class_list":["post-8597","post","type-post","status-publish","format-standard","has-post-thumbnail","hentry","category-arki-kanadassa","category-arki-ulkomailla","category-asuminen-kanadassa","category-tyoskentely-kanadassa","tag-ajankohtaista","tag-kanada","tag-tyo","tag-tyolupa"],"jetpack_featured_media_url":"https:\/\/www.vuosiamaailmalla.fi\/blog\/wp-content\/uploads\/tervetuloa_kanadaan_banner.jpg","jetpack_sharing_enabled":true,"_links":{"self":[{"href":"https:\/\/www.vuosiamaailmalla.fi\/blog\/wp-json\/wp\/v2\/posts\/8597","targetHints":{"allow":["GET"]}}],"collection":[{"href":"https:\/\/www.vuosiamaailmalla.fi\/blog\/wp-json\/wp\/v2\/posts"}],"about":[{"href":"https:\/\/www.vuosiamaailmalla.fi\/blog\/wp-json\/wp\/v2\/types\/post"}],"author":[{"embeddable":true,"href":"https:\/\/www.vuosiamaailmalla.fi\/blog\/wp-json\/wp\/v2\/users\/1"}],"replies":[{"embeddable":true,"href":"https:\/\/www.vuosiamaailmalla.fi\/blog\/wp-json\/wp\/v2\/comments?post=8597"}],"version-history":[{"count":0,"href":"https:\/\/www.vuosiamaailmalla.fi\/blog\/wp-json\/wp\/v2\/posts\/8597\/revisions"}],"wp:featuredmedia":[{"embeddable":true,"href":"https:\/\/www.vuosiamaailmalla.fi\/blog\/wp-json\/wp\/v2\/media\/8599"}],"wp:attachment":[{"href":"https:\/\/www.vuosiamaailmalla.fi\/blog\/wp-json\/wp\/v2\/media?parent=8597"}],"wp:term":[{"taxonomy":"category","embeddable":true,"href":"https:\/\/www.vuosiamaailmalla.fi\/blog\/wp-json\/wp\/v2\/categories?post=8597"},{"taxonomy":"post_tag","embeddable":true,"href":"https:\/\/www.vuosiamaailmalla.fi\/blog\/wp-json\/wp\/v2\/tags?post=8597"}],"curies":[{"name":"wp","href":"https:\/\/api.w.org\/{rel}","templated":true}]}}