{"id":8606,"date":"2016-11-09T18:56:50","date_gmt":"2016-11-10T02:56:50","guid":{"rendered":"http:\/\/13.53.127.146\/?p=8606"},"modified":"2018-10-28T16:22:07","modified_gmt":"2018-10-28T23:22:07","slug":"kanadalaiset-sulattelevat-usan-vaalitulosta","status":"publish","type":"post","link":"https:\/\/www.vuosiamaailmalla.fi\/blog\/2016\/kanadalaiset-sulattelevat-usan-vaalitulosta\/","title":{"rendered":"Kanada sulattelee USA:n vaalitulosta"},"content":{"rendered":"<p style=\"text-align: justify;\">Vajaa vuorokausi on kulunut Amerikan <a title=\"Vaalisirkus huipentuu\" href=\"https:\/\/www.vuosiamaailmalla.fi\/?p=1137\">el\u00e4m\u00e4\u00e4 suuremman vaalisirkuksen<\/a> huipentumisesta ja aamun valjettua my\u00f6s t\u00e4\u00e4ll\u00e4 Kanadassa on alettu sulatella vaalien tulosta. Kuten kaikissa l\u00e4nsimaissa, my\u00f6sk\u00e4\u00e4n Kanadassa <a title=\"Viihdeuutisia ja valheellisia lehtikirjoituksia\" href=\"https:\/\/www.vuosiamaailmalla.fi\/?p=5348\">paikallinen media<\/a> ei pystynyt n\u00e4kem\u00e4\u00e4n Donald Trumpin voittoa ennalta, joten ainakin virallisesti tulos oli monille yll\u00e4tys ja osalla mediaa onkin ollut vaikeuksia sulatella tulosta aiemman uutisointinsa j\u00e4ljilt\u00e4. \ud83d\ude44<\/p>\n<p><!--more--><\/p>\n<p style=\"text-align: justify;\">Mediassa suurin huomio on kohdistunut ensimm\u00e4iseksi Kanadan maahanmuuttoviraston nettisivujen jumiutumiseen vaali-iltana useiden tuntien ajaksi, nettifoorumien t\u00e4yttyess\u00e4 pettyneiden amerikkalaisten uhkauksista muuttaa Kanadaan. Kyseess\u00e4 on ilmi\u00f6, joka toistuu jokaisten vaalien kohdalla (ja my\u00f6s toiseen suuntaan). On silti aina yht\u00e4 huvittavaa n\u00e4hd\u00e4 miten monet amerikkalaiset kuvittelevat muuton Kanadaan tapahtuvan vain sormia napsauttamalla, kun tosiasiassa amerikkalaiset joutuvat k\u00e4ym\u00e4\u00e4n l\u00e4pi t\u00e4ysin saman <a title=\"Kanada lis\u00e4\u00e4 maahanmuuttoa\" href=\"https:\/\/www.vuosiamaailmalla.fi\/?p=8597\">maahanmuutto-ohjelman<\/a> kuin muunkin maalaiset.<\/p>\n<p style=\"text-align: center;\"><a href=\"\/blog\/wp-content\/uploads\/2016\/vaiski_vemmelsaari.gif\"><img decoding=\"async\" src=\"\/blog\/wp-content\/uploads\/2016\/vaiski_vemmelsaari.gif\" \/><\/a><\/p>\n<p style=\"text-align: justify;\">P\u00e4\u00e4llimm\u00e4isen\u00e4 kanadalaisten huoli uuden presidentin sek\u00e4 hallinnon kohdalla kohdistuu kolmeen asiaan: talouteen, energia- ja ilmastopolitiikkaan sek\u00e4 puolustusliitto NATO:n tulevaisuuteen. <a title=\"Tulikuumana hohkaava talous\" href=\"https:\/\/www.vuosiamaailmalla.fi\/?p=8332\">Taloudessa<\/a> huolet kohdistuvat Bill Clintonin aikana solmittuun Pohjois-Amerikan vapaakauppasopimus NAFTA:aan Yhdysvaltojen, Kanadan sek\u00e4 Meksikon v\u00e4lill\u00e4, joka on edist\u00e4nyt kauppaa maiden v\u00e4lill\u00e4 ja jota Trump on kommentoinut liian ep\u00e4edulliseksi Amerikalle.<\/p>\n<p style=\"text-align: justify;\">Kanada ja Yhdysvallat ovat kuitenkin toistensa merkitt\u00e4vimm\u00e4t kauppakumppanit &#8211; kumpaankin suuntaan &#8211; ja pelk\u00e4st\u00e4\u00e4n Kanadassa maiden v\u00e4linen kauppa ty\u00f6llist\u00e4\u00e4 suoraan 2,5 miljoonaa ihmist\u00e4. Per\u00e4ti 72% maan koko viennist\u00e4 kohdistuu Yhdysvaltoihin ollen arvoltaan 23% Kanadan bruttokansantuotteesta (huikeat noin 450 miljardia dollaria).<\/p>\n<p style=\"text-align: center;\"><a href=\"\/blog\/wp-content\/uploads\/2016\/nafta.jpg\"><img decoding=\"async\" src=\"\/blog\/wp-content\/uploads\/2016\/nafta.jpg\" \/><\/a><\/p>\n<p style=\"text-align: center;\"><em>NAFTA on merkitt\u00e4v\u00e4 kaikille sopimuksen osapuolille<\/em><\/p>\n<p style=\"text-align: justify;\">Onkin hyvin ep\u00e4todenn\u00e4k\u00f6ist\u00e4, ett\u00e4 olemassaoleva sopimus <a title=\"Kannabiksesta tuli laillista\" href=\"https:\/\/www.vuosiamaailmalla.fi\/?p=9842\">romutettaisiin t\u00e4ysin<\/a>, mutta uusia linjauksia voi olla tiedossa. Tuolloin heikoimmassa asemassa saattaa olla sopimuksen kolmas osapuoli Meksiko, jonne amerikkalaiset yritykset ovat ulkoistaneet tuotantoaan ja siten ty\u00f6paikkojaan runsaasti. Juuri n\u00e4m\u00e4 ty\u00f6paikat Trump on vannonut palauttavansa Yhdysvaltoihin.<\/p>\n<p style=\"text-align: justify;\">Energiapuolella Yhdysvaltojen uusi hallinto saattaa asettua poikkiteloin ilmastonmuutoksen parissa viime aikoina saavutettuja edistysaskelia vastaan. Kanadalle asiassa saattaa olla my\u00f6s jotain positiivista, sill\u00e4 vuosia puuhattu ja Obaman hallinnon torppaama <em>Keystone XL<\/em> \u00f6ljyputkihanke Albertasta Meksikonlahdelle saattaa edet\u00e4 t\u00e4ll\u00e4 vaalikaudella. Hanketta on vastustettu ymp\u00e4rist\u00f6syist\u00e4, mutta sill\u00e4 olisi iso merkitys <a title=\"Huoli laskevasta \u00f6ljyn hinnasta\" href=\"https:\/\/www.vuosiamaailmalla.fi\/?p=3970\">\u00f6ljynhinnan romahduksesta<\/a> k\u00e4rsiv\u00e4n Albertan <a title=\"Ty\u00f6tt\u00f6myysturva Kanadassa\" href=\"https:\/\/www.vuosiamaailmalla.fi\/?p=8192\">taloudelliselle ahdingolle<\/a>, mik\u00e4 heijastuisi my\u00f6s koko Kanadaan.<\/p>\n<p style=\"text-align: justify;\">Kolmas seikka eli NATO:n roolin uudelleenkohdentaminen koskettaa maailman turvallisimmalla sijainnilla siunattua Kanadaa kahta muuta v\u00e4hemm\u00e4n. Euroopassa se kuitenkin aiheuttaa p\u00e4\u00e4ns\u00e4rky\u00e4 varsinkin Ven\u00e4j\u00e4n naapurimaissa, joille uusi tilanne luo ep\u00e4varmuutta turvatakuista. Kanadaa asia koskettaa l\u00e4hinn\u00e4 kustannusten kautta, sill\u00e4 Yhdysvallat on jo pidemm\u00e4n aikaa vaatinut NATO-liittolaisiaan nostamaan puolustusliittoon panostamiaan summia nykyisest\u00e4 tasosta.<\/p>\n<p style=\"text-align: center;\"><a href=\"\/blog\/wp-content\/uploads\/2016\/nato.jpg\"><img decoding=\"async\" src=\"\/blog\/wp-content\/uploads\/2016\/nato.jpg\" \/><\/a><\/p>\n<p style=\"text-align: center;\"><em>NATO:n tulevaisuus on avoinna<\/em><\/p>\n<p style=\"text-align: justify;\">Loppupeleiss\u00e4 kukaan ei kuitenkaan viel\u00e4 tied\u00e4 eilisen <a title=\"Kriisi Kanadan rajoilla\" href=\"https:\/\/www.vuosiamaailmalla.fi\/?p=9215\">vaalituloksen vaikutuksia<\/a> ja kaikki esitetty on l\u00e4hinn\u00e4 spekulointia. Tulee kuitenkin olemaan kiintoisaa n\u00e4hd\u00e4 miten Kanadan viime vaaleissa <a title=\"Kanada \u00e4\u00e4nesti muutoksen puolesta\" href=\"https:\/\/www.vuosiamaailmalla.fi\/?p=7290\">vasemmalle harpannut liberaalihallitus<\/a> tulee toimimaan yhteen nyt enemm\u00e4n oikealle harpanneen Yhdysvaltojen kanssa. Maat ovat kuitenkin toistensa l\u00e4heisimpi\u00e4 yhteisty\u00f6kumppaneita monessa asiassa, eik\u00e4 asiaan liene tiedossa suuria muutoksia. Oletettavaa siis on, ett\u00e4 t\u00e4ll\u00e4kin kertaa vain harva muuttoaikeistaan Kanadaan ilmoittaneesta p\u00e4\u00e4tyy lopulta menem\u00e4\u00e4n l\u00e4pi suunnitelmansa kanssa. \ud83d\ude44<\/p>\n<p style=\"text-align: justify;\">Ehk\u00e4p\u00e4 ensi vaaleissa Kanada voi olla <a title=\"Kanada Amerikan presidentiksi!\" href=\"https:\/\/www.vuosiamaailmalla.fi\/?p=7903\">yksi vaaliehdokkaista<\/a>?<\/p>\n<p style=\"text-align: center;\"><a href=\"\/blog\/wp-content\/uploads\/2016\/trumpin_voitto.jpg\"><img decoding=\"async\" src=\"\/blog\/wp-content\/uploads\/2016\/trumpin_voitto.jpg\" \/><\/a><\/p>\n<p style=\"text-align: center;\"><em>Nyt k\u00e4vi n\u00e4in<\/em><\/p>\n","protected":false},"excerpt":{"rendered":"<p>Vajaa vuorokausi on kulunut Amerikan el\u00e4m\u00e4\u00e4 suuremman vaalisirkuksen huipentumisesta ja aamun valjettua my\u00f6s t\u00e4\u00e4ll\u00e4 Kanadassa on alettu sulatella vaalien tulosta. Kuten kaikissa l\u00e4nsimaissa, my\u00f6sk\u00e4\u00e4n Kanadassa paikallinen media ei pystynyt n\u00e4kem\u00e4\u00e4n Donald Trumpin voittoa ennalta, joten ainakin virallisesti tulos oli monille yll\u00e4tys ja osalla mediaa onkin ollut vaikeuksia sulatella tulosta aiemman uutisointinsa j\u00e4ljilt\u00e4. \ud83d\ude44<\/p>\n","protected":false},"author":1,"featured_media":8608,"comment_status":"open","ping_status":"open","sticky":false,"template":"","format":"standard","meta":{"_jetpack_memberships_contains_paid_content":false,"footnotes":""},"categories":[17,3],"tags":[25,569,935,491,297,11],"class_list":["post-8606","post","type-post","status-publish","format-standard","has-post-thumbnail","hentry","category-arki-kanadassa","category-arki-ulkomailla","tag-ajankohtaista","tag-donald-trump","tag-kanada","tag-talous","tag-vaalit","tag-matkakertomukset-yhdysvallat"],"jetpack_featured_media_url":"https:\/\/www.vuosiamaailmalla.fi\/blog\/wp-content\/uploads\/trumpin_voitto_banner.jpg","jetpack_sharing_enabled":true,"_links":{"self":[{"href":"https:\/\/www.vuosiamaailmalla.fi\/blog\/wp-json\/wp\/v2\/posts\/8606","targetHints":{"allow":["GET"]}}],"collection":[{"href":"https:\/\/www.vuosiamaailmalla.fi\/blog\/wp-json\/wp\/v2\/posts"}],"about":[{"href":"https:\/\/www.vuosiamaailmalla.fi\/blog\/wp-json\/wp\/v2\/types\/post"}],"author":[{"embeddable":true,"href":"https:\/\/www.vuosiamaailmalla.fi\/blog\/wp-json\/wp\/v2\/users\/1"}],"replies":[{"embeddable":true,"href":"https:\/\/www.vuosiamaailmalla.fi\/blog\/wp-json\/wp\/v2\/comments?post=8606"}],"version-history":[{"count":0,"href":"https:\/\/www.vuosiamaailmalla.fi\/blog\/wp-json\/wp\/v2\/posts\/8606\/revisions"}],"wp:featuredmedia":[{"embeddable":true,"href":"https:\/\/www.vuosiamaailmalla.fi\/blog\/wp-json\/wp\/v2\/media\/8608"}],"wp:attachment":[{"href":"https:\/\/www.vuosiamaailmalla.fi\/blog\/wp-json\/wp\/v2\/media?parent=8606"}],"wp:term":[{"taxonomy":"category","embeddable":true,"href":"https:\/\/www.vuosiamaailmalla.fi\/blog\/wp-json\/wp\/v2\/categories?post=8606"},{"taxonomy":"post_tag","embeddable":true,"href":"https:\/\/www.vuosiamaailmalla.fi\/blog\/wp-json\/wp\/v2\/tags?post=8606"}],"curies":[{"name":"wp","href":"https:\/\/api.w.org\/{rel}","templated":true}]}}