{"id":8616,"date":"2016-11-18T18:46:10","date_gmt":"2016-11-19T02:46:10","guid":{"rendered":"http:\/\/13.53.127.146\/?p=8616"},"modified":"2016-11-18T18:46:10","modified_gmt":"2016-11-19T02:46:10","slug":"kun-lumilautailu-saapui-vancouveriin","status":"publish","type":"post","link":"https:\/\/www.vuosiamaailmalla.fi\/blog\/2016\/kun-lumilautailu-saapui-vancouveriin\/","title":{"rendered":"Kun lumilautailu saapui Vancouveriin"},"content":{"rendered":"<p style=\"text-align: justify;\">Lumilautailijat ja laskettelijat ovat kaksi ryhm\u00e4\u00e4, jotka eiv\u00e4t tule aina kesken\u00e4\u00e4n toimeen. N\u00e4in on ollut i\u00e4t ja ajat ja n\u00e4in laskettelukauden avajaisten alla olikin hauska l\u00f6yt\u00e4\u00e4 yleisradioyhti\u00f6 CBC:n vanha uutisjuttu Vancouveriin rantautuneesta uudesta &#8221;lumisurffaus&#8221; ilmi\u00f6st\u00e4 paikallisilla vuorilla vuodelta 1985. Kaliforniasta rantautunut uusi villitys sai aluksi kylm\u00e4n vastaanoton paikallisilta laskettelukeskuksilta ja koko puuha olikin jonkin aikaa laitonta! Video on kuvattu <a title=\"Laskettelua sadepilvess\u00e4\" href=\"https:\/\/www.vuosiamaailmalla.fi\/?p=192\">Mount Seymourilla<\/a>.<\/p>\n<p><!--more--><\/p>\n<p style=\"text-align: center;\"><iframe loading=\"lazy\" src=\"https:\/\/www.youtube-nocookie.com\/embed\/XPZDEWBzneY?rel=0\" width=\"560\" height=\"315\" frameborder=\"0\" allowfullscreen=\"allowfullscreen\"><\/iframe><\/p>\n<p style=\"text-align: center;\"><em>Lautailijat eiv\u00e4t olleet aluksi kaikkien mieleen<\/em><\/p>\n<p style=\"text-align: justify;\">Videon vakavaa s\u00e4vy\u00e4 on vaikea ymm\u00e4rt\u00e4\u00e4 t\u00e4n\u00e4 p\u00e4iv\u00e4n\u00e4, kun lumilautailu on laskettelun ohella todella suosittua ja sallittu kaikkialla. Toki edelleenkin n\u00e4iden kahden v\u00e4lill\u00e4 on aina aika ajoin kismaa, lumilautailijoiden ollessa rinteess\u00e4 joskus v\u00e4hemm\u00e4n huomaavaisia, mit\u00e4 paikallinen hupiryhm\u00e4 IFHT onkin sivunnut hauskassa videossaan laskettelun perusteista. \ud83d\ude06<\/p>\n<p style=\"text-align: center;\"><iframe loading=\"lazy\" src=\"https:\/\/www.youtube-nocookie.com\/embed\/YPg4HuIQt9c?rel=0\" width=\"560\" height=\"315\" frameborder=\"0\" allowfullscreen=\"allowfullscreen\"><\/iframe><\/p>\n<p style=\"text-align: center;\"><em>Kuinka olla laskettelija<\/em><\/p>\n<p style=\"text-align: justify;\">T\u00e4m\u00e4n talven laskettelukauden p\u00e4ivityksen\u00e4 kerrottakoon lopuksi, ett\u00e4 paikalliset North Shore Mountainsit saivat t\u00e4ll\u00e4 viikolla ensilumen. Lumi on antanut odottaa itse\u00e4\u00e4n pitk\u00e4\u00e4n, sill\u00e4 <a title=\"Lupaus La Ni\u00f1asta\" href=\"https:\/\/www.vuosiamaailmalla.fi\/?p=8573\">valtavat sadem\u00e4\u00e4r\u00e4t<\/a> ovat tulleet vuorillakin veten\u00e4, j\u00e4\u00e4tymisrajan pysytty\u00e4 pitk\u00e4\u00e4n noin kahdessa kilometriss\u00e4 (paikallisvuoret ovat noin 1300 metri\u00e4 korkeat).<\/p>\n<p style=\"text-align: justify;\">Whistleriss\u00e4 lunta on kuitenkin saatu jo reilun kuukauden ajan ja keskus avautuukin ensi viikon keskiviikkona &#8211; yhden p\u00e4iv\u00e4n ennakoitua aiemmin. S\u00e4\u00e4st\u00e4 riippuen voikin olla ett\u00e4 mekin l\u00f6yd\u00e4mme itsemme sielt\u00e4 viikon p\u00e4\u00e4st\u00e4 kauden ensimm\u00e4isilt\u00e4 rinteilt\u00e4! \ud83d\ude2e<\/p>\n","protected":false},"excerpt":{"rendered":"<p>Lumilautailijat ja laskettelijat ovat kaksi ryhm\u00e4\u00e4, jotka eiv\u00e4t tule aina kesken\u00e4\u00e4n toimeen. N\u00e4in on ollut i\u00e4t ja ajat ja n\u00e4in laskettelukauden avajaisten alla olikin hauska l\u00f6yt\u00e4\u00e4 yleisradioyhti\u00f6 CBC:n vanha uutisjuttu Vancouveriin rantautuneesta uudesta &#8221;lumisurffaus&#8221; ilmi\u00f6st\u00e4 paikallisilla vuorilla vuodelta 1985. Kaliforniasta rantautunut uusi villitys sai aluksi kylm\u00e4n vastaanoton paikallisilta laskettelukeskuksilta ja koko puuha olikin jonkin aikaa &hellip; <a href=\"https:\/\/www.vuosiamaailmalla.fi\/blog\/2016\/kun-lumilautailu-saapui-vancouveriin\/\" class=\"more-link\">Jatka lukemista<span class=\"screen-reader-text\"> &#8221;Kun lumilautailu saapui Vancouveriin&#8221;<\/span><\/a><\/p>\n","protected":false},"author":1,"featured_media":8617,"comment_status":"open","ping_status":"open","sticky":false,"template":"","format":"standard","meta":{"_jetpack_memberships_contains_paid_content":false,"footnotes":""},"categories":[17,3,778,774],"tags":[25,133,139,935,155,173,181,184,202,939,218],"class_list":["post-8616","post","type-post","status-publish","format-standard","has-post-thumbnail","hentry","category-arki-kanadassa","category-arki-ulkomailla","category-laskettelu-ulkoilu","category-ulkoilu","tag-ajankohtaista","tag-hassua","tag-historiaa-2","tag-kanada","tag-kanadalainen-juttu","tag-laskettelu","tag-mount-seymour","tag-north-vancouver","tag-talvi","tag-vancouver","tag-whistler"],"jetpack_featured_media_url":"https:\/\/www.vuosiamaailmalla.fi\/blog\/wp-content\/uploads\/lumilautailu_banner.jpg","jetpack_sharing_enabled":true,"_links":{"self":[{"href":"https:\/\/www.vuosiamaailmalla.fi\/blog\/wp-json\/wp\/v2\/posts\/8616","targetHints":{"allow":["GET"]}}],"collection":[{"href":"https:\/\/www.vuosiamaailmalla.fi\/blog\/wp-json\/wp\/v2\/posts"}],"about":[{"href":"https:\/\/www.vuosiamaailmalla.fi\/blog\/wp-json\/wp\/v2\/types\/post"}],"author":[{"embeddable":true,"href":"https:\/\/www.vuosiamaailmalla.fi\/blog\/wp-json\/wp\/v2\/users\/1"}],"replies":[{"embeddable":true,"href":"https:\/\/www.vuosiamaailmalla.fi\/blog\/wp-json\/wp\/v2\/comments?post=8616"}],"version-history":[{"count":0,"href":"https:\/\/www.vuosiamaailmalla.fi\/blog\/wp-json\/wp\/v2\/posts\/8616\/revisions"}],"wp:featuredmedia":[{"embeddable":true,"href":"https:\/\/www.vuosiamaailmalla.fi\/blog\/wp-json\/wp\/v2\/media\/8617"}],"wp:attachment":[{"href":"https:\/\/www.vuosiamaailmalla.fi\/blog\/wp-json\/wp\/v2\/media?parent=8616"}],"wp:term":[{"taxonomy":"category","embeddable":true,"href":"https:\/\/www.vuosiamaailmalla.fi\/blog\/wp-json\/wp\/v2\/categories?post=8616"},{"taxonomy":"post_tag","embeddable":true,"href":"https:\/\/www.vuosiamaailmalla.fi\/blog\/wp-json\/wp\/v2\/tags?post=8616"}],"curies":[{"name":"wp","href":"https:\/\/api.w.org\/{rel}","templated":true}]}}