{"id":8630,"date":"2016-11-28T20:35:25","date_gmt":"2016-11-29T04:35:25","guid":{"rendered":"http:\/\/13.53.127.146\/?p=8630"},"modified":"2017-11-18T20:37:33","modified_gmt":"2017-11-19T04:37:33","slug":"vuoden-ensimmainen-puuteripaiva","status":"publish","type":"post","link":"https:\/\/www.vuosiamaailmalla.fi\/blog\/2016\/vuoden-ensimmainen-puuteripaiva\/","title":{"rendered":"Vuoden ensimm\u00e4inen puuterip\u00e4iv\u00e4"},"content":{"rendered":"<p style=\"text-align: justify;\">Kuluva syksy on ollut <a title=\"Lupaus La Ni\u00f1asta\" href=\"https:\/\/www.vuosiamaailmalla.fi\/?p=8573\">synkk\u00e4 ja sateinen<\/a>, eik\u00e4 t\u00e4m\u00e4n talven laskettelukauden avausta ole meinannut malttaa odottaa. Sit\u00e4 tiet\u00e4\u00e4 olevansa asiasta todellakin t\u00e4pin\u00f6iss\u00e4\u00e4n, kun n\u00e4kee Whistlerin avajaisia edelt\u00e4v\u00e4n\u00e4 y\u00f6n\u00e4 unta seisomisesta aamun ensimm\u00e4isess\u00e4 hissijonossa! \ud83d\ude06 Ja her\u00e4tty\u00e4\u00e4n pettymykseen normaalista ty\u00f6aamusta, sit\u00e4 kuitenkin seuraa koko aamun webbikameroiden v\u00e4lityksell\u00e4 miten onnekkaat nousevat vuorelle <a title=\"Aikainen laskettelukauden avaus\" href=\"https:\/\/www.vuosiamaailmalla.fi\/?p=9359\">vuoden ensimm\u00e4iselle laskettelup\u00e4iv\u00e4lle<\/a>. Ai ett\u00e4! \ud83d\ude00<\/p>\n<p><!--more--><\/p>\n<p style=\"text-align: justify;\">Pitk\u00e4n odotuksen j\u00e4lkeen Whistler tosiaan avasi ovensa viime viikon keskiviikkona, marraskuun 23. p\u00e4iv\u00e4, p\u00e4iv\u00e4n suunniteltua aiemmin. Itse jouduimme kuitenkin odottamaan omaa kauden avaustamme lauantaihin saakka, jolloin suuntasimme aikaisin aamusta kohti Whistleri\u00e4. Intoa nostatti entisest\u00e4\u00e4n tieto siit\u00e4, ett\u00e4 Whistleriss\u00e4 oli satanut edellisin\u00e4 p\u00e4ivin\u00e4 eeppisi\u00e4 m\u00e4\u00e4ri\u00e4 tuoretta lunta ja tulossa olisi mahtava puuterip\u00e4iv\u00e4! Lauantain edell\u00e4 lunta oli satanut edelt\u00e4vien 48 tunnin aikana per\u00e4ti 86cm ja koko viime viikon aikana per\u00e4ti kaksi metri\u00e4 &#8211; siis yhdess\u00e4 viikossa!!<\/p>\n<p style=\"text-align: center;\"><a href=\"\/blog\/wp-content\/uploads\/2016\/puuteripaiva_whistlerilla5.jpg\"><img decoding=\"async\" src=\"\/blog\/wp-content\/uploads\/2016\/puuteripaiva_whistlerilla5.jpg\" \/><\/a><\/p>\n<p style=\"text-align: center;\"><em>Paksu puuterilumi peitt\u00e4\u00e4 puita<\/em><\/p>\n<p style=\"text-align: justify;\">T\u00e4t\u00e4 tietoa vasten olikin arvattavissa, ett\u00e4 lauantaista olisi tulossa eritt\u00e4in vilkas p\u00e4iv\u00e4, mutta yll\u00e4tyimme silti jo aamuvarhaisella Whistleriin suuntaavien autojen m\u00e4\u00e4r\u00e4st\u00e4. Vancouverista saakka ajoimme rankassa kaatosateessa, mutta pian Squamishin j\u00e4lkeen sade vaihtui sakeaksi lumisateeksi. Emme ole koskaan aiemmin joutuneet ajamaan Whistleriin lumisateessa ja liikenne hidastuikin huomattavasti, ihmisten muuttuessa huomattavasti normaalia varovaisemmaksi.<\/p>\n<p style=\"text-align: justify;\">Syyt\u00e4 varovaisuuteen olikin, sill\u00e4 vain harvalla oli alla lain t\u00e4h\u00e4n vuodenaikaan vuoristoteill\u00e4 velvoittamat <a title=\"Talvirenkaat British Columbiassa\" href=\"https:\/\/www.vuosiamaailmalla.fi\/?p=181\">talvirenkaat<\/a>. Haluttomuus investoida kunnon renkaisiin on helppo ymm\u00e4rt\u00e4\u00e4, sill\u00e4 oikeasti talviset olosuhteet ovat sangen harvinaisia jopa <em>Sea to Sky Highwayll\u00e4<\/em>, mutta huonon kelin sattuessa v\u00e4\u00e4rill\u00e4 renkailla on pulassa. N\u00e4immekin matkan varrella lukuisia m\u00e4kiin juuttuneita autoja sek\u00e4 lumisateessa ep\u00e4toivoisesti ketjuja alle asentavia autoilijoita. Radiossa kerrotun mukaan my\u00f6s poliisi oli liikkeell\u00e4 rengasratsioiden merkeiss\u00e4, mutta emme n\u00e4hneet yht\u00e4\u00e4n. Meill\u00e4 tosin mit\u00e4\u00e4n ongelmaiaa ei olisi edes ollut, sill\u00e4 allamme ovat oikeat talvirenkaat, mist\u00e4 olimmekin eritt\u00e4in kiitollisia. \ud83d\ude42<\/p>\n<p style=\"text-align: center;\"><a href=\"\/blog\/wp-content\/uploads\/2016\/puuteripaiva_whistlerilla1.jpg\"><img decoding=\"async\" src=\"\/blog\/wp-content\/uploads\/2016\/puuteripaiva_whistlerilla1.jpg\" \/><\/a><\/p>\n<p style=\"text-align: center;\"><em>Olosuhteet saivat liikkeelle muutaman muunkin<br \/>\n<\/em><\/p>\n<p style=\"text-align: justify;\">Perill\u00e4 p\u00e4\u00e4syss\u00e4 vier\u00e4htikin tovi ja olimme vuorella vasta aamukymmenelt\u00e4 &#8211; nelj\u00e4 tuntia Vancouverista l\u00e4hd\u00f6n j\u00e4lkeen! Kauden ensimm\u00e4iset k\u00e4\u00e4nn\u00f6kset piti ottaa rauhallisesti, mutta homma palautui nopeasti lihasmuistista. Keli oli kuitenkin haastava, sill\u00e4 y\u00f6ll\u00e4 ajettujen rinteiden p\u00e4\u00e4lle oli satanut jo aamulla 20-30cm uutta pakkaslunta, joka alkoi kinostua rinteisiin. Lunta oli valtavasti ja laskimme koko p\u00e4iv\u00e4n nilkkoihin saakka ylt\u00e4v\u00e4ss\u00e4 hangessa. Se on hidasta ja raskasta puuhaa, mutta kevyt lumi totteli suksia mukavasti ja toi hommaan oman mukavan haasteensa.<\/p>\n<p style=\"text-align: center;\"><a href=\"\/blog\/wp-content\/uploads\/2016\/puuteripaiva_whistlerilla2.jpg\"><img decoding=\"async\" src=\"\/blog\/wp-content\/uploads\/2016\/thumbs\/thumbs_puuteripaiva_whistlerilla2.jpg\" \/><\/a><a href=\"\/blog\/wp-content\/uploads\/2016\/puuteripaiva_whistlerilla3.jpg\"><img decoding=\"async\" src=\"\/blog\/wp-content\/uploads\/2016\/thumbs\/thumbs_puuteripaiva_whistlerilla3.jpg\" \/><\/a><a href=\"\/blog\/wp-content\/uploads\/2016\/puuteripaiva_whistlerilla4.jpg\"><img decoding=\"async\" src=\"\/blog\/wp-content\/uploads\/2016\/thumbs\/thumbs_puuteripaiva_whistlerilla4.jpg\" \/><\/a><\/p>\n<p style=\"text-align: center;\"><em>Ihanaa syv\u00e4\u00e4 puuterilunta<\/em><\/p>\n<p style=\"text-align: justify;\">Lauantai oli Whistleriss\u00e4 eritt\u00e4in vilkas ja hissijonot \u00e4\u00e4rimm\u00e4isen pitki\u00e4. Yhdess\u00e4 paakkuisten rinteiden kanssa ehdimmekin laskea p\u00e4iv\u00e4n aikana vaivaiset kuusi m\u00e4ke\u00e4, mik\u00e4 on vain kolmasosa normaalista m\u00e4\u00e4r\u00e4st\u00e4. Yht\u00e4\u00e4n enemp\u00e4\u00e4 emme olisi kyll\u00e4 jaksaneetkaan laskea, mik\u00e4 ei haittaa, sill\u00e4 alkukauden p\u00e4iv\u00e4t ovat meille <em>Edge Cardin<\/em> omaaville ilmaisia lasketella. Niinp\u00e4 rinteeseen tuleekin varmasti palattua jo tulevana viikonloppuna, joka n\u00e4ytt\u00e4\u00e4 ennakkotietojen mukaan v\u00e4hint\u00e4\u00e4nkin yht\u00e4 hyv\u00e4lt\u00e4! Talvi on <a title=\"La Ni\u00f1a talven lopputulos\" href=\"https:\/\/www.vuosiamaailmalla.fi\/?p=9062\">vihdoinkin t\u00e4\u00e4ll\u00e4<\/a>! \ud83d\ude42<\/p>\n","protected":false},"excerpt":{"rendered":"<p>Kuluva syksy on ollut synkk\u00e4 ja sateinen, eik\u00e4 t\u00e4m\u00e4n talven laskettelukauden avausta ole meinannut malttaa odottaa. Sit\u00e4 tiet\u00e4\u00e4 olevansa asiasta todellakin t\u00e4pin\u00f6iss\u00e4\u00e4n, kun n\u00e4kee Whistlerin avajaisia edelt\u00e4v\u00e4n\u00e4 y\u00f6n\u00e4 unta seisomisesta aamun ensimm\u00e4isess\u00e4 hissijonossa! \ud83d\ude06 Ja her\u00e4tty\u00e4\u00e4n pettymykseen normaalista ty\u00f6aamusta, sit\u00e4 kuitenkin seuraa koko aamun webbikameroiden v\u00e4lityksell\u00e4 miten onnekkaat nousevat vuorelle vuoden ensimm\u00e4iselle laskettelup\u00e4iv\u00e4lle. Ai ett\u00e4! &hellip; <a href=\"https:\/\/www.vuosiamaailmalla.fi\/blog\/2016\/vuoden-ensimmainen-puuteripaiva\/\" class=\"more-link\">Jatka lukemista<span class=\"screen-reader-text\"> &#8221;Vuoden ensimm\u00e4inen puuterip\u00e4iv\u00e4&#8221;<\/span><\/a><\/p>\n","protected":false},"author":1,"featured_media":8644,"comment_status":"open","ping_status":"open","sticky":false,"template":"","format":"standard","meta":{"_jetpack_memberships_contains_paid_content":false,"footnotes":""},"categories":[778,774],"tags":[25,34,935,173,202,218],"class_list":["post-8630","post","type-post","status-publish","format-standard","has-post-thumbnail","hentry","category-laskettelu-ulkoilu","category-ulkoilu","tag-ajankohtaista","tag-arki","tag-kanada","tag-laskettelu","tag-talvi","tag-whistler"],"jetpack_featured_media_url":"https:\/\/www.vuosiamaailmalla.fi\/blog\/wp-content\/uploads\/puuteripaiva_whistlerilla_banner.jpg","jetpack_sharing_enabled":true,"_links":{"self":[{"href":"https:\/\/www.vuosiamaailmalla.fi\/blog\/wp-json\/wp\/v2\/posts\/8630","targetHints":{"allow":["GET"]}}],"collection":[{"href":"https:\/\/www.vuosiamaailmalla.fi\/blog\/wp-json\/wp\/v2\/posts"}],"about":[{"href":"https:\/\/www.vuosiamaailmalla.fi\/blog\/wp-json\/wp\/v2\/types\/post"}],"author":[{"embeddable":true,"href":"https:\/\/www.vuosiamaailmalla.fi\/blog\/wp-json\/wp\/v2\/users\/1"}],"replies":[{"embeddable":true,"href":"https:\/\/www.vuosiamaailmalla.fi\/blog\/wp-json\/wp\/v2\/comments?post=8630"}],"version-history":[{"count":0,"href":"https:\/\/www.vuosiamaailmalla.fi\/blog\/wp-json\/wp\/v2\/posts\/8630\/revisions"}],"wp:featuredmedia":[{"embeddable":true,"href":"https:\/\/www.vuosiamaailmalla.fi\/blog\/wp-json\/wp\/v2\/media\/8644"}],"wp:attachment":[{"href":"https:\/\/www.vuosiamaailmalla.fi\/blog\/wp-json\/wp\/v2\/media?parent=8630"}],"wp:term":[{"taxonomy":"category","embeddable":true,"href":"https:\/\/www.vuosiamaailmalla.fi\/blog\/wp-json\/wp\/v2\/categories?post=8630"},{"taxonomy":"post_tag","embeddable":true,"href":"https:\/\/www.vuosiamaailmalla.fi\/blog\/wp-json\/wp\/v2\/tags?post=8630"}],"curies":[{"name":"wp","href":"https:\/\/api.w.org\/{rel}","templated":true}]}}