{"id":8635,"date":"2016-12-09T15:32:55","date_gmt":"2016-12-09T23:32:55","guid":{"rendered":"http:\/\/13.53.127.146\/?p=8635"},"modified":"2024-02-24T14:36:55","modified_gmt":"2024-02-24T22:36:55","slug":"jouluinen-lumikaaos-yllatti-vancouverin","status":"publish","type":"post","link":"https:\/\/www.vuosiamaailmalla.fi\/blog\/2016\/jouluinen-lumikaaos-yllatti-vancouverin\/","title":{"rendered":"Lumikaaos yll\u00e4tti Vancouverin"},"content":{"rendered":"<p style=\"text-align: justify;\">Vancouverissa ei olla totuttu lumeen, sill\u00e4 kaupunkialueella sit\u00e4 sataa yleens\u00e4 vain <a title=\"Talvinen Kanada\" href=\"https:\/\/www.vuosiamaailmalla.fi\/?p=2609\">muutamana p\u00e4iv\u00e4n\u00e4 vuodessa<\/a> ja siit\u00e4kin j\u00e4\u00e4 vain harvoin mit\u00e4\u00e4n maahan. T\u00e4m\u00e4n vuoksi harva on my\u00f6sk\u00e4\u00e4n varautunut kunnolliseen talveen esimerkiksi <a title=\"Talvirenkaat British Columbiassa\" href=\"https:\/\/www.vuosiamaailmalla.fi\/?p=181\">kunnollisilla talvirenkailla<\/a>, koska lunta ei yksinkertaisesti sada muuta kuin vuorilla, joilla lunta sataa aivan <a title=\"Whistlerin j\u00e4ttim\u00e4iset lumisein\u00e4m\u00e4t\" href=\"https:\/\/www.vuosiamaailmalla.fi\/?p=8246\">metrikaupalla<\/a>.<\/p>\n<p><!--more--><\/p>\n<p style=\"text-align: justify;\">S\u00e4\u00e4nt\u00f6\u00f6n on kuitenkin aina poikkeuksensa ja t\u00e4ll\u00e4 viikolla talvi yll\u00e4ttikin vancouverilaiset per\u00e4ti kahteen otteeseen. Ensimm\u00e4ist\u00e4 lumisadetta ennustettiin maanantaille ja pyry saapuikin jo y\u00f6ll\u00e4 kaupunkiin. Lumisade oli kuitenkin niin paikallista, ett\u00e4 monet l\u00e4htiv\u00e4t kotoaan t\u00f6ihin vesisateen keskelt\u00e4 ja joutuivat matkallaan yll\u00e4tytetyksi varsinkin t\u00e4\u00e4ll\u00e4 Burnaby seudulla, jonka kukkuloilla sade tuli lumena.<\/p>\n<p style=\"text-align: center;\"><a href=\"\/blog\/wp-content\/uploads\/2016\/lumikaaos_aamu1.jpg\"><img decoding=\"async\" src=\"\/blog\/wp-content\/uploads\/2016\/thumbs\/thumbs_lumikaaos_aamu1.jpg\" \/><\/a><a href=\"\/blog\/wp-content\/uploads\/2016\/lumikaaos_aamu6.jpg\"><img decoding=\"async\" src=\"\/blog\/wp-content\/uploads\/2016\/thumbs\/thumbs_lumikaaos_aamu6.jpg\" \/><\/a><a href=\"\/blog\/wp-content\/uploads\/2016\/lumikaaos_aamu2.jpg\"><img decoding=\"async\" src=\"\/blog\/wp-content\/uploads\/2016\/thumbs\/thumbs_lumikaaos_aamu2.jpg\" \/><\/a><br \/>\n<a href=\"\/blog\/wp-content\/uploads\/2016\/lumikaaos_aamu5.jpg\"><img decoding=\"async\" src=\"\/blog\/wp-content\/uploads\/2016\/thumbs\/thumbs_lumikaaos_aamu5.jpg\" \/><\/a><a href=\"\/blog\/wp-content\/uploads\/2016\/lumikaaos_aamu4.jpg\"><img decoding=\"async\" src=\"\/blog\/wp-content\/uploads\/2016\/thumbs\/thumbs_lumikaaos_aamu4.jpg\" \/><\/a><\/p>\n<p style=\"text-align: center;\"><em>Hieman erilainen aamumaisema<\/em><\/p>\n<p style=\"text-align: justify;\">Me her\u00e4simme aamulla kauniiseen lumen peitt\u00e4m\u00e4\u00e4n maisemaan, joka avautui alapuolellamme. Lunta oli tullut sen verta runsaasti, ett\u00e4 sen arvasi aiheuttavan autoilijoille suuria ongelmia, joten j\u00e4tinkin suosiolla auton kotiin ja k\u00e4velin t\u00f6ihin. Tunnin k\u00e4velymatkan aikana minulle k\u00e4vi selv\u00e4ksi, ett\u00e4 olin tehnyt oikean p\u00e4\u00e4t\u00f6ksen, sill\u00e4 n\u00e4in kaikkialla kes\u00e4renkailla autoilevia jumissa auraamattomien katujen keskell\u00e4.<\/p>\n<p style=\"text-align: center;\"><a href=\"\/blog\/wp-content\/uploads\/2016\/lumikaaos_aamu3.jpg\"><img decoding=\"async\" src=\"\/blog\/wp-content\/uploads\/2016\/thumbs\/thumbs_lumikaaos_aamu3.jpg\" \/><\/a><a href=\"\/blog\/wp-content\/uploads\/2016\/lumikaaos_aamu9.jpg\"><img decoding=\"async\" src=\"\/blog\/wp-content\/uploads\/2016\/thumbs\/thumbs_lumikaaos_aamu9.jpg\" \/><\/a><\/p>\n<p style=\"text-align: center;\"><em>P\u00e4\u00e4tiet olivat t\u00e4ysin jumissa autojen liukastellessa<\/em><\/p>\n<p style=\"text-align: justify;\">Autoilijat eiv\u00e4t olleet kuitenkaan ainoat, jotka \u00e4killisesti tullut talvi yll\u00e4tti, sill\u00e4 my\u00f6s bussit ja <a title=\"Vaarallinen raskas liikenne\" href=\"https:\/\/www.vuosiamaailmalla.fi\/blog\/2024\/vaarallinen-raskas-liikenne\/\">kuorma-autot<\/a> olivat suurissa ongelmissa \u00e4kki\u00e4 j\u00e4\u00e4tyneiss\u00e4 jyrkiss\u00e4 m\u00e4iss\u00e4. K\u00e4velymatkani aikana en n\u00e4hnyt yht\u00e4\u00e4n liikkuvaa linja-autoa, sill\u00e4 ne olivat kaikki j\u00e4m\u00e4ht\u00e4neet jo aamuy\u00f6st\u00e4 rinteiden alap\u00e4\u00e4h\u00e4n ja odottivat nyt hinausapua. Teill\u00e4 n\u00e4kyi my\u00f6s poikittain olevia kuorma-autoja sek\u00e4 kolhiintuneita autoja, mik\u00e4 oli suurin syyni j\u00e4tt\u00e4\u00e4 auto kotiin.<\/p>\n<p style=\"text-align: center;\"><a href=\"\/blog\/wp-content\/uploads\/2016\/lumikaaos_aamu7.jpg\"><img decoding=\"async\" src=\"\/blog\/wp-content\/uploads\/2016\/thumbs\/thumbs_lumikaaos_aamu7.jpg\" \/><\/a><a href=\"\/blog\/wp-content\/uploads\/2016\/lumikaaos_aamu8.jpg\"><img decoding=\"async\" src=\"\/blog\/wp-content\/uploads\/2016\/thumbs\/thumbs_lumikaaos_aamu8.jpg\" \/><\/a><\/p>\n<p style=\"text-align: center;\"><em>Kauniin talvisia sivukatuja matkalla t\u00f6ihin<\/em><\/p>\n<p style=\"text-align: justify;\">Toimistolla oli maanantaina hyvin hiljaista ja oli mukava katsoa ikkunoista ulkona pyrytt\u00e4v\u00e4\u00e4 lunta. Iltap\u00e4iv\u00e4ll\u00e4 edess\u00e4 oli samanlainen k\u00e4vely takaisin kotiin, mik\u00e4 ei ollut kovin mukavaa loskaisilla tienpientareilla. Mieleeni muistuikin j\u00e4lleen, miten ihana Vancouverin l\u00e4mmin ja loskaton talvi onkaan, ja miten v\u00e4h\u00e4n pakkasta sek\u00e4 jatkuvaa lunta kaipaakaan. Jos se minusta riippuu, niin lumi kuuluu vain ja ainoastaan vuorille, ei kaupunkiin.<\/p>\n<p style=\"text-align: center;\"><a href=\"\/blog\/wp-content\/uploads\/2016\/lumikaaos_ilta1.jpg\"><img decoding=\"async\" src=\"\/blog\/wp-content\/uploads\/2016\/thumbs\/thumbs_lumikaaos_ilta1.jpg\" \/><\/a><a href=\"\/blog\/wp-content\/uploads\/2016\/lumikaaos_ilta2.jpg\"><img decoding=\"async\" src=\"\/blog\/wp-content\/uploads\/2016\/thumbs\/thumbs_lumikaaos_ilta2.jpg\" \/><\/a><a href=\"\/blog\/wp-content\/uploads\/2016\/lumikaaos_ilta3.jpg\"><img decoding=\"async\" src=\"\/blog\/wp-content\/uploads\/2016\/thumbs\/thumbs_lumikaaos_ilta3.jpg\" \/><\/a><br \/>\n<a href=\"\/blog\/wp-content\/uploads\/2016\/lumikaaos_ilta4.jpg\"><img decoding=\"async\" src=\"\/blog\/wp-content\/uploads\/2016\/thumbs\/thumbs_lumikaaos_ilta4.jpg\" \/><\/a><a href=\"\/blog\/wp-content\/uploads\/2016\/lumikaaos_ilta5.jpg\"><img decoding=\"async\" src=\"\/blog\/wp-content\/uploads\/2016\/thumbs\/thumbs_lumikaaos_ilta5.jpg\" \/><\/a><a href=\"\/blog\/wp-content\/uploads\/2016\/lumikaaos_ilta6.jpg\"><img decoding=\"async\" src=\"\/blog\/wp-content\/uploads\/2016\/thumbs\/thumbs_lumikaaos_ilta6.jpg\" \/><\/a><\/p>\n<p style=\"text-align: center;\"><em>K\u00e4vely\u00e4 hitaammin liikkuva iltap\u00e4iv\u00e4ruuhka lumipyryn keskell\u00e4<\/em><\/p>\n<p style=\"text-align: center;\"><a href=\"\/blog\/wp-content\/uploads\/2016\/lumikaaos_ilta8.jpg\"><img decoding=\"async\" src=\"\/blog\/wp-content\/uploads\/2016\/thumbs\/thumbs_lumikaaos_ilta8.jpg\" \/><\/a><a href=\"\/blog\/wp-content\/uploads\/2016\/lumikaaos_ilta7.jpg\"><img decoding=\"async\" src=\"\/blog\/wp-content\/uploads\/2016\/thumbs\/thumbs_lumikaaos_ilta7.jpg\" \/><\/a><a href=\"\/blog\/wp-content\/uploads\/2016\/lumikaaos_ilta9.jpg\"><img decoding=\"async\" src=\"\/blog\/wp-content\/uploads\/2016\/thumbs\/thumbs_lumikaaos_ilta9.jpg\" \/><\/a><\/p>\n<p style=\"text-align: center;\"><em>Ylh\u00e4\u00e4ll\u00e4 <a title=\"Korkeuksiin kurkottava Metrotown\" href=\"https:\/\/www.vuosiamaailmalla.fi\/?p=2242\">Metrotownissa<\/a> lumentulo oli tauonnut<\/em><\/p>\n<p style=\"text-align: center;\"><a href=\"\/blog\/wp-content\/uploads\/2016\/lumikaaos_ilta10.jpg\"><img decoding=\"async\" src=\"\/blog\/wp-content\/uploads\/2016\/lumikaaos_ilta10.jpg\" \/><\/a><\/p>\n<p style=\"text-align: center;\"><em>Tuoreesta lumesta voi my\u00f6s nauttia<\/em><\/p>\n<p style=\"text-align: justify;\">Pakkasta on sittemmin jatkunut koko viikon ja niinp\u00e4 meill\u00e4 onkin ollut lumi maassa maanantaista saakka. Tiistai ja keskiviikko olivat upean aurinkoisia pakkasp\u00e4ivi\u00e4, jolloin vuoret loistivat valkoisina sinist\u00e4 taivasta vasten. T\u00e4n\u00e4\u00e4n torstaina lunta saatiin my\u00f6s lis\u00e4\u00e4, sill\u00e4 p\u00e4iv\u00e4lle ennustettiin jopa maanantaita sakeampaa lumimyr\u00e4kk\u00e4\u00e4. Alkuviikosta viisastuneena ihmiset pysyiv\u00e4tkin t\u00e4ll\u00e4 kertaa kotonaan ja mekin ty\u00f6skentelimme koko p\u00e4iv\u00e4n kotimme l\u00e4mm\u00f6ss\u00e4.<\/p>\n<p style=\"text-align: center;\"><a href=\"\/blog\/wp-content\/uploads\/2016\/luminen_tiistaipaiva_panoraama.jpg\"><img decoding=\"async\" src=\"\/blog\/wp-content\/uploads\/2016\/luminen_tiistaipaiva_panoraama_pieni.jpg\" \/><\/a><\/p>\n<p style=\"text-align: center;\"><em>Kaaosta seurasi upeita pakkasp\u00e4ivi\u00e4<\/em><\/p>\n<p style=\"text-align: justify;\">Kylm\u00e4 keli jatkuu viel\u00e4 ensi viikollakin, joskin viikonlopuksi on luvassa my\u00f6s muutamia l\u00e4mpimi\u00e4 p\u00e4ivi\u00e4, joten lumi <a title=\"Taistelu tiesuolasta\" href=\"https:\/\/www.vuosiamaailmalla.fi\/?p=8692\">muuttunee j\u00e4isemm\u00e4ksi<\/a>. Viikon mittainen jakso lunta maassa onkin t\u00e4\u00e4ll\u00e4 suunnalla melko poikkeuksellista, joskaan ei t\u00e4ysin tavatonta, joskin vuosia pit\u00e4\u00e4 menn\u00e4 taaksep\u00e4in melkoinen m\u00e4\u00e4r\u00e4 vastaavanlaisen talven l\u00f6yt\u00e4miseksi. Saapa n\u00e4hd\u00e4 mit\u00e4 talvi pit\u00e4\u00e4k\u00e4\u00e4n viel\u00e4 sis\u00e4ll\u00e4\u00e4n.<\/p>\n","protected":false},"excerpt":{"rendered":"<p>Vancouverissa ei olla totuttu lumeen, sill\u00e4 kaupunkialueella sit\u00e4 sataa yleens\u00e4 vain muutamana p\u00e4iv\u00e4n\u00e4 vuodessa ja siit\u00e4kin j\u00e4\u00e4 vain harvoin mit\u00e4\u00e4n maahan. T\u00e4m\u00e4n vuoksi harva on my\u00f6sk\u00e4\u00e4n varautunut kunnolliseen talveen esimerkiksi kunnollisilla talvirenkailla, koska lunta ei yksinkertaisesti sada muuta kuin vuorilla, joilla lunta sataa aivan metrikaupalla.<\/p>\n","protected":false},"author":1,"featured_media":8647,"comment_status":"open","ping_status":"open","sticky":false,"template":"","format":"standard","meta":{"_jetpack_memberships_contains_paid_content":false,"footnotes":""},"categories":[17,3],"tags":[25,34,77,78,935,202,939],"class_list":["post-8635","post","type-post","status-publish","format-standard","has-post-thumbnail","hentry","category-arki-kanadassa","category-arki-ulkomailla","tag-ajankohtaista","tag-arki","tag-burnaby","tag-burnaby-metrotown","tag-kanada","tag-talvi","tag-vancouver"],"jetpack_featured_media_url":"https:\/\/www.vuosiamaailmalla.fi\/blog\/wp-content\/uploads\/lumikaaos_banner.jpg","jetpack_sharing_enabled":true,"_links":{"self":[{"href":"https:\/\/www.vuosiamaailmalla.fi\/blog\/wp-json\/wp\/v2\/posts\/8635","targetHints":{"allow":["GET"]}}],"collection":[{"href":"https:\/\/www.vuosiamaailmalla.fi\/blog\/wp-json\/wp\/v2\/posts"}],"about":[{"href":"https:\/\/www.vuosiamaailmalla.fi\/blog\/wp-json\/wp\/v2\/types\/post"}],"author":[{"embeddable":true,"href":"https:\/\/www.vuosiamaailmalla.fi\/blog\/wp-json\/wp\/v2\/users\/1"}],"replies":[{"embeddable":true,"href":"https:\/\/www.vuosiamaailmalla.fi\/blog\/wp-json\/wp\/v2\/comments?post=8635"}],"version-history":[{"count":2,"href":"https:\/\/www.vuosiamaailmalla.fi\/blog\/wp-json\/wp\/v2\/posts\/8635\/revisions"}],"predecessor-version":[{"id":13511,"href":"https:\/\/www.vuosiamaailmalla.fi\/blog\/wp-json\/wp\/v2\/posts\/8635\/revisions\/13511"}],"wp:featuredmedia":[{"embeddable":true,"href":"https:\/\/www.vuosiamaailmalla.fi\/blog\/wp-json\/wp\/v2\/media\/8647"}],"wp:attachment":[{"href":"https:\/\/www.vuosiamaailmalla.fi\/blog\/wp-json\/wp\/v2\/media?parent=8635"}],"wp:term":[{"taxonomy":"category","embeddable":true,"href":"https:\/\/www.vuosiamaailmalla.fi\/blog\/wp-json\/wp\/v2\/categories?post=8635"},{"taxonomy":"post_tag","embeddable":true,"href":"https:\/\/www.vuosiamaailmalla.fi\/blog\/wp-json\/wp\/v2\/tags?post=8635"}],"curies":[{"name":"wp","href":"https:\/\/api.w.org\/{rel}","templated":true}]}}