{"id":8652,"date":"2016-12-17T14:57:30","date_gmt":"2016-12-17T22:57:30","guid":{"rendered":"http:\/\/13.53.127.146\/?p=8652"},"modified":"2018-12-24T09:55:29","modified_gmt":"2018-12-24T17:55:29","slug":"joulun-laittoa-burnabyssa","status":"publish","type":"post","link":"https:\/\/www.vuosiamaailmalla.fi\/blog\/2016\/joulun-laittoa-burnabyssa\/","title":{"rendered":"Joulun laittoa Burnabyss\u00e4"},"content":{"rendered":"<p style=\"text-align: justify;\"><a title=\"Tuulista joulua\" href=\"https:\/\/www.vuosiamaailmalla.fi\/?p=8688\">Jouluaattoon<\/a> on en\u00e4\u00e4 vain viikko ja jouluvalmistelut ovat kaikkialla t\u00e4ydess\u00e4 vauhdissa. <a title=\"Joulupuu on rakennettu\" href=\"https:\/\/www.vuosiamaailmalla.fi\/?p=2559\">Tapamme mukaan<\/a> otimme varasl\u00e4hd\u00f6n jouluun jo marraskuun viimeisen\u00e4 viikonloppuna, kun koristelimme joulukuusemme olohuoneen kulmaukseen. Kanadalaisittain kyseess\u00e4 ei ole edes kovin aikaisesta ajankohdasta koristella kuusi ja laittaa jouluvalot, sill\u00e4 t\u00e4k\u00e4l\u00e4iset tykk\u00e4\u00e4v\u00e4t koristella talonsa <a title=\"Kauniin v\u00e4rikk\u00e4\u00e4t jouluvalot\" href=\"https:\/\/www.vuosiamaailmalla.fi\/?p=7508\">kauniilla valoilla<\/a> pimeyden sel\u00e4tt\u00e4miseksi. Itsell\u00e4mme ajankohdan m\u00e4\u00e4ritt\u00e4\u00e4 yleens\u00e4 Suomeen suuntautuvan joululomamme ajankohta, jota ennen on mukava saada nauttia <a title=\"Ensimm\u00e4inen joulu Kanadassa\" href=\"https:\/\/www.vuosiamaailmalla.fi\/?p=9912\">omankin kodin<\/a> joulukoristuksista muutaman viikon.<\/p>\n<p><!--more--><\/p>\n<p style=\"text-align: center;\"><a href=\"\/blog\/wp-content\/uploads\/2016\/joulukoristeluja3.jpg\"><img decoding=\"async\" src=\"\/blog\/wp-content\/uploads\/2016\/thumbs\/thumbs_joulukoristeluja3.jpg\" \/><\/a><a href=\"\/blog\/wp-content\/uploads\/2016\/joulukoristeluja1.jpg\"><img decoding=\"async\" src=\"\/blog\/wp-content\/uploads\/2016\/thumbs\/thumbs_joulukoristeluja1.jpg\" \/><\/a><a href=\"\/blog\/wp-content\/uploads\/2016\/joulukoristeluja2.jpg\"><img decoding=\"async\" src=\"\/blog\/wp-content\/uploads\/2016\/thumbs\/thumbs_joulukoristeluja2.jpg\" \/><\/a><\/p>\n<p style=\"text-align: center;\"><em>Joulun koristeluja<\/em><\/p>\n<p style=\"text-align: justify;\">T\u00e4n\u00e4 vuonna joulutunnelmaan on ollut erityisen helppo p\u00e4\u00e4st\u00e4 t\u00e4\u00e4ll\u00e4 Vancouverissa, sill\u00e4 kahden viikon takainen <a title=\"Lumikaaos yll\u00e4tti Vancouverin\" href=\"https:\/\/www.vuosiamaailmalla.fi\/?p=8635\">lumimyrsky<\/a> toi meille maan valkoiseksi ainakin n\u00e4iksi kahdeksi viikoksi. N\u00e4kym\u00e4 on kaunis, varsinkin valtavalla patiollamme, jonka lumi on verhonnut paksulti. Lumesta olikin hyv\u00e4 rakentaa Vancouverin metropolialueen takuulla korkeimmalla j\u00f6k\u00f6tt\u00e4v\u00e4 lumiukko, joka t\u00e4hyilee ymp\u00e4rill\u00e4 levitt\u00e4ytyv\u00e4\u00e4 kaupunkia. \ud83d\ude42<\/p>\n<p style=\"text-align: center;\"><a href=\"\/blog\/wp-content\/uploads\/2016\/talvinen_patio_panoraama.jpg\"><img decoding=\"async\" src=\"\/blog\/wp-content\/uploads\/2016\/talvinen_patio_panoraama_pieni.jpg\" \/><\/a><\/p>\n<p style=\"text-align: center;\"><em>Talven ihmemaa omalla patiolla<\/em><\/p>\n<p style=\"text-align: center;\"><a href=\"\/blog\/wp-content\/uploads\/2016\/vancouverin_korkein_lumiukko3.jpg\"><img decoding=\"async\" src=\"\/blog\/wp-content\/uploads\/2016\/thumbs\/thumbs_vancouverin_korkein_lumiukko3.jpg\" \/><\/a><a href=\"\/blog\/wp-content\/uploads\/2016\/vancouverin_korkein_lumiukko2.jpg\"><img decoding=\"async\" src=\"\/blog\/wp-content\/uploads\/2016\/thumbs\/thumbs_vancouverin_korkein_lumiukko2.jpg\" \/><\/a><a href=\"\/blog\/wp-content\/uploads\/2016\/vancouverin_korkein_lumiukko1.jpg\"><img decoding=\"async\" src=\"\/blog\/wp-content\/uploads\/2016\/thumbs\/thumbs_vancouverin_korkein_lumiukko1.jpg\" \/><\/a><\/p>\n<p style=\"text-align: center;\"><em>Takuulla Vancouverin korkein lumiukko<\/em><\/p>\n<p style=\"text-align: center;\"><a href=\"\/blog\/wp-content\/uploads\/2016\/vancouverin_korkein_lumiukko4.jpg\"><img decoding=\"async\" src=\"\/blog\/wp-content\/uploads\/2016\/vancouverin_korkein_lumiukko4.jpg\" \/><\/a><\/p>\n<p style=\"text-align: center;\"><em>Ukko ja akka<\/em><\/p>\n<p style=\"text-align: justify;\">Kylm\u00e4\u00e4 keli\u00e4 ja pakkasta on ollut mukava paeta sis\u00e4lle takkatulen l\u00e4mp\u00f6\u00f6n, miss\u00e4 on ollut hyv\u00e4 leipoa my\u00f6s joulupipareita. Niist\u00e4 tuli t\u00e4n\u00e4kin vuonna maukkaita ja ne tekiv\u00e4tkin jo kauppansa. Ensi vuonna pit\u00e4\u00e4 leipoa viel\u00e4kin suurempi satsi!<\/p>\n<p style=\"text-align: center;\"><a href=\"\/blog\/wp-content\/uploads\/2016\/joululeivontaa3.jpg\"><img decoding=\"async\" src=\"\/blog\/wp-content\/uploads\/2016\/joululeivontaa3.jpg\" \/><\/a><\/p>\n<p style=\"text-align: center;\"><em>Piparin leivonta kuuluu jouluun<\/em><\/p>\n<p style=\"text-align: center;\"><a href=\"\/blog\/wp-content\/uploads\/2016\/joululeivontaa2.jpg\"><img decoding=\"async\" src=\"\/blog\/wp-content\/uploads\/2016\/thumbs\/thumbs_joululeivontaa2.jpg\" \/><\/a><a href=\"\/blog\/wp-content\/uploads\/2016\/joululeivontaa1.jpg\"><img decoding=\"async\" src=\"\/blog\/wp-content\/uploads\/2016\/thumbs\/thumbs_joululeivontaa1.jpg\" \/><\/a><a href=\"\/blog\/wp-content\/uploads\/2016\/joululeivontaa4.jpg\"><img decoding=\"async\" src=\"\/blog\/wp-content\/uploads\/2016\/thumbs\/thumbs_joululeivontaa4.jpg\" \/><\/a><\/p>\n<p style=\"text-align: center;\"><em>Koko er\u00e4 meni hetkess\u00e4<\/em><\/p>\n<p style=\"text-align: justify;\">N\u00e4ist\u00e4 tunnelmista suuntaamme ensi viikon torstaina kohti Suomea, jonne saavumme t\u00e4n\u00e4 vuonna t\u00e4p\u00e4r\u00e4sti aatonaattona. Toivottavasti <a title=\"Ensimm\u00e4ist\u00e4 kertaa Seattlessa\" href=\"https:\/\/www.vuosiamaailmalla.fi\/?p=7087\">Seattlen<\/a> ja Amsterdamin kautta kulkevat lentomme ovat ajallaan ja p\u00e4\u00e4semme perille viett\u00e4m\u00e4\u00e4n perinteist\u00e4 suomalaista joulua. Ja jos jotain saa toivoa jouluksi, niin ripaus lunta my\u00f6s sinne Suomeen! \ud83d\ude42<\/p>\n<p style=\"text-align: center;\"><a href=\"\/blog\/wp-content\/uploads\/2016\/joulunalusaikaa3.jpg\"><img decoding=\"async\" src=\"\/blog\/wp-content\/uploads\/2016\/thumbs\/thumbs_joulunalusaikaa3.jpg\" \/><\/a><a href=\"\/blog\/wp-content\/uploads\/2016\/joulunalusaikaa1.jpg\"><img decoding=\"async\" src=\"\/blog\/wp-content\/uploads\/2016\/thumbs\/thumbs_joulunalusaikaa1.jpg\" \/><\/a><a href=\"\/blog\/wp-content\/uploads\/2016\/joulunalusaikaa2.jpg\"><img decoding=\"async\" src=\"\/blog\/wp-content\/uploads\/2016\/thumbs\/thumbs_joulunalusaikaa2.jpg\" \/><\/a><\/p>\n<p style=\"text-align: center;\"><em>Rauhallista joulua Burnabyst\u00e4!<\/em><\/p>\n","protected":false},"excerpt":{"rendered":"<p>Jouluaattoon on en\u00e4\u00e4 vain viikko ja jouluvalmistelut ovat kaikkialla t\u00e4ydess\u00e4 vauhdissa. Tapamme mukaan otimme varasl\u00e4hd\u00f6n jouluun jo marraskuun viimeisen\u00e4 viikonloppuna, kun koristelimme joulukuusemme olohuoneen kulmaukseen. Kanadalaisittain kyseess\u00e4 ei ole edes kovin aikaisesta ajankohdasta koristella kuusi ja laittaa jouluvalot, sill\u00e4 t\u00e4k\u00e4l\u00e4iset tykk\u00e4\u00e4v\u00e4t koristella talonsa kauniilla valoilla pimeyden sel\u00e4tt\u00e4miseksi. Itsell\u00e4mme ajankohdan m\u00e4\u00e4ritt\u00e4\u00e4 yleens\u00e4 Suomeen suuntautuvan joululomamme ajankohta, &hellip; <a href=\"https:\/\/www.vuosiamaailmalla.fi\/blog\/2016\/joulun-laittoa-burnabyssa\/\" class=\"more-link\">Jatka lukemista<span class=\"screen-reader-text\"> &#8221;Joulun laittoa Burnabyss\u00e4&#8221;<\/span><\/a><\/p>\n","protected":false},"author":1,"featured_media":8653,"comment_status":"open","ping_status":"open","sticky":false,"template":"","format":"standard","meta":{"_jetpack_memberships_contains_paid_content":false,"footnotes":""},"categories":[17,3],"tags":[25,34,932,264,935,198],"class_list":["post-8652","post","type-post","status-publish","format-standard","has-post-thumbnail","hentry","category-arki-kanadassa","category-arki-ulkomailla","tag-ajankohtaista","tag-arki","tag-asunto","tag-joulu","tag-kanada","tag-suomi"],"jetpack_featured_media_url":"https:\/\/www.vuosiamaailmalla.fi\/blog\/wp-content\/uploads\/joulunalusaikaa_banner.jpg","jetpack_sharing_enabled":true,"_links":{"self":[{"href":"https:\/\/www.vuosiamaailmalla.fi\/blog\/wp-json\/wp\/v2\/posts\/8652","targetHints":{"allow":["GET"]}}],"collection":[{"href":"https:\/\/www.vuosiamaailmalla.fi\/blog\/wp-json\/wp\/v2\/posts"}],"about":[{"href":"https:\/\/www.vuosiamaailmalla.fi\/blog\/wp-json\/wp\/v2\/types\/post"}],"author":[{"embeddable":true,"href":"https:\/\/www.vuosiamaailmalla.fi\/blog\/wp-json\/wp\/v2\/users\/1"}],"replies":[{"embeddable":true,"href":"https:\/\/www.vuosiamaailmalla.fi\/blog\/wp-json\/wp\/v2\/comments?post=8652"}],"version-history":[{"count":0,"href":"https:\/\/www.vuosiamaailmalla.fi\/blog\/wp-json\/wp\/v2\/posts\/8652\/revisions"}],"wp:featuredmedia":[{"embeddable":true,"href":"https:\/\/www.vuosiamaailmalla.fi\/blog\/wp-json\/wp\/v2\/media\/8653"}],"wp:attachment":[{"href":"https:\/\/www.vuosiamaailmalla.fi\/blog\/wp-json\/wp\/v2\/media?parent=8652"}],"wp:term":[{"taxonomy":"category","embeddable":true,"href":"https:\/\/www.vuosiamaailmalla.fi\/blog\/wp-json\/wp\/v2\/categories?post=8652"},{"taxonomy":"post_tag","embeddable":true,"href":"https:\/\/www.vuosiamaailmalla.fi\/blog\/wp-json\/wp\/v2\/tags?post=8652"}],"curies":[{"name":"wp","href":"https:\/\/api.w.org\/{rel}","templated":true}]}}