{"id":8665,"date":"2016-12-22T19:51:51","date_gmt":"2016-12-23T03:51:51","guid":{"rendered":"http:\/\/13.53.127.146\/?p=8665"},"modified":"2016-12-19T19:51:24","modified_gmt":"2016-12-20T03:51:24","slug":"loppuvuoden-laskuja","status":"publish","type":"post","link":"https:\/\/www.vuosiamaailmalla.fi\/blog\/2016\/loppuvuoden-laskuja\/","title":{"rendered":"Loppuvuoden laskuja"},"content":{"rendered":"<p style=\"text-align: justify;\">Laskettelukauden avaus tapahtui t\u00e4n\u00e4 vuonna marraskuun lopussa <a title=\"Vuoden ensimm\u00e4inen puuterip\u00e4iv\u00e4\" href=\"https:\/\/www.vuosiamaailmalla.fi\/?p=8630\">puuterilumen merkeiss\u00e4<\/a> Whistlerill\u00e4. Mahtava avaus j\u00e4tti meille niin hyv\u00e4t fiilikset, ett\u00e4 Whistleriin tulikin palattua uudelleen jo heti seuraavana viikonloppuna.<\/p>\n<p><!--more--><\/p>\n<p style=\"text-align: justify;\">Keli Whistleriss\u00e4 oli t\u00e4ll\u00e4 kertaa huomattavasti edellisviikonloppua parempi ja aurinko pilkotti aamulla pilvien lomasta. Olimme paikalla normaaliin tapaamme kymmenen minuuttia ennen hissien avautumista, joten olimme huipulla aivan ensimm\u00e4isten joukossa. Ja ai ett\u00e4 sit\u00e4 aamuvarhaista p\u00e4iv\u00e4n ensimm\u00e4isten rinteiden korkkausta sek\u00e4 y\u00f6ll\u00e4 taputeltujen m\u00e4kien p\u00f6llytt\u00e4mist\u00e4! \ud83d\ude1b<\/p>\n<p style=\"text-align: center;\"><a href=\"\/blog\/wp-content\/uploads\/2016\/aamulaskuja_whistlerissa1.jpg\"><img decoding=\"async\" src=\"\/blog\/wp-content\/uploads\/2016\/thumbs\/thumbs_aamulaskuja_whistlerissa1.jpg\" \/><\/a><a href=\"\/blog\/wp-content\/uploads\/2016\/aamulaskuja_whistlerissa2.jpg\"><img decoding=\"async\" src=\"\/blog\/wp-content\/uploads\/2016\/thumbs\/thumbs_aamulaskuja_whistlerissa2.jpg\" \/><\/a><a href=\"\/blog\/wp-content\/uploads\/2016\/aamulaskuja_whistlerissa3.jpg\"><img decoding=\"async\" src=\"\/blog\/wp-content\/uploads\/2016\/thumbs\/thumbs_aamulaskuja_whistlerissa3.jpg\" \/><\/a><\/p>\n<p style=\"text-align: center;\"><em>Aamuvarhaisia m\u00e4ki\u00e4<\/em><\/p>\n<p style=\"text-align: center;\"><a href=\"\/blog\/wp-content\/uploads\/2016\/aamulaskuja_whistlerissa4.jpg\"><img decoding=\"async\" src=\"\/blog\/wp-content\/uploads\/2016\/aamulaskuja_whistlerissa4.jpg\" \/><\/a><\/p>\n<p style=\"text-align: center;\"><em>Kylm\u00e4 tuuli vihmoi huipun rinteill\u00e4<\/em><\/p>\n<p style=\"text-align: justify;\">Mahtavan p\u00e4iv\u00e4n ainoa kiusa oli sangen hyyt\u00e4v\u00e4 tuuli, joka piti huipulle viev\u00e4t hissit suljettuina aina puoleenp\u00e4iv\u00e4\u00e4n saakka, mik\u00e4 aiheutti ruuhkia keskivuoren rinteill\u00e4. Kokonaisuutena p\u00e4iv\u00e4mme oli kuitenkin eritt\u00e4in onnistunut, varsinkin kun t\u00e4m\u00e4kin p\u00e4iv\u00e4 oli meille <em>Edge Cardin<\/em> omaaville ilmainen. \ud83d\ude42<\/p>\n<p style=\"text-align: center;\"><a href=\"\/blog\/wp-content\/uploads\/2016\/whisler_aamulaskuja_panoraama.jpg\"><img decoding=\"async\" src=\"\/blog\/wp-content\/uploads\/2016\/whisler_aamulaskuja_panoraama_pieni.jpg \" \/><\/a><\/p>\n<p style=\"text-align: center;\"><em>Pilvet auringonpaisteen alapuolella<\/em><\/p>\n<p style=\"text-align: justify;\">Koska joulu l\u00e4hestyy vauhdilla, emme ole <a title=\"Joulun laittoa Burnabyss\u00e4\" href=\"https:\/\/www.vuosiamaailmalla.fi\/?p=8652\">joulutohinoiden tuoksinassa<\/a> kerenneet Whistleriin en\u00e4\u00e4 kolmatta kertaa. P\u00e4\u00e4timme kuitenkin k\u00e4v\u00e4ist\u00e4 l\u00e4hivuorilla, jotka ovat saaneet runsaasti lunta viime viikkojen <a title=\"Lumikaaos yll\u00e4tti Vancouverin\" href=\"https:\/\/www.vuosiamaailmalla.fi\/?p=8635\">sankkojen lumipyryjen<\/a> yhteydess\u00e4.<\/p>\n<p style=\"text-align: justify;\">Valitsimme kohteeksi <em>Cypress Mountainin<\/em> iltam\u00e4et perjantaina, mik\u00e4 oli <a title=\"Y\u00f6ky\u00f6pelin\u00e4 Cypress Mountainilla\" href=\"https:\/\/www.vuosiamaailmalla.fi\/?p=7591\">viime vuoden tapaan<\/a> loistava valinta. Vuorella oli kuitenkin eritt\u00e4in kylm\u00e4 ja pakkasta noin -15 astetta, joten rinteiss\u00e4 oli runsaasti tilaa, eik\u00e4 hisseill\u00e4 tarvinnut jonottaa hetke\u00e4k\u00e4\u00e4n. Meill\u00e4 olikin mahtava ilta raskaan ty\u00f6viikon p\u00e4\u00e4tteeksi ja viihdyimme m\u00e4ess\u00e4 aina iltayhdeks\u00e4\u00e4n asti.<\/p>\n<p style=\"text-align: center;\"><a href=\"\/blog\/wp-content\/uploads\/2016\/pakkasta_cypressilla3.jpg\"><img decoding=\"async\" src=\"\/blog\/wp-content\/uploads\/2016\/pakkasta_cypressilla3.jpg\" \/><\/a><\/p>\n<p style=\"text-align: center;\"><em>Hyyt\u00e4vi\u00e4 rinteit\u00e4<\/em><\/p>\n<p style=\"text-align: center;\"><a href=\"\/blog\/wp-content\/uploads\/2016\/pakkasta_cypressilla1.jpg\"><img decoding=\"async\" src=\"\/blog\/wp-content\/uploads\/2016\/thumbs\/thumbs_pakkasta_cypressilla1.jpg\" \/><\/a><a href=\"\/blog\/wp-content\/uploads\/2016\/pakkasta_cypressilla2.jpg\"><img decoding=\"async\" src=\"\/blog\/wp-content\/uploads\/2016\/thumbs\/thumbs_pakkasta_cypressilla2.jpg\" \/><\/a><\/p>\n<p style=\"text-align: center;\"><em>Kaupunki alapuolella<\/em><\/p>\n<p style=\"text-align: justify;\">Omat seuraavat m\u00e4keni tulevat olemaan kev\u00e4\u00e4n viisi laskettelup\u00e4iv\u00e4\u00e4 Whistleriss\u00e4 sek\u00e4 tuleva suuri hiihtolomamatkamme helmikuun puoliv\u00e4liss\u00e4. Niina p\u00e4\u00e4see kuitenkin m\u00e4keen jo sit\u00e4 enemmin Kolilla, jossa h\u00e4n viett\u00e4\u00e4 joulua perheineen <a title=\"Joululoma pakkasen ja lumen keskell\u00e4\" href=\"https:\/\/www.vuosiamaailmalla.fi\/?p=1492\">lumisista m\u00e4ist\u00e4<\/a> sek\u00e4 <a title=\"El\u00e4myskylpy Kolilla\" href=\"https:\/\/www.vuosiamaailmalla.fi\/?p=7631\">l\u00e4mpimist\u00e4 kylpyl\u00e4altaistaista<\/a> nauttien. Pienesti k\u00e4y kyll\u00e4 kateeksi, kun oma jouluni Etel\u00e4-Suomessa on todenn\u00e4k\u00f6isesti musta. Tasan ei k\u00e4y onnenlahjat. \ud83d\ude42<\/p>\n","protected":false},"excerpt":{"rendered":"<p>Laskettelukauden avaus tapahtui t\u00e4n\u00e4 vuonna marraskuun lopussa puuterilumen merkeiss\u00e4 Whistlerill\u00e4. Mahtava avaus j\u00e4tti meille niin hyv\u00e4t fiilikset, ett\u00e4 Whistleriin tulikin palattua uudelleen jo heti seuraavana viikonloppuna.<\/p>\n","protected":false},"author":1,"featured_media":8666,"comment_status":"open","ping_status":"open","sticky":false,"template":"","format":"standard","meta":{"_jetpack_memberships_contains_paid_content":false,"footnotes":""},"categories":[17,3,778,774],"tags":[34,933,935,173,943,218],"class_list":["post-8665","post","type-post","status-publish","format-standard","has-post-thumbnail","hentry","category-arki-kanadassa","category-arki-ulkomailla","category-laskettelu-ulkoilu","category-ulkoilu","tag-arki","tag-cypress-mountain","tag-kanada","tag-laskettelu","tag-west-vancouver","tag-whistler"],"jetpack_featured_media_url":"https:\/\/www.vuosiamaailmalla.fi\/blog\/wp-content\/uploads\/whisler_aamulaskuja_banner.jpg","jetpack_sharing_enabled":true,"_links":{"self":[{"href":"https:\/\/www.vuosiamaailmalla.fi\/blog\/wp-json\/wp\/v2\/posts\/8665","targetHints":{"allow":["GET"]}}],"collection":[{"href":"https:\/\/www.vuosiamaailmalla.fi\/blog\/wp-json\/wp\/v2\/posts"}],"about":[{"href":"https:\/\/www.vuosiamaailmalla.fi\/blog\/wp-json\/wp\/v2\/types\/post"}],"author":[{"embeddable":true,"href":"https:\/\/www.vuosiamaailmalla.fi\/blog\/wp-json\/wp\/v2\/users\/1"}],"replies":[{"embeddable":true,"href":"https:\/\/www.vuosiamaailmalla.fi\/blog\/wp-json\/wp\/v2\/comments?post=8665"}],"version-history":[{"count":0,"href":"https:\/\/www.vuosiamaailmalla.fi\/blog\/wp-json\/wp\/v2\/posts\/8665\/revisions"}],"wp:featuredmedia":[{"embeddable":true,"href":"https:\/\/www.vuosiamaailmalla.fi\/blog\/wp-json\/wp\/v2\/media\/8666"}],"wp:attachment":[{"href":"https:\/\/www.vuosiamaailmalla.fi\/blog\/wp-json\/wp\/v2\/media?parent=8665"}],"wp:term":[{"taxonomy":"category","embeddable":true,"href":"https:\/\/www.vuosiamaailmalla.fi\/blog\/wp-json\/wp\/v2\/categories?post=8665"},{"taxonomy":"post_tag","embeddable":true,"href":"https:\/\/www.vuosiamaailmalla.fi\/blog\/wp-json\/wp\/v2\/tags?post=8665"}],"curies":[{"name":"wp","href":"https:\/\/api.w.org\/{rel}","templated":true}]}}