{"id":8688,"date":"2016-12-23T23:50:01","date_gmt":"2016-12-24T07:50:01","guid":{"rendered":"http:\/\/13.53.127.146\/?p=8688"},"modified":"2017-01-22T14:14:02","modified_gmt":"2017-01-22T22:14:02","slug":"tuulista-joulua","status":"publish","type":"post","link":"https:\/\/www.vuosiamaailmalla.fi\/blog\/2016\/tuulista-joulua\/","title":{"rendered":"Tuulista joulua"},"content":{"rendered":"<p style=\"text-align: justify;\">Joulu on taas, joulu on taas&#8230; maat mustana ja kova tuuli? Saavuimme eilen j\u00e4lleen t\u00e4nne Suomeen perinteiselle joululomalle ja onkin harmillista todeta, ettei t\u00e4nne Etel\u00e4-Suomeen saatu <a title=\"Lumeton joulu\" href=\"https:\/\/www.vuosiamaailmalla.fi\/?p=7618\">t\u00e4n\u00e4k\u00e4\u00e4n vuonna<\/a>\u00a0valkeata joulua. Niinalla tilanne on onneksi hieman parempi It\u00e4-Suomessa, jossa h\u00e4n viett\u00e4\u00e4 joulua perheineen <a title=\"El\u00e4myskylpy Kolilla\" href=\"https:\/\/www.vuosiamaailmalla.fi\/?p=7631\">Kolin kylpyl\u00e4hotellilla<\/a>.<\/p>\n<p style=\"text-align: justify;\">Onneksi joulutunnelmaa ehdittiin ime\u00e4 <a title=\"Joulun laittoa Burnabyss\u00e4\" href=\"https:\/\/www.vuosiamaailmalla.fi\/?p=8652\">jo tovin verran<\/a> kotona Vancouverissa, jossa saatiin nauttia <a title=\"Lumikaaos yll\u00e4tti Vancouverin\" href=\"https:\/\/www.vuosiamaailmalla.fi\/?p=8635\">valkoisesta joulunaluksesta<\/a> muutaman viikon ajan. Kotiin palataan taas uudenvuoden j\u00e4lkeen, minne on kuitenkin onneksi viel\u00e4 hetken matkaa.<\/p>\n<p style=\"text-align: justify;\">N\u00e4ill\u00e4 saatesanoilla toivotankin kaikille blogini lukijoille rauhallista, joskin ainakin t\u00e4\u00e4ll\u00e4 etel\u00e4ss\u00e4 tuulista joulua! \ud83d\ude1b<\/p>\n","protected":false},"excerpt":{"rendered":"<p>Joulu on taas, joulu on taas&#8230; maat mustana ja kova tuuli? Saavuimme eilen j\u00e4lleen t\u00e4nne Suomeen perinteiselle joululomalle ja onkin harmillista todeta, ettei t\u00e4nne Etel\u00e4-Suomeen saatu t\u00e4n\u00e4k\u00e4\u00e4n vuonna\u00a0valkeata joulua. Niinalla tilanne on onneksi hieman parempi It\u00e4-Suomessa, jossa h\u00e4n viett\u00e4\u00e4 joulua perheineen Kolin kylpyl\u00e4hotellilla. Onneksi joulutunnelmaa ehdittiin ime\u00e4 jo tovin verran kotona Vancouverissa, jossa saatiin nauttia &hellip; <a href=\"https:\/\/www.vuosiamaailmalla.fi\/blog\/2016\/tuulista-joulua\/\" class=\"more-link\">Jatka lukemista<span class=\"screen-reader-text\"> &#8221;Tuulista joulua&#8221;<\/span><\/a><\/p>\n","protected":false},"author":1,"featured_media":8716,"comment_status":"open","ping_status":"open","sticky":false,"template":"","format":"standard","meta":{"_jetpack_memberships_contains_paid_content":false,"footnotes":""},"categories":[7,885],"tags":[25,264,198],"class_list":["post-8688","post","type-post","status-publish","format-standard","has-post-thumbnail","hentry","category-matkakertomukset","category-suomi","tag-ajankohtaista","tag-joulu","tag-suomi"],"jetpack_featured_media_url":"https:\/\/www.vuosiamaailmalla.fi\/blog\/wp-content\/uploads\/tuulista_joulua_banner.jpg","jetpack_sharing_enabled":true,"_links":{"self":[{"href":"https:\/\/www.vuosiamaailmalla.fi\/blog\/wp-json\/wp\/v2\/posts\/8688","targetHints":{"allow":["GET"]}}],"collection":[{"href":"https:\/\/www.vuosiamaailmalla.fi\/blog\/wp-json\/wp\/v2\/posts"}],"about":[{"href":"https:\/\/www.vuosiamaailmalla.fi\/blog\/wp-json\/wp\/v2\/types\/post"}],"author":[{"embeddable":true,"href":"https:\/\/www.vuosiamaailmalla.fi\/blog\/wp-json\/wp\/v2\/users\/1"}],"replies":[{"embeddable":true,"href":"https:\/\/www.vuosiamaailmalla.fi\/blog\/wp-json\/wp\/v2\/comments?post=8688"}],"version-history":[{"count":0,"href":"https:\/\/www.vuosiamaailmalla.fi\/blog\/wp-json\/wp\/v2\/posts\/8688\/revisions"}],"wp:featuredmedia":[{"embeddable":true,"href":"https:\/\/www.vuosiamaailmalla.fi\/blog\/wp-json\/wp\/v2\/media\/8716"}],"wp:attachment":[{"href":"https:\/\/www.vuosiamaailmalla.fi\/blog\/wp-json\/wp\/v2\/media?parent=8688"}],"wp:term":[{"taxonomy":"category","embeddable":true,"href":"https:\/\/www.vuosiamaailmalla.fi\/blog\/wp-json\/wp\/v2\/categories?post=8688"},{"taxonomy":"post_tag","embeddable":true,"href":"https:\/\/www.vuosiamaailmalla.fi\/blog\/wp-json\/wp\/v2\/tags?post=8688"}],"curies":[{"name":"wp","href":"https:\/\/api.w.org\/{rel}","templated":true}]}}