{"id":8692,"date":"2017-01-05T19:01:55","date_gmt":"2017-01-06T03:01:55","guid":{"rendered":"http:\/\/13.53.127.146\/?p=8692"},"modified":"2017-01-05T19:13:25","modified_gmt":"2017-01-06T03:13:25","slug":"taistelu-tiesuolasta","status":"publish","type":"post","link":"https:\/\/www.vuosiamaailmalla.fi\/blog\/2017\/taistelu-tiesuolasta\/","title":{"rendered":"Taistelu tiesuolasta"},"content":{"rendered":"<p style=\"text-align: justify;\">Vancouver on kriisiss\u00e4. Ei, en tarkoita nyt jo vuosia jatkunutta <a title=\"Vancouver yritt\u00e4\u00e4 verottaa tiens\u00e4 ulos asuntokriisist\u00e4\" href=\"https:\/\/www.vuosiamaailmalla.fi\/?p=8624\">asuntokriisi\u00e4<\/a>, joka on <a title=\"Karannut kanadalainen unelma\" href=\"https:\/\/www.vuosiamaailmalla.fi\/?p=7518\">murskannut unelmia<\/a> ja ikuinen kestopuheenaihe ihmisten kesken. Uuden kriisin nimi on <em>suolakriisi<\/em> ja sen on aiheuttanut vuosikymmenen kovimmaksi osoittautunut hyyt\u00e4v\u00e4 talvi, jonka aikana <a title=\"Lumikaaos yll\u00e4tti Vancouverin\" href=\"https:\/\/www.vuosiamaailmalla.fi\/?p=8635\">lumikaaokset<\/a> ovat sekoittaneet yli 2,5 miljoonan vancouverilaisen el\u00e4m\u00e4\u00e4.<\/p>\n<p><!--more--><\/p>\n<p style=\"text-align: center;\"><a href=\"\/blog\/wp-content\/uploads\/2016\/lumikaaos_ilta3.jpg\"><img decoding=\"async\" src=\"\/blog\/wp-content\/uploads\/2016\/lumikaaos_ilta3.jpg\" \/><\/a><\/p>\n<p style=\"text-align: center;\"><em>Lumikaaokset ovat seuranneet toisiaan<\/em><\/p>\n<p style=\"text-align: justify;\">Kuluva talvi on ollut todellakin poikkeuksellinen ja esimerkiksi meill\u00e4 t\u00e4\u00e4ll\u00e4 Burnabyss\u00e4 on ollut lumi maassa jo kuukauden verran, mik\u00e4 on eritt\u00e4in tavatonta, joskin my\u00f6s <a title=\"Joulun laittoa Burnabyss\u00e4\" href=\"https:\/\/www.vuosiamaailmalla.fi\/?p=8652\">kaunista<\/a>. Merenpinnantasolla sijaitsevassa Vancouverissa lunta on tullut Burnaby\u00e4 v\u00e4hemm\u00e4n, mutta silti kaupungin p\u00e4\u00e4- ja varsinkin sivukaduille on muodostunut vaarallisia m\u00e4\u00e4ri\u00e4 liukasta j\u00e4\u00e4t\u00e4, jota vastaan kaupunkilaiset ovat yritt\u00e4neet taistella jo viikkojen ajan tuloksetta.<\/p>\n<p style=\"text-align: center;\"><iframe loading=\"lazy\" src=\"https:\/\/www.youtube-nocookie.com\/embed\/St4qvqsMU9s?rel=0\" width=\"560\" height=\"315\" frameborder=\"0\" allowfullscreen=\"allowfullscreen\"><\/iframe><\/p>\n<p style=\"text-align: center;\"><em>Liukasta kaupungin kaduilla<\/em><\/p>\n<p style=\"text-align: justify;\">Kaupungin j\u00e4rjestyss\u00e4\u00e4nt\u00f6jen mukaan asukkaiden ja taloyhti\u00f6iden on puhdistettava kiinteist\u00f6jens\u00e4 edustan jalkak\u00e4yt\u00e4v\u00e4t lumesta ja j\u00e4\u00e4st\u00e4 aamukymmeneen menness\u00e4 250 dollarin sakon uhalla. Suosituksi keinoksi taistelussa j\u00e4\u00e4t\u00e4 vastaan on muodostunut tiesuolan runsas k\u00e4ytt\u00f6 ja vancouverilaiset ovatkin ostaneet kaupat tyhj\u00e4ksi suolasta. Suolaa on k\u00e4yty ostamassa aina Yhdysvaltojen puolella Bellinghamissa saakka, jossa kaupat myyv\u00e4t my\u00f6s eioota. \ud83d\ude2e<\/p>\n<p style=\"text-align: justify;\">Tilanne on yll\u00e4tt\u00e4nyt my\u00f6s kaupungit ja erityisesti Vancouverin, jolta loppui t\u00e4ll\u00e4 viikolla suola tyystin. Kaupungin olikin pakko ostaa suolaa lis\u00e4\u00e4 paremmin varustautuneilta naapurikaupungeilta, joiden niidenk\u00e4\u00e4n talvikunnossapidossa ei ole ollut kehumista. Vancouverissa suolaa on kulunut t\u00e4h\u00e4n menness\u00e4 jo enemm\u00e4n kuin kahtena viime talvena yhteens\u00e4 tai keskim\u00e4\u00e4rin edellisten seitsem\u00e4n vuoden aikana.<\/p>\n<p style=\"text-align: center;\"><iframe loading=\"lazy\" src=\"https:\/\/www.youtube-nocookie.com\/embed\/2DXSBGnFyDU?rel=0\" width=\"560\" height=\"315\" frameborder=\"0\" allowfullscreen=\"allowfullscreen\"><\/iframe><\/p>\n<p style=\"text-align: center;\"><em>Uutiskanava CBC:n tietoisku liukkaudesta<\/em><\/p>\n<p style=\"text-align: justify;\">Saatuaan lis\u00e4\u00e4 suolaa, Vancouver p\u00e4\u00e4tti my\u00f6s helpottaa ep\u00e4toivoisten asukkaidensa el\u00e4m\u00e4\u00e4 toimittamalla kymmenelle kaupungin paloasemalle lastit ilmaista suolaa asukkaiden noutaa. Ilmainen suola sai kuitenkin ihmiset t\u00e4ysin sekaisin ja keskiviikon ensimm\u00e4inen er\u00e4 loppui minuuteissa. Suolaa saatiin lis\u00e4\u00e4 torstaiaamuksi, mutta joillain paloasemilla ihmiset k\u00e4viv\u00e4t ry\u00f6v\u00e4\u00e4m\u00e4ss\u00e4 suolaa <a href=\"https:\/\/www.youtube.com\/watch?v=cYchXGGweVo\">y\u00f6n tunteina<\/a>. Er\u00e4\u00e4ss\u00e4 tapauksessa ahne kaupunkilainen oli yritt\u00e4nyt lapata koko <em>pick-upin<\/em> lavan t\u00e4yteen suolaa ennen kiinnij\u00e4\u00e4mist\u00e4\u00e4n. \ud83d\ude44<\/p>\n<p style=\"text-align: center;\"><iframe loading=\"lazy\" src=\"https:\/\/www.youtube-nocookie.com\/embed\/Y_Bsr3ZPvKU?rel=0\" width=\"560\" height=\"315\" frameborder=\"0\" allowfullscreen=\"allowfullscreen\"><\/iframe><\/p>\n<p style=\"text-align: center;\"><em>Kaaos ilmaisen suolan per\u00e4ss\u00e4<\/em><\/p>\n<p style=\"text-align: justify;\">Aamun valjettua paloasemille oli muodostunut pitk\u00e4t jonot, ihmisten jonottaessa ilmaista suolaa jopa kaksi tuntia, vain joutuakseen toteamaan j\u00e4\u00e4neens\u00e4 ilman, ihmisten rynn\u00e4k\u00f6ity\u00e4 suolakekojen kimppuun. Monien kiukku purkautuikin sosiaalisessa mediassa ja lis\u00e4\u00e4 suolaa haavoihin levittiv\u00e4t raportit, ett\u00e4 paloasemilta haalittua suolaa myytiin v\u00e4litt\u00f6m\u00e4sti netiss\u00e4 80 dollarilla. Joku yritt\u00e4\u00e4 aina hy\u00f6ty\u00e4 muiden h\u00e4d\u00e4st\u00e4&#8230;<\/p>\n<p style=\"text-align: justify;\">Helpotusta pitk\u00e4\u00e4n talveen ei ole tiedossa viel\u00e4 viikkoihin, sill\u00e4 keli jatkuu edelleen kylm\u00e4n\u00e4 ja huomenna perjantaina on tiedossa j\u00e4rjestyksess\u00e4\u00e4n jo ties kuinka mones lumimyr\u00e4kk\u00e4. Tiedossa on siis viel\u00e4 paljon lis\u00e4\u00e4 j\u00e4\u00e4n naputtelua lapioilla, <a href=\"https:\/\/www.youtube.com\/watch?v=S1if0sDlVTs\">vasaroilla<\/a> sek\u00e4 kirveill\u00e4, kuten <a title=\"Kev\u00e4tt\u00e4 Port Moodyssa\" href=\"https:\/\/www.vuosiamaailmalla.fi\/?p=5754\">Port Moodyn<\/a> jo legendaariseksi muodostunut <a href=\"https:\/\/twitter.com\/PhantomShovel69\">&#8221;haamulapiona&#8221;<\/a> tunnettu sankari tekee.<\/p>\n<p style=\"text-align: justify;\">Talvi on Vancouverissa harvinainen vieras ja siksi n\u00e4m\u00e4 kaksi eiv\u00e4t tulekaan toimeen, kuten t\u00e4n\u00e4 vuonna on saatu todeta. \ud83d\ude44<\/p>\n<p style=\"text-align: center;\"><a href=\"\/blog\/wp-content\/uploads\/2016\/lumikaaos_aamu7.jpg\"><img decoding=\"async\" src=\"\/blog\/wp-content\/uploads\/2016\/lumikaaos_aamu7.jpg\" \/><\/a><\/p>\n<p style=\"text-align: center;\"><em>Talvi ei ole Vancouverin juttu<\/em><\/p>\n","protected":false},"excerpt":{"rendered":"<p>Vancouver on kriisiss\u00e4. Ei, en tarkoita nyt jo vuosia jatkunutta asuntokriisi\u00e4, joka on murskannut unelmia ja ikuinen kestopuheenaihe ihmisten kesken. Uuden kriisin nimi on suolakriisi ja sen on aiheuttanut vuosikymmenen kovimmaksi osoittautunut hyyt\u00e4v\u00e4 talvi, jonka aikana lumikaaokset ovat sekoittaneet yli 2,5 miljoonan vancouverilaisen el\u00e4m\u00e4\u00e4.<\/p>\n","protected":false},"author":1,"featured_media":8694,"comment_status":"open","ping_status":"open","sticky":false,"template":"","format":"standard","meta":{"_jetpack_memberships_contains_paid_content":false,"footnotes":""},"categories":[17,3],"tags":[25,1193,77,133,935,155,202,939],"class_list":["post-8692","post","type-post","status-publish","format-standard","has-post-thumbnail","hentry","category-arki-kanadassa","category-arki-ulkomailla","tag-ajankohtaista","tag-alki","tag-burnaby","tag-hassua","tag-kanada","tag-kanadalainen-juttu","tag-talvi","tag-vancouver"],"jetpack_featured_media_url":"https:\/\/www.vuosiamaailmalla.fi\/blog\/wp-content\/uploads\/suolakriisi_banner.jpg","jetpack_sharing_enabled":true,"_links":{"self":[{"href":"https:\/\/www.vuosiamaailmalla.fi\/blog\/wp-json\/wp\/v2\/posts\/8692","targetHints":{"allow":["GET"]}}],"collection":[{"href":"https:\/\/www.vuosiamaailmalla.fi\/blog\/wp-json\/wp\/v2\/posts"}],"about":[{"href":"https:\/\/www.vuosiamaailmalla.fi\/blog\/wp-json\/wp\/v2\/types\/post"}],"author":[{"embeddable":true,"href":"https:\/\/www.vuosiamaailmalla.fi\/blog\/wp-json\/wp\/v2\/users\/1"}],"replies":[{"embeddable":true,"href":"https:\/\/www.vuosiamaailmalla.fi\/blog\/wp-json\/wp\/v2\/comments?post=8692"}],"version-history":[{"count":0,"href":"https:\/\/www.vuosiamaailmalla.fi\/blog\/wp-json\/wp\/v2\/posts\/8692\/revisions"}],"wp:featuredmedia":[{"embeddable":true,"href":"https:\/\/www.vuosiamaailmalla.fi\/blog\/wp-json\/wp\/v2\/media\/8694"}],"wp:attachment":[{"href":"https:\/\/www.vuosiamaailmalla.fi\/blog\/wp-json\/wp\/v2\/media?parent=8692"}],"wp:term":[{"taxonomy":"category","embeddable":true,"href":"https:\/\/www.vuosiamaailmalla.fi\/blog\/wp-json\/wp\/v2\/categories?post=8692"},{"taxonomy":"post_tag","embeddable":true,"href":"https:\/\/www.vuosiamaailmalla.fi\/blog\/wp-json\/wp\/v2\/tags?post=8692"}],"curies":[{"name":"wp","href":"https:\/\/api.w.org\/{rel}","templated":true}]}}