{"id":8698,"date":"2017-01-08T20:29:46","date_gmt":"2017-01-09T04:29:46","guid":{"rendered":"http:\/\/13.53.127.146\/?p=8698"},"modified":"2017-01-05T20:29:44","modified_gmt":"2017-01-06T04:29:44","slug":"conan-berliinissa","status":"publish","type":"post","link":"https:\/\/www.vuosiamaailmalla.fi\/blog\/2017\/conan-berliinissa\/","title":{"rendered":"Conan Berliiniss\u00e4"},"content":{"rendered":"<p style=\"text-align: justify;\">Amerikkalainen televisiokoomikko Conan O&#8217;Brien on suosittu henkil\u00f6 Suomessa, eik\u00e4 v\u00e4hiten vuoden 2006 <a href=\"https:\/\/www.youtube.com\/watch?v=UzyK-2SnRKQ\">Suomen matkansa<\/a> j\u00e4ljilt\u00e4, joka sai tuolloin runsaasti huomiota kotimaan mediassa (<em>&#8221;jee jee, Suomi mainittu!&#8221;<\/em>). Conan on vieraillut kuvaustiimins\u00e4 kanssa toisinaan my\u00f6s t\u00e4\u00e4ll\u00e4 Kanadassa, ainakin <a href=\"https:\/\/www.youtube.com\/watch?v=8UXSfVVL6pI\">Torontossa<\/a> sek\u00e4 <a href=\"https:\/\/www.youtube.com\/watch?v=8UXSfVVL6pI\">Quebeciss\u00e4<\/a>, mutta Vancouverissa herraa ei ole ainakaan shownsa kanssa n\u00e4hty.<\/p>\n<p><!--more--><\/p>\n<p style=\"text-align: justify;\">Menneen\u00e4 kes\u00e4n\u00e4 aiempi asuinkaupunkimme Berliini sai kuitenkin Conanin vieraakseen ja matkalta syntyneet hupailut julkaistiin muutama viikko sitten netiss\u00e4. Videoilla Conan vierailee muun muassa berliinil\u00e4isell\u00e4 nudistirannalla ja kirpputorilla, sek\u00e4 ajaa legendaarisella Trabantilla sek\u00e4 hurjastelee saksalaisella bemarin ratissa autobaanalla.<\/p>\n<p style=\"text-align: justify;\">Video on hauska Conanin huumorista pit\u00e4v\u00e4lle ja my\u00f6s kiintoisan erilainen katsaus entisen kotikaupunkimme tuttuihin maisemiin. \ud83d\ude00<\/p>\n<p style=\"text-align: center;\"><iframe loading=\"lazy\" src=\"https:\/\/www.youtube-nocookie.com\/embed\/videoseries?list=PLVL8S3lUHf0Q8zKSG4ArjwlyWEd-RlRrA\" width=\"560\" height=\"315\" frameborder=\"0\" allowfullscreen=\"allowfullscreen\"><\/iframe><\/p>\n","protected":false},"excerpt":{"rendered":"<p>Amerikkalainen televisiokoomikko Conan O&#8217;Brien on suosittu henkil\u00f6 Suomessa, eik\u00e4 v\u00e4hiten vuoden 2006 Suomen matkansa j\u00e4ljilt\u00e4, joka sai tuolloin runsaasti huomiota kotimaan mediassa (&#8221;jee jee, Suomi mainittu!&#8221;). Conan on vieraillut kuvaustiimins\u00e4 kanssa toisinaan my\u00f6s t\u00e4\u00e4ll\u00e4 Kanadassa, ainakin Torontossa sek\u00e4 Quebeciss\u00e4, mutta Vancouverissa herraa ei ole ainakaan shownsa kanssa n\u00e4hty.<\/p>\n","protected":false},"author":1,"featured_media":8699,"comment_status":"open","ping_status":"open","sticky":false,"template":"","format":"standard","meta":{"_jetpack_memberships_contains_paid_content":false,"footnotes":""},"categories":[18,3],"tags":[49,1194,133,190],"class_list":["post-8698","post","type-post","status-publish","format-standard","has-post-thumbnail","hentry","category-arki-saksassa","category-arki-ulkomailla","tag-berliini","tag-conan-obrien","tag-hassua","tag-saksa"],"jetpack_featured_media_url":"https:\/\/www.vuosiamaailmalla.fi\/blog\/wp-content\/uploads\/conan_berliinissa_banner.jpg","jetpack_sharing_enabled":true,"_links":{"self":[{"href":"https:\/\/www.vuosiamaailmalla.fi\/blog\/wp-json\/wp\/v2\/posts\/8698","targetHints":{"allow":["GET"]}}],"collection":[{"href":"https:\/\/www.vuosiamaailmalla.fi\/blog\/wp-json\/wp\/v2\/posts"}],"about":[{"href":"https:\/\/www.vuosiamaailmalla.fi\/blog\/wp-json\/wp\/v2\/types\/post"}],"author":[{"embeddable":true,"href":"https:\/\/www.vuosiamaailmalla.fi\/blog\/wp-json\/wp\/v2\/users\/1"}],"replies":[{"embeddable":true,"href":"https:\/\/www.vuosiamaailmalla.fi\/blog\/wp-json\/wp\/v2\/comments?post=8698"}],"version-history":[{"count":0,"href":"https:\/\/www.vuosiamaailmalla.fi\/blog\/wp-json\/wp\/v2\/posts\/8698\/revisions"}],"wp:featuredmedia":[{"embeddable":true,"href":"https:\/\/www.vuosiamaailmalla.fi\/blog\/wp-json\/wp\/v2\/media\/8699"}],"wp:attachment":[{"href":"https:\/\/www.vuosiamaailmalla.fi\/blog\/wp-json\/wp\/v2\/media?parent=8698"}],"wp:term":[{"taxonomy":"category","embeddable":true,"href":"https:\/\/www.vuosiamaailmalla.fi\/blog\/wp-json\/wp\/v2\/categories?post=8698"},{"taxonomy":"post_tag","embeddable":true,"href":"https:\/\/www.vuosiamaailmalla.fi\/blog\/wp-json\/wp\/v2\/tags?post=8698"}],"curies":[{"name":"wp","href":"https:\/\/api.w.org\/{rel}","templated":true}]}}